{"id":202946,"date":"2025-06-25T10:05:09","date_gmt":"2025-06-25T10:05:09","guid":{"rendered":"https:\/\/www.europesays.com\/fr\/202946\/"},"modified":"2025-06-25T10:05:09","modified_gmt":"2025-06-25T10:05:09","slug":"a-t-on-encore-besoin-dune-vignette-critair-a-strasbourg","status":"publish","type":"post","link":"https:\/\/www.europesays.com\/fr\/202946\/","title":{"rendered":"a-t-on encore besoin d&rsquo;une vignette Crit&rsquo;Air \u00e0 Strasbourg\u00a0?"},"content":{"rendered":"<p>            Par<br \/>\n        <strong><br \/>\n            <a href=\"https:\/\/actu.fr\/auteur\/ivan-capecchi\" title=\"Consulter tous les articles de Ivan CAPECCHI\" target=\"_blank\" rel=\"noopener\">Ivan CAPECCHI<\/a><br \/>\n        <\/strong><\/p>\n<p>        Publi\u00e9 le<\/p>\n<p>            25 juin 2025 \u00e0 11h30        <\/p>\n<p>Le 28\u00a0mai 2025, un <a href=\"https:\/\/actu.fr\/societe\/la-fin-des-zfe-l-assemblee-nationale-approuve-leur-suppression_62704219.html\" target=\"_blank\" rel=\"noopener\">amendement adopt\u00e9 \u00e0 l\u2019Assembl\u00e9e nationale<\/a> a act\u00e9 la suppression pure et simple du cadre l\u00e9gal encadrant les <a href=\"https:\/\/actu.fr\/tag\/zone-a-faibles-emissions-zfe\" target=\"_blank\" rel=\"noopener\">Zones \u00e0 faibles \u00e9missions (ZFE)<\/a> en France. Un vote aux cons\u00e9quences imm\u00e9diates sur le plan symbolique, <strong>mais encore floues juridiquement<\/strong>, qui a pris de court de nombreuses collectivit\u00e9s.<\/p>\n<p>Fin annonc\u00e9e des ZFE\u2009: ce que l\u2019on sait \u00e0 ce stade<\/p>\n<p class=\" wall-content\">Les d\u00e9put\u00e9s ont valid\u00e9 cette suppression dans le cadre de la <strong>loi \u00ab\u2009simplification de la vie \u00e9conomique\u2009\u00bb<\/strong>. L\u2019<strong>amendement 15\u202fter<\/strong> abroge les articles permettant la cr\u00e9ation, le contr\u00f4le et la r\u00e9pression des ZFE\u2011m, ainsi que toute mention dans les codes concern\u00e9s.<\/p>\n<p class=\" wall-content\">Mais <strong>rien n\u2019est encore d\u00e9finitif<\/strong>\u2009: le texte doit encore passer en commission, faire l\u2019objet d\u2019un vote final, et pourrait surtout \u00eatre <strong>retoqu\u00e9 par le Conseil constitutionnel<\/strong>, au motif de \u00ab<strong>\u2009cavalier l\u00e9gislatif<\/strong>\u2009\u00bb, la disposition \u00e9tant sans lien direct avec l\u2019objet principal de la loi.<\/p>\n<p>\u00c0 Strasbourg, la ZFE toujours bien en vigueur<\/p>\n<p class=\" wall-content\">Qu\u2019en est-il localement\u2009? A-t-on encore besoin d\u2019une <a href=\"https:\/\/actu.fr\/grand-est\/strasbourg_67482\/zfe-adoptee-a-strasbourg-comment-obtenir-sa-vignette-crit-air-et-combien-ca-coute_45743912.html\" target=\"_blank\" rel=\"noopener\">vignette Crit\u2019Air<\/a> \u00e0 Strasbourg\u2009? Pour y voir plus clair, nous avons sollicit\u00e9 l\u2019<strong>Agence du climat<\/strong>, un guichet unique lanc\u00e9 en 2021 par l\u2019Eurom\u00e9tropole afin d\u2019accompagner les habitants dans leurs d\u00e9marches li\u00e9es \u00e0 la ZFE.<\/p>\n<p class=\" wall-content\">Selon Agathe Collard, responsable du p\u00f4le mobilit\u00e9 d\u00e9carbon\u00e9e, <strong>la zone est toujours active \u00e0 Strasbourg<\/strong> et \u00ab\u2009les \u00e9tapes \u00e0 venir ne sont pas remises en question\u2026 m\u00eame si elles sont questionn\u00e9es\u2009\u00bb, conc\u00e8de-t-elle.<\/p>\n<p>Vid\u00e9os : en ce moment sur Actu<\/p>\n<p class=\" wall-content\">L\u2019<strong>interdiction des v\u00e9hicules Crit\u2019Air 3<\/strong> est toujours pr\u00e9vue pour le <strong>1\u1d49\u02b3 janvier\u00a02027<\/strong>, celle des<strong> Crit\u2019Air 2<\/strong> pour le <strong>1\u1d49\u02b3 janvier\u00a02028<\/strong>*. En pratique, la mise en \u0153uvre reste <strong>p\u00e9dagogique<\/strong>, <strong>en l\u2019absence d\u2019outils de contr\u00f4le automatique que l\u2019\u00c9tat n\u2019a jamais fournis<\/strong>.<\/p>\n<p>Une communication confuse depuis longtemps<\/p>\n<p class=\" wall-content\">L\u2019annonce nationale du mois dernier repr\u00e9sente un dernier clou dans le cercueil d\u2019une communication d\u00e9j\u00e0 mise \u00e0 mal par le pass\u00e9.<\/p>\n<p class=\" wall-content\">En f\u00e9vrier\u00a02024, une <strong>confusion m\u00e9diatique<\/strong> avait suivi des d\u00e9clarations de <a href=\"https:\/\/actu.fr\/grand-est\/strasbourg_67482\/pia-imbs-presidente-de-l-eurometropole-de-strasbourg-ne-briguera-pas-de-nouveau-mandat-voici-pourquoi_62767929.html\" target=\"_blank\" rel=\"noopener\">Pia Imbs<\/a> apr\u00e8s l\u2019annonce d\u2019une <strong>am\u00e9lioration de la qualit\u00e9 de l\u2019air<\/strong> dans l\u2019Eurom\u00e9tropole. \u00c0 la suite d\u2019un article des DNA r\u00e9v\u00e9lant que la concentration de dioxyde d\u2019azote (NO2) mesur\u00e9e dans l\u2019Eurom\u00e9tropole de Strasbourg \u00e9tait pass\u00e9e sous la limite r\u00e9glementaire, plusieurs m\u00e9dias avaient annonc\u00e9 \u00e0 tort la <a href=\"https:\/\/actu.fr\/grand-est\/strasbourg_67482\/la-zfe-de-strasbourg-est-elle-suspendue-oui-ou-non-on-fait-le-point_60673376.html\" target=\"_blank\" rel=\"noopener\">suspension de la ZFE<\/a>. Pia Imbs elle-m\u00eame avait affirm\u00e9 que la m\u00e9tropole <strong>n\u2019\u00e9tait plus \u00ab\u2009un territoire ZFE\u2009\u00bb<\/strong>, avant de pr\u00e9ciser que <strong>la zone restait active, mais en \u00ab\u2009mode p\u00e9dagogique\u2009\u00bb<\/strong>.<\/p>\n<p class=\" wall-content\">La m\u00eame ann\u00e9e, <a href=\"https:\/\/actu.fr\/grand-est\/strasbourg_67482\/zfe-a-strasbourg-l-interdiction-des-vehicules-crit-air-3-repoussee-de-deux-ans_61619489.html\" target=\"_blank\" rel=\"noopener\">l\u2019interdiction des Crit\u2019Air 3 avait \u00e9t\u00e9 repouss\u00e9e au 1\u1d49\u02b3 janvier\u00a02027<\/a>, <strong>brouillant davantage le calendrier<\/strong>.<\/p>\n<p class=\" wall-content\">Autre \u00e9l\u00e9ment de confusion\u2009: la <strong>suppression de la prime \u00e0 la conversion<\/strong> par l\u2019\u00c9tat en d\u00e9cembre\u00a02024. \u00ab\u2009<strong>Cela avait g\u00e9n\u00e9r\u00e9 beaucoup d\u2019appels \u00e0 l\u2019Agence du climat<\/strong>\u2009\u00bb, se souvient Mme Collard. Elle rappelle que les aides locales, elles, <strong>sont toujours accessibles tant que l\u2019enveloppe globale de 50\u00a0millions d\u2019euros n\u2019est pas \u00e9puis\u00e9e<\/strong>.<\/p>\n<p>\u00ab\u2009Un signal d\u00e9l\u00e9t\u00e8re\u2009\u00bb<\/p>\n<p class=\" wall-content\">En r\u00e9sum\u00e9\u2009: \u00e0 Strasbourg, la <strong>ZFE est toujours en place<\/strong>, mais uniquement sous forme <strong>p\u00e9dagogique<\/strong>, sans contr\u00f4les syst\u00e9matiques. L\u2019annonce d\u2019une suppression nationale n\u2019a fait qu\u2019accentuer la perte de rep\u00e8res.<\/p>\n<p class=\" wall-content\">\u00ab\u2009<strong>Cela envoie un signal d\u00e9l\u00e9t\u00e8re<\/strong>\u2009\u00bb, r\u00e9agit Jeanne Barseghian, maire Les \u00c9cologistes de Strasbourg. \u00ab\u2009Le fait d\u2019annoncer la suppression des ZFE cr\u00e9e beaucoup de confusion. Ce que me disent les habitants ou les entreprises, qu\u2019ils y adh\u00e8rent ou non, <strong>c\u2019est qu\u2019ils ont besoin de visibilit\u00e9<\/strong>. Les uns veulent savoir s\u2019ils devront changer de v\u00e9hicule ou passer au compte mobilit\u00e9, les autres doivent pouvoir anticiper leurs investissements pour adapter leur flotte de v\u00e9hicules\u2009\u00bb, ajoute l\u2019\u00e9lue.<\/p>\n<p class=\" wall-content\">*Fin 2026, la collectivit\u00e9 pr\u00e9voit de refaire un point pour se positionner sur l\u2019interdiction des Crit\u2019Air 2.<\/p>\n<p class=\" wall-content\">Suivez toute l\u2019actualit\u00e9 de vos villes et m\u00e9dias favoris en vous inscrivant \u00e0 <a href=\"https:\/\/moncompte.actu.fr\" title=\"D\u00e9couvez Mon Actu\" rel=\"nofollow noopener\" data-trk=\"{&quot;cta&quot;:{&quot;action&quot;:&quot;https:\\\/\\\/moncompte.actu.fr&quot;,&quot;category&quot;:&quot;mon compte&quot;,&quot;from&quot;:&quot;article footer&quot;,&quot;name&quot;:&quot;Mon actu&quot;,&quot;type&quot;:&quot;cta&quot;}}\" target=\"_blank\">Mon Actu<\/a>.<\/p>\n<ul class=\"ac-article-tag wall-content\">\n<li><a href=\"https:\/\/actu.fr\/tag\/zone-a-faibles-emissions-zfe\" data-trk=\"{&quot;cta&quot;:{&quot;action&quot;:&quot;Zone \\u00e0 faibles \\u00e9missions (ZFE)&quot;,&quot;category&quot;:&quot;tag&quot;,&quot;from&quot;:&quot;article footer&quot;,&quot;name&quot;:&quot;Zone \\u00e0 faibles \\u00e9missions (ZFE)&quot;,&quot;type&quot;:&quot;cta&quot;}}\" target=\"_blank\" rel=\"noopener\">#Zone \u00e0 faibles \u00e9missions (ZFE)<\/a><\/li>\n<\/ul>\n","protected":false},"excerpt":{"rendered":"Par Ivan CAPECCHI Publi\u00e9 le 25 juin 2025 \u00e0 11h30 Le 28\u00a0mai 2025, un amendement adopt\u00e9 \u00e0 l\u2019Assembl\u00e9e&hellip;\n","protected":false},"author":2,"featured_media":202947,"comment_status":"","ping_status":"","sticky":false,"template":"","format":"standard","meta":{"footnotes":""},"categories":[2820],"tags":[1111,11,1777,674,1011,27,775,12,25,104,640,2433],"class_list":{"0":"post-202946","1":"post","2":"type-post","3":"status-publish","4":"format-standard","5":"has-post-thumbnail","7":"category-strasbourg","8":"tag-actu","9":"tag-actualites","10":"tag-eu","11":"tag-europe","12":"tag-fr","13":"tag-france","14":"tag-grand-est","15":"tag-news","16":"tag-republique-francaise","17":"tag-societe","18":"tag-strasbourg","19":"tag-zone-a-faibles-emissions-zfe"},"share_on_mastodon":{"url":"https:\/\/pubeurope.com\/@fr\/114743445115933503","error":""},"_links":{"self":[{"href":"https:\/\/www.europesays.com\/fr\/wp-json\/wp\/v2\/posts\/202946","targetHints":{"allow":["GET"]}}],"collection":[{"href":"https:\/\/www.europesays.com\/fr\/wp-json\/wp\/v2\/posts"}],"about":[{"href":"https:\/\/www.europesays.com\/fr\/wp-json\/wp\/v2\/types\/post"}],"author":[{"embeddable":true,"href":"https:\/\/www.europesays.com\/fr\/wp-json\/wp\/v2\/users\/2"}],"replies":[{"embeddable":true,"href":"https:\/\/www.europesays.com\/fr\/wp-json\/wp\/v2\/comments?post=202946"}],"version-history":[{"count":0,"href":"https:\/\/www.europesays.com\/fr\/wp-json\/wp\/v2\/posts\/202946\/revisions"}],"wp:featuredmedia":[{"embeddable":true,"href":"https:\/\/www.europesays.com\/fr\/wp-json\/wp\/v2\/media\/202947"}],"wp:attachment":[{"href":"https:\/\/www.europesays.com\/fr\/wp-json\/wp\/v2\/media?parent=202946"}],"wp:term":[{"taxonomy":"category","embeddable":true,"href":"https:\/\/www.europesays.com\/fr\/wp-json\/wp\/v2\/categories?post=202946"},{"taxonomy":"post_tag","embeddable":true,"href":"https:\/\/www.europesays.com\/fr\/wp-json\/wp\/v2\/tags?post=202946"}],"curies":[{"name":"wp","href":"https:\/\/api.w.org\/{rel}","templated":true}]}}