{"id":202948,"date":"2025-06-25T10:06:12","date_gmt":"2025-06-25T10:06:12","guid":{"rendered":"https:\/\/www.europesays.com\/fr\/202948\/"},"modified":"2025-06-25T10:06:12","modified_gmt":"2025-06-25T10:06:12","slug":"meteo-la-france-frappee-par-une-canicule-pourquoi-nice-est-epargnee","status":"publish","type":"post","link":"https:\/\/www.europesays.com\/fr\/202948\/","title":{"rendered":"M\u00e9t\u00e9o. La France frapp\u00e9e par une canicule : pourquoi Nice est \u00e9pargn\u00e9e\u00a0?"},"content":{"rendered":"<p>            Par<br \/>\n        <strong><br \/>\n            <a href=\"https:\/\/actu.fr\/auteur\/ugo-maillard\" title=\"Consulter tous les articles de Ugo Maillard\" rel=\"nofollow noopener\" target=\"_blank\">Ugo Maillard<\/a><br \/>\n        <\/strong><\/p>\n<p>        Publi\u00e9 le<\/p>\n<p>            25 juin 2025 \u00e0 11h50        <\/p>\n<p>Nul ne peut l\u2019ignorer, ces derniers jours ont \u00e9t\u00e9 marqu\u00e9s par des temp\u00e9ratures particuli\u00e8rement \u00e9lev\u00e9es dans les <a href=\"https:\/\/actu.fr\/provence-alpes-cote-d-azur\/alpes-maritimes_06\" rel=\"nofollow noopener\" target=\"_blank\">Alpes-Maritimes<\/a>. Une chaleur qui, contrairement \u00e0 une immense partie de la France, n\u2019a jamais n\u00e9cessit\u00e9 l\u2019activation de <strong>vigilance canicule<\/strong> par les services m\u00e9t\u00e9orologiques. Le<a href=\"https:\/\/actu.fr\/meteo\/carte-canicule-en-france-a-partir-de-quelle-temperature-l-alerte-est-declenchee-dans-votre-departement_62779253.html\" rel=\"nofollow noopener\" target=\"_blank\"> seuil des temp\u00e9ratures<\/a> pour que la canicule soit officielle dans les Alpes-Maritimes est de 31\u00b0C en journ\u00e9e et de 24\u00b0C la nuit.<\/p>\n<p class=\" wall-content\">De mani\u00e8re assez contre-intuitive, les temp\u00e9ratures relev\u00e9es sur la C\u00f4te d\u2019Azur sont bien en de\u00e7\u00e0 des maximales constat\u00e9es \u00e0 Lyon, Paris ou encore Toulouse. Malgr\u00e9 tout, les maximales \u00e0 Nice sont plus \u00e9lev\u00e9es en ce mois de juin\u00a02025 que les normales de saison.<\/p>\n<p class=\" wall-content\">Guillaume S\u00e9chet, m\u00e9t\u00e9orologue et fondateur de <a href=\"https:\/\/www.meteo-villes.com\/\" rel=\"nofollow noopener\" target=\"_blank\">M\u00e9t\u00e9o Villes<\/a>, livre des raisons qui peuvent expliquer cette <strong>diff\u00e9rence de temp\u00e9ratures<\/strong>.<\/p>\n<p>Deux ph\u00e9nom\u00e8nes qui se m\u00ealent<\/p>\n<p class=\" wall-content\">Depuis le d\u00e9but du mois de juin\u00a02025, les temp\u00e9ratures n\u2019exc\u00e8dent que rarement les 30\u00a0\u00b0C \u00e0 Nice. Idem sur les villes du littoral. Un constat qui peut surprendre puisqu\u2019on serait tent\u00e9 d\u2019assimiler le sud de la France, et en particulier la C\u00f4te d\u2019Azur, \u00e0 de fortes chaleurs estivales.<\/p>\n<p class=\" wall-content\">Mais cette diff\u00e9rence entre le littoral azur\u00e9en et le reste de la France<strong> n\u2019est pas due au hasard<\/strong>. \u00ab\u2009Ce n\u2019est pas un ph\u00e9nom\u00e8ne nouveau et on trouve des explications tout \u00e0 fait logiques\u2009\u00bb, assure Guillaume S\u00e9chet.<\/p>\n<p class=\" wall-content\">Interrog\u00e9 par <a href=\"https:\/\/actu.fr\/nice\/\" rel=\"nofollow noopener\" target=\"_blank\">actu Nice<\/a>, le m\u00e9t\u00e9orologue donne deux \u00e9l\u00e9ments\u2009: \u00ab\u2009La diff\u00e9rence de temp\u00e9rature avec le reste de la France vient de la proximit\u00e9 des Alpes et du fait qu\u2019une brise marine souffle r\u00e9guli\u00e8rement sur la C\u00f4te d\u2019Azur\u2009\u00bb.<\/p>\n<p class=\" wall-content\">Il est important de mentionner que la <strong>combinaison des deux facteurs<\/strong> permet d\u2019expliquer ces \u00e9carts. Pour preuve, pr\u00e8s de Marseille, qui b\u00e9n\u00e9ficie pourtant de la brise marine, on rel\u00e8ve plus de 35\u00b0C localement.<\/p>\n<p class=\" wall-content\">\n<p>Pr\u00e8s de 10\u00b0C d\u2019\u00e9cart entre Nice et la maximale en France<\/p>\n<p class=\" wall-content\">Prenons l\u2019exemple de ce samedi 21\u00a0juin 2025. <a href=\"https:\/\/actu.fr\/meteo\/canicule-les-40-c-froles-ce-samedi-en-france-decouvrez-combien-il-a-fait-pres-de-chez-vous-dans-notre-carte_62806911.html\" rel=\"nofollow noopener\" target=\"_blank\">Actu.fr a r\u00e9alis\u00e9 une carte<\/a> permettant de comparer les maximales du jour dans les plus grandes villes fran\u00e7aises.<\/p>\n<p class=\" wall-content\">\u00c0 Nice, la temp\u00e9rature la plus \u00e9lev\u00e9e \u00e9tait de <strong>29,5\u00b0C<\/strong>. Une valeur bien inf\u00e9rieure au record historique d\u2019un mois de juin avec 36,8\u00b0C en 1945.<\/p>\n<blockquote class=\"ac-article-quote wall-content\">\n<p>Des valeurs tr\u00e8s \u00e9lev\u00e9es ont \u00e9t\u00e9 relev\u00e9es dans toute la moiti\u00e9 ouest du pays, avec un record de 39,4\u00b0C pour Carcassonne.\u00a0Surtout, des temp\u00e9ratures tr\u00e8s \u00e9lev\u00e9es ont \u00e9t\u00e9 enregistr\u00e9es dans la moiti\u00e9 nord du pays, comme \u00e0 Niort (Deux-S\u00e8vres), o\u00f9 il a fait jusqu\u2019\u00e0 38,3\u00b0C, Poitiers (Vienne) avec 37,1\u00b0C, ou encore \u00e0 Rennes (Ille-et-Vilaine) et ses 36,8\u00b0C.\u00a0<\/p>\n<p>    <strong>Actu.fr<\/strong>\n            <\/p><\/blockquote>\n<p class=\" wall-content\">Il est \u00e9videmment important de pr\u00e9ciser que de futurs \u00e9pisodes caniculaires sont possibles sur les Alpes-Maritimes et Nice lors de cet \u00e9t\u00e9 2025.<\/p>\n<p class=\" wall-content\">Suivez toute l\u2019actualit\u00e9 de vos villes et m\u00e9dias favoris en vous inscrivant \u00e0 <a href=\"https:\/\/moncompte.actu.fr\" title=\"D\u00e9couvez Mon Actu\" rel=\"nofollow noopener\" data-trk=\"{&quot;cta&quot;:{&quot;action&quot;:&quot;https:\\\/\\\/moncompte.actu.fr&quot;,&quot;category&quot;:&quot;mon compte&quot;,&quot;from&quot;:&quot;article footer&quot;,&quot;name&quot;:&quot;Mon actu&quot;,&quot;type&quot;:&quot;cta&quot;}}\" target=\"_blank\">Mon Actu<\/a>.<\/p>\n","protected":false},"excerpt":{"rendered":"Par Ugo Maillard Publi\u00e9 le 25 juin 2025 \u00e0 11h50 Nul ne peut l\u2019ignorer, ces derniers jours ont&hellip;\n","protected":false},"author":2,"featured_media":202949,"comment_status":"","ping_status":"","sticky":false,"template":"","format":"standard","meta":{"footnotes":""},"categories":[2819],"tags":[1111,11,6698,1777,674,1011,27,2487,2357,12,2401,882,25],"class_list":{"0":"post-202948","1":"post","2":"type-post","3":"status-publish","4":"format-standard","5":"has-post-thumbnail","7":"category-nice","8":"tag-actu","9":"tag-actualites","10":"tag-canicule","11":"tag-eu","12":"tag-europe","13":"tag-fr","14":"tag-france","15":"tag-meteo","16":"tag-meteo-france","17":"tag-news","18":"tag-nice","19":"tag-provence-alpes-cote-dazur","20":"tag-republique-francaise"},"share_on_mastodon":{"url":"https:\/\/pubeurope.com\/@fr\/114743448907368916","error":""},"_links":{"self":[{"href":"https:\/\/www.europesays.com\/fr\/wp-json\/wp\/v2\/posts\/202948","targetHints":{"allow":["GET"]}}],"collection":[{"href":"https:\/\/www.europesays.com\/fr\/wp-json\/wp\/v2\/posts"}],"about":[{"href":"https:\/\/www.europesays.com\/fr\/wp-json\/wp\/v2\/types\/post"}],"author":[{"embeddable":true,"href":"https:\/\/www.europesays.com\/fr\/wp-json\/wp\/v2\/users\/2"}],"replies":[{"embeddable":true,"href":"https:\/\/www.europesays.com\/fr\/wp-json\/wp\/v2\/comments?post=202948"}],"version-history":[{"count":0,"href":"https:\/\/www.europesays.com\/fr\/wp-json\/wp\/v2\/posts\/202948\/revisions"}],"wp:featuredmedia":[{"embeddable":true,"href":"https:\/\/www.europesays.com\/fr\/wp-json\/wp\/v2\/media\/202949"}],"wp:attachment":[{"href":"https:\/\/www.europesays.com\/fr\/wp-json\/wp\/v2\/media?parent=202948"}],"wp:term":[{"taxonomy":"category","embeddable":true,"href":"https:\/\/www.europesays.com\/fr\/wp-json\/wp\/v2\/categories?post=202948"},{"taxonomy":"post_tag","embeddable":true,"href":"https:\/\/www.europesays.com\/fr\/wp-json\/wp\/v2\/tags?post=202948"}],"curies":[{"name":"wp","href":"https:\/\/api.w.org\/{rel}","templated":true}]}}