{"id":202950,"date":"2025-06-25T10:07:10","date_gmt":"2025-06-25T10:07:10","guid":{"rendered":"https:\/\/www.europesays.com\/fr\/202950\/"},"modified":"2025-06-25T10:07:10","modified_gmt":"2025-06-25T10:07:10","slug":"pres-de-nice-un-conducteur-de-bus-violemment-agresse-en-etat-de-choc","status":"publish","type":"post","link":"https:\/\/www.europesays.com\/fr\/202950\/","title":{"rendered":"Pr\u00e8s de Nice. Un conducteur de bus violemment agress\u00e9 : \u00ab\u00a0En \u00e9tat de choc\u00a0\u00bb"},"content":{"rendered":"<p>            Par<br \/>\n        <strong><br \/>\n            <a href=\"https:\/\/actu.fr\/auteur\/ugo-maillard\" title=\"Consulter tous les articles de Ugo Maillard\" rel=\"nofollow noopener\" target=\"_blank\">Ugo Maillard<\/a><br \/>\n        <\/strong><\/p>\n<p>        Publi\u00e9 le<\/p>\n<p>            25 juin 2025 \u00e0 11h00        <\/p>\n<p>Une violente <strong>agression<\/strong> s\u2019est produite sur le r\u00e9seau de transport en commun de la M\u00e9tropole de <a href=\"https:\/\/actu.fr\/nice\/\" rel=\"nofollow noopener\" target=\"_blank\">Nice<\/a>. Un <strong>conducteur de bus<\/strong> des Lignes d\u2019Azur a \u00e9t\u00e9 pris \u00e0 partie par un individu ce mercredi 25\u00a0juin 2025.<\/p>\n<p class=\" wall-content\">Les faits se sont produits aux alentours du 7h du matin sur la commune de Saint-Laurent-du-Var (<a href=\"https:\/\/actu.fr\/provence-alpes-cote-d-azur\/alpes-maritimes_06\" rel=\"nofollow noopener\" target=\"_blank\">Alpes-Maritimes<\/a>).<\/p>\n<p>    <a href=\"https:\/\/www.google.com\/maps\/embed?pb=!1m18!1m12!1m3!1d46162.54264778089!2d7.14081794256897!3d43.686459501445206!2m3!1f0!2f0!3f0!3m2!1i1024!2i768!4f13.1!3m3!1m2!1s0x12cdd186dcf94659%3A0x40819a5fd979840!2sSaint-Laurent-du-Var!5e0!3m2!1sfr!2sfr!4v1750841581665!5m2!1sfr!2sfr\" title=\"Ouvrie le lien\" rel=\"nofollow noopener\" target=\"_blank\">Cliquez ici pour visualiser le contenu<\/a><\/p>\n<p class=\" wall-content\">L\u2019auteur des faits est en fuite et est activement recherch\u00e9 par les forces de l\u2019ordre. Ga\u00ebl Nofri, \u00e9lu en charge des transports \u00e0 la M\u00e9tropole Nice C\u00f4te d\u2019Azur, indique qu\u2019une plainte va \u00eatre d\u00e9pos\u00e9e dans la journ\u00e9e.<\/p>\n<p>Hospitalis\u00e9 en \u00e9tat de choc<\/p>\n<p class=\" wall-content\">Selon les premi\u00e8res informations communiqu\u00e9es, le conducteur, en \u00e9tat de choc, a \u00e9t\u00e9 pris en charge par les secours. Ce dernier a \u00e9t\u00e9 <strong>hospitalis\u00e9<\/strong>.<\/p>\n<p>Vid\u00e9os : en ce moment sur Actu<\/p>\n<p class=\" wall-content\">\u00ab\u2009Je veux t\u00e9moigner mon total soutien \u00e0 ce conducteur ainsi qu\u2019\u00e0 l\u2019ensemble de la profession, victime au quotidien de comportements et d\u2019agressions inacceptables\u2009: ils sont au service du public, le public leur doit s\u00e9curit\u00e9 et respect\u2009\u00bb, a d\u00e9nonc\u00e9 Ga\u00ebl Nofri.<\/p>\n<p class=\" wall-content\">Suivez toute l\u2019actualit\u00e9 de vos villes et m\u00e9dias favoris en vous inscrivant \u00e0 <a href=\"https:\/\/moncompte.actu.fr\" title=\"D\u00e9couvez Mon Actu\" rel=\"nofollow noopener\" data-trk=\"{&quot;cta&quot;:{&quot;action&quot;:&quot;https:\\\/\\\/moncompte.actu.fr&quot;,&quot;category&quot;:&quot;mon compte&quot;,&quot;from&quot;:&quot;article footer&quot;,&quot;name&quot;:&quot;Mon actu&quot;,&quot;type&quot;:&quot;cta&quot;}}\" target=\"_blank\">Mon Actu<\/a>.<\/p>\n","protected":false},"excerpt":{"rendered":"Par Ugo Maillard Publi\u00e9 le 25 juin 2025 \u00e0 11h00 Une violente agression s\u2019est produite sur le r\u00e9seau&hellip;\n","protected":false},"author":2,"featured_media":202951,"comment_status":"","ping_status":"","sticky":false,"template":"","format":"standard","meta":{"footnotes":""},"categories":[2819],"tags":[1111,11,1777,674,118,1011,27,14554,12,2401,1072,882,25,2803],"class_list":{"0":"post-202950","1":"post","2":"type-post","3":"status-publish","4":"format-standard","5":"has-post-thumbnail","7":"category-nice","8":"tag-actu","9":"tag-actualites","10":"tag-eu","11":"tag-europe","12":"tag-faits-divers","13":"tag-fr","14":"tag-france","15":"tag-lignes-dazur","16":"tag-news","17":"tag-nice","18":"tag-police","19":"tag-provence-alpes-cote-dazur","20":"tag-republique-francaise","21":"tag-transport"},"share_on_mastodon":{"url":"https:\/\/pubeurope.com\/@fr\/114743453098161648","error":""},"_links":{"self":[{"href":"https:\/\/www.europesays.com\/fr\/wp-json\/wp\/v2\/posts\/202950","targetHints":{"allow":["GET"]}}],"collection":[{"href":"https:\/\/www.europesays.com\/fr\/wp-json\/wp\/v2\/posts"}],"about":[{"href":"https:\/\/www.europesays.com\/fr\/wp-json\/wp\/v2\/types\/post"}],"author":[{"embeddable":true,"href":"https:\/\/www.europesays.com\/fr\/wp-json\/wp\/v2\/users\/2"}],"replies":[{"embeddable":true,"href":"https:\/\/www.europesays.com\/fr\/wp-json\/wp\/v2\/comments?post=202950"}],"version-history":[{"count":0,"href":"https:\/\/www.europesays.com\/fr\/wp-json\/wp\/v2\/posts\/202950\/revisions"}],"wp:featuredmedia":[{"embeddable":true,"href":"https:\/\/www.europesays.com\/fr\/wp-json\/wp\/v2\/media\/202951"}],"wp:attachment":[{"href":"https:\/\/www.europesays.com\/fr\/wp-json\/wp\/v2\/media?parent=202950"}],"wp:term":[{"taxonomy":"category","embeddable":true,"href":"https:\/\/www.europesays.com\/fr\/wp-json\/wp\/v2\/categories?post=202950"},{"taxonomy":"post_tag","embeddable":true,"href":"https:\/\/www.europesays.com\/fr\/wp-json\/wp\/v2\/tags?post=202950"}],"curies":[{"name":"wp","href":"https:\/\/api.w.org\/{rel}","templated":true}]}}