{"id":202952,"date":"2025-06-25T10:08:41","date_gmt":"2025-06-25T10:08:41","guid":{"rendered":"https:\/\/www.europesays.com\/fr\/202952\/"},"modified":"2025-06-25T10:08:41","modified_gmt":"2025-06-25T10:08:41","slug":"a-lopera-une-creation-nantaise-pour-la-defense-de-la-planete","status":"publish","type":"post","link":"https:\/\/www.europesays.com\/fr\/202952\/","title":{"rendered":"A l\u2019op\u00e9ra, une cr\u00e9ation nantaise pour la d\u00e9fense de la plan\u00e8te"},"content":{"rendered":"<p><a href=\"https:\/\/nantes.maville.com\/actu\/actudet_-guillaume-hazebrouck-cree-un-opera-engage-_52716-6834025_actu.Htm?utm_source=troove&amp;utm_medium=site\" target=\"_blank\" rel=\"nofollow noopener\">Le musicien nantais Guillaume Hazebrouck, <\/a>\u00e0 qui l\u2019on devait l\u2019op\u00e9ra Les Sauvages en 2021 s\u2019est remis au travail voil\u00e0 plus d\u2019un an autour de ce nouveau projet d\u2019op\u00e9ra. Il a choisi le texte d\u2019une po\u00e9tesse et universitaire sud-africaine Antjie Krog intitul\u00e9 Messe pour une plan\u00e8te fragile. Dans cette belle aventure musicale, valid\u00e9e par le directeur d\u2019Angers Nantes op\u00e9ra Alain Surrans, celui qui est aussi le cr\u00e9ateur de la compagnie Frasques a embarqu\u00e9 plusieurs ch\u0153urs enfants et adultes, dont le Petit Ch\u0153ur nantais et un ch\u0153ur compos\u00e9 de femmes du quartier de la Botti\u00e8re. Ajoutons la chanteuse b\u00e9ninoise Nayel Hoxo, l\u2019ensemble Frasques.   \u00a0C\u2019est une messe qui parle des enjeux \u00e9cologiques et qui est pleine d\u2019humanit\u00e9\u00a0, indique le compositeur, \u00a0un plaidoyer en faveur de notre plan\u00e8te menac\u00e9e par la haine\u00a0\u00bb. <\/p>\n<p>Les concerts auront lieu mardi 24 juin \u00e0 14 h 30 (scolaire), mercredi 25\u00a0juin (18\u00a0h) et jeudi 26\u00a0juin (20\u00a0h) au th\u00e9\u00e2tre Graslin. <a href=\"https:\/\/billetterie.angers-nantes-opera.com\/catalogue_spectacle?lng=1\" target=\"_self\" rel=\"nofollow noopener\">Billetterie sur le site d\u2019Angers Nantes op\u00e9ra.<\/a><\/p>\n<p>\u00a0<\/p>\n","protected":false},"excerpt":{"rendered":"Le musicien nantais Guillaume Hazebrouck, \u00e0 qui l\u2019on devait l\u2019op\u00e9ra Les Sauvages en 2021 s\u2019est remis au travail&hellip;\n","protected":false},"author":2,"featured_media":202953,"comment_status":"","ping_status":"","sticky":false,"template":"","format":"standard","meta":{"footnotes":""},"categories":[2818],"tags":[1111,11,4942,554,1777,674,1011,27,7127,766,12,7165,2636,52,25],"class_list":{"0":"post-202952","1":"post","2":"type-post","3":"status-publish","4":"format-standard","5":"has-post-thumbnail","7":"category-nantes","8":"tag-actu","9":"tag-actualites","10":"tag-creation","11":"tag-defense","12":"tag-eu","13":"tag-europe","14":"tag-fr","15":"tag-france","16":"tag-nantaise","17":"tag-nantes","18":"tag-news","19":"tag-opera","20":"tag-pays-de-la-loire","21":"tag-planete","22":"tag-republique-francaise"},"share_on_mastodon":{"url":"https:\/\/pubeurope.com\/@fr\/114743456804504364","error":""},"_links":{"self":[{"href":"https:\/\/www.europesays.com\/fr\/wp-json\/wp\/v2\/posts\/202952","targetHints":{"allow":["GET"]}}],"collection":[{"href":"https:\/\/www.europesays.com\/fr\/wp-json\/wp\/v2\/posts"}],"about":[{"href":"https:\/\/www.europesays.com\/fr\/wp-json\/wp\/v2\/types\/post"}],"author":[{"embeddable":true,"href":"https:\/\/www.europesays.com\/fr\/wp-json\/wp\/v2\/users\/2"}],"replies":[{"embeddable":true,"href":"https:\/\/www.europesays.com\/fr\/wp-json\/wp\/v2\/comments?post=202952"}],"version-history":[{"count":0,"href":"https:\/\/www.europesays.com\/fr\/wp-json\/wp\/v2\/posts\/202952\/revisions"}],"wp:featuredmedia":[{"embeddable":true,"href":"https:\/\/www.europesays.com\/fr\/wp-json\/wp\/v2\/media\/202953"}],"wp:attachment":[{"href":"https:\/\/www.europesays.com\/fr\/wp-json\/wp\/v2\/media?parent=202952"}],"wp:term":[{"taxonomy":"category","embeddable":true,"href":"https:\/\/www.europesays.com\/fr\/wp-json\/wp\/v2\/categories?post=202952"},{"taxonomy":"post_tag","embeddable":true,"href":"https:\/\/www.europesays.com\/fr\/wp-json\/wp\/v2\/tags?post=202952"}],"curies":[{"name":"wp","href":"https:\/\/api.w.org\/{rel}","templated":true}]}}