{"id":202958,"date":"2025-06-25T10:11:13","date_gmt":"2025-06-25T10:11:13","guid":{"rendered":"https:\/\/www.europesays.com\/fr\/202958\/"},"modified":"2025-06-25T10:11:13","modified_gmt":"2025-06-25T10:11:13","slug":"deux-motards-poursuivis-pour-homicide-involontaire-aggrave-apres-un-rodeo-urbain-mortel","status":"publish","type":"post","link":"https:\/\/www.europesays.com\/fr\/202958\/","title":{"rendered":"deux motards poursuivis pour \u00abhomicide involontaire aggrav\u00e9\u00bb apr\u00e8s un rod\u00e9o urbain mortel"},"content":{"rendered":"<p>Huit mois apr\u00e8s le d\u00e9c\u00e8s d\u2019une jeune femme de 20 ans lors d\u2019un rod\u00e9o urbain pr\u00e8s de Bassens en novembre, les deux motards impliqu\u00e9s dans la collision ont \u00e9t\u00e9 pr\u00e9sent\u00e9s \u00e0 la justice pour \u00abhomicide involontaire aggrav\u00e9\u00bb.<\/p>\n<p class=\"fig-paragraph\">Deux motards, impliqu\u00e9s dans\u00a0<a href=\"http:\/\/www.lefigaro.fr\/bordeaux\/combien-de-gamins-vont-mourir-chez-nous-pres-de-bordeaux-une-jeune-femme-decede-dans-une-collision-apres-un-enieme-rodeo-urbain-20241125\" data-fig-type=\"NewsFlash\" data-gtm-custom-categorie=\"navigation\" data-gtm-custom-action=\"crossclick\" data-gtm-custom-label=\"Contextuel\" data-gtm-event=\"customEventSPE\" data-fig-domain=\"LEFIGARO\" target=\"_blank\" rel=\"noopener\">un accident qui a caus\u00e9 la mort<\/a>\u00a0d&rsquo;une jeune fille de 20 ans lors d&rsquo;un\u00a0<a href=\"http:\/\/www.lefigaro.fr\/bordeaux\/nous-passons-au-niveau-de-repression-superieur-a-bordeaux-le-procureur-de-la-republique-sevit-contre-les-rodeos-urbains-20250516\" data-fig-type=\"NewsFlash\" data-gtm-custom-categorie=\"navigation\" data-gtm-custom-action=\"crossclick\" data-gtm-custom-label=\"Contextuel\" data-gtm-event=\"customEventSPE\" data-fig-domain=\"LEFIGARO\" target=\"_blank\" rel=\"noopener\">rod\u00e9o urbain<\/a>\u00a0\u00e0 Bassens (Gironde) fin novembre, seront jug\u00e9s le 18 ao\u00fbt devant le<a href=\"http:\/\/www.lefigaro.fr\/bordeaux\/je-n-ai-jamais-vu-un-tel-deferlement-de-violence-une-rixe-eclate-au-tribunal-a-bordeaux-sur-fond-de-rivalites-entre-quartiers-20250513\" data-fig-type=\"NewsFlash\" data-gtm-custom-categorie=\"navigation\" data-gtm-custom-action=\"crossclick\" data-gtm-custom-label=\"Contextuel\" data-gtm-event=\"customEventSPE\" data-fig-domain=\"LEFIGARO\" target=\"_blank\" rel=\"noopener\">\u00a0tribunal correctionnel de Bordeaux<\/a>, a indiqu\u00e9 le parquet de Bordeaux mardi soir. Les deux jeunes hommes ont \u00e9t\u00e9 \u00abd\u00e9f\u00e9r\u00e9s le 19 juin dans la perspective d&rsquo;une comparution \u00e0 d\u00e9lai diff\u00e9r\u00e9\u00bb et sont poursuivis du chef d&rsquo;\u00abhomicide involontaire\u00bb avec circonstances aggravantes.<\/p>\n<p class=\"fig-paragraph\">Le 24 novembre 2024, deux motos cross de marques KTM et Honda \u00e9taient entr\u00e9es en collision alors qu&rsquo;elles \u00abs&rsquo;ins\u00e9raient sur la piste\u00bb, la deuxi\u00e8me moto circulant alors \u00absur la roue arri\u00e8re\u00bb, selon le minist\u00e8re public. La victime, qui \u00e9tait passag\u00e8re de la premi\u00e8re moto \u00abvol\u00e9e\u00bb et \u00absans plaque d&rsquo;immatriculation\u00bb, ne portait pas de casque tout comme le conducteur de 20 ans, \u00abd\u00e9j\u00e0 condamn\u00e9 pour des d\u00e9lits routiers\u00bb. Bless\u00e9s dans l&rsquo;accident, les deux conducteurs avaient \u00e9t\u00e9 transport\u00e9s \u00e0 l&rsquo;h\u00f4pital dans \u00abun \u00e9tat critique, sans pronostic vital engag\u00e9\u00bb.<\/p>\n<p>Positif au cannabis et sans permis<\/p>\n<p class=\"fig-paragraph\">Plac\u00e9s en garde \u00e0 vue le 17 juin, ils ont admis n&rsquo;avoir pas de permis de conduire. Le motard transportant la victime a \u00e9galement \u00abreconnu avoir conscience du caract\u00e8re douteux de la moto lors de son achat\u00bb, \u00abavoir consomm\u00e9 du cannabis\u00bb et \u00ab\u00eatre positif aux stup\u00e9fiants\u00bb au moment des faits, de m\u00eame source. Le conducteur de la victime, poursuivi \u00e9galement pour recel, a \u00e9t\u00e9 plac\u00e9 en d\u00e9tention provisoire tandis que le deuxi\u00e8me mis en cause a \u00e9t\u00e9 plac\u00e9 sous contr\u00f4le judiciaire avec interdiction notamment de conduire tout v\u00e9hicule terrestre.<\/p>\n<p class=\"fig-body-link\">\n            \u00c0 lire aussi<br \/>\n        <a class=\"fig-body-link__link\" href=\"http:\/\/www.lefigaro.fr\/bordeaux\/combien-de-gamins-vont-mourir-chez-nous-pres-de-bordeaux-une-jeune-femme-decede-dans-une-collision-apres-un-enieme-rodeo-urbain-20241125\" data-fig-type=\"NewsFlash\" data-gtm-custom-categorie=\"navigation\" data-gtm-custom-action=\"crossclick\" data-gtm-custom-label=\"Contextuel\" data-gtm-event=\"customEventSPE\" data-fig-domain=\"LEFIGARO\" target=\"_blank\" rel=\"noopener\">\u00abCombien de gamins vont mourir chez nous\u00a0?\u00bb\u00a0: pr\u00e8s de Bordeaux, une jeune femme d\u00e9c\u00e8de dans une collision apr\u00e8s un \u00e9ni\u00e8me rod\u00e9o urbain<br \/>\n    <\/a>\n<\/p>\n<p class=\"fig-paragraph\">L&rsquo;accident s&rsquo;\u00e9tait produit sur un boulevard menant \u00e0 un terrain priv\u00e9, un parking d\u00e9saffect\u00e9 o\u00f9 se retrouvent des motards de l&rsquo;agglom\u00e9ration bordelaise chaque week-end. L&rsquo;\u00e9t\u00e9 dernier, un jeune homme de 22 ans avait trouv\u00e9 la mort sur ce m\u00eame boulevard dans des circonstances similaires.<\/p>\n","protected":false},"excerpt":{"rendered":"Huit mois apr\u00e8s le d\u00e9c\u00e8s d\u2019une jeune femme de 20 ans lors d\u2019un rod\u00e9o urbain pr\u00e8s de Bassens&hellip;\n","protected":false},"author":2,"featured_media":202959,"comment_status":"","ping_status":"","sticky":false,"template":"","format":"standard","meta":{"footnotes":""},"categories":[2817],"tags":[119,1111,11,1997,2916,2911,2910,2915,2909,2904,2913,2912,2914,2906,2907,1777,674,1011,27,2905,2908,2825,12,2219,25],"class_list":{"0":"post-202958","1":"post","2":"type-post","3":"status-publish","4":"format-standard","5":"has-post-thumbnail","7":"category-bordeaux","8":"tag-accident","9":"tag-actu","10":"tag-actualites","11":"tag-bordeaux","12":"tag-bordeaux-cauderan","13":"tag-bordeaux-centre-ville","14":"tag-bordeaux-chartrons-grand-parc-jardin-public","15":"tag-bordeaux-la-bastide","16":"tag-bordeaux-maritime","17":"tag-bordeaux-metropole","18":"tag-bordeaux-nansouty-st-genes","19":"tag-bordeaux-st-augustin-tauzin-alphonse-dupeux","20":"tag-bordeaux-sud","21":"tag-capitale-de-gaule","22":"tag-cathedrale-gothique-de-saint-andre","23":"tag-eu","24":"tag-europe","25":"tag-fr","26":"tag-france","27":"tag-gironde","28":"tag-girondins-de-bordeaux","29":"tag-insecurite","30":"tag-news","31":"tag-nouvelle-aquitaine","32":"tag-republique-francaise"},"share_on_mastodon":{"url":"","error":"Validation failed: Text character limit of 500 exceeded"},"_links":{"self":[{"href":"https:\/\/www.europesays.com\/fr\/wp-json\/wp\/v2\/posts\/202958","targetHints":{"allow":["GET"]}}],"collection":[{"href":"https:\/\/www.europesays.com\/fr\/wp-json\/wp\/v2\/posts"}],"about":[{"href":"https:\/\/www.europesays.com\/fr\/wp-json\/wp\/v2\/types\/post"}],"author":[{"embeddable":true,"href":"https:\/\/www.europesays.com\/fr\/wp-json\/wp\/v2\/users\/2"}],"replies":[{"embeddable":true,"href":"https:\/\/www.europesays.com\/fr\/wp-json\/wp\/v2\/comments?post=202958"}],"version-history":[{"count":0,"href":"https:\/\/www.europesays.com\/fr\/wp-json\/wp\/v2\/posts\/202958\/revisions"}],"wp:featuredmedia":[{"embeddable":true,"href":"https:\/\/www.europesays.com\/fr\/wp-json\/wp\/v2\/media\/202959"}],"wp:attachment":[{"href":"https:\/\/www.europesays.com\/fr\/wp-json\/wp\/v2\/media?parent=202958"}],"wp:term":[{"taxonomy":"category","embeddable":true,"href":"https:\/\/www.europesays.com\/fr\/wp-json\/wp\/v2\/categories?post=202958"},{"taxonomy":"post_tag","embeddable":true,"href":"https:\/\/www.europesays.com\/fr\/wp-json\/wp\/v2\/tags?post=202958"}],"curies":[{"name":"wp","href":"https:\/\/api.w.org\/{rel}","templated":true}]}}