{"id":202969,"date":"2025-06-25T10:17:11","date_gmt":"2025-06-25T10:17:11","guid":{"rendered":"https:\/\/www.europesays.com\/fr\/202969\/"},"modified":"2025-06-25T10:17:11","modified_gmt":"2025-06-25T10:17:11","slug":"le-diocese-recolte-les-28-millions-deuros-necessaires-a-la-renovation-de-notre-dame-de-la-garde","status":"publish","type":"post","link":"https:\/\/www.europesays.com\/fr\/202969\/","title":{"rendered":"Le dioc\u00e8se r\u00e9colte les 2,8 millions d\u2019euros n\u00e9cessaires \u00e0 la r\u00e9novation de Notre-Dame-de-la-Garde"},"content":{"rendered":"<p><strong>Miracle &#8211; Gr\u00e2ce aux subventions publiques, au m\u00e9c\u00e9nat d\u2019entreprises et aux dons de 40.000 particuliers, la Bonne M\u00e8re peut se refaire une beaut\u00e9 sereinement<\/strong><\/p>\n<p>Le compte est bon\u00a0! Un an apr\u00e8s le d\u00e9but de la campagne de dons lanc\u00e9e par le dioc\u00e8se de <a href=\"https:\/\/www.20minutes.fr\/marseille\/?at_medium=RSS%20feed&amp;at_campaign=ynews&amp;utm_source=yahoo&amp;utm_medium=rss&amp;utm_campaign=news_feed&amp;utm_content=in_article_link\" rel=\"nofollow noopener\" target=\"_blank\" data-ylk=\"slk:Marseille;elm:context_link;itc:0;sec:content-canvas\" class=\"link \">Marseille<\/a> pour financer<a href=\"https:\/\/www.20minutes.fr\/marseille\/4091024-20240514-marseille-bonne-mere-paye-nouveau-lifting-2-5-millions-euros?at_medium=RSS%20feed&amp;at_campaign=ynews&amp;utm_source=yahoo&amp;utm_medium=rss&amp;utm_campaign=news_feed&amp;utm_content=in_article_link\" rel=\"nofollow noopener\" target=\"_blank\" data-ylk=\"slk:le chantier de restauration de la basilique de Notre-Dame-de-la-Garde;elm:context_link;itc:0;sec:content-canvas\" class=\"link \"> le chantier de restauration de la basilique de Notre-Dame-de-la-Garde<\/a>, l\u2019objectif de 2,8\u00a0millions d\u2019euros a \u00e9t\u00e9 atteint.<\/p>\n<p>\u00ab\u00a0Je tiens \u00e0 exprimer ma tr\u00e8s grande reconnaissance \u00e0 toutes les personnes, les entreprises, les fondations et les collectivit\u00e9s qui ont r\u00e9pondu \u00e0 notre appel\u00a0\u00bb, a salu\u00e9 le<a href=\"https:\/\/www.20minutes.fr\/societe\/4146674-20250402-eglise-marseillais-proche-pape-jean-marc-aveline-nouveau-patron-eveques-france?at_medium=RSS%20feed&amp;at_campaign=ynews&amp;utm_source=yahoo&amp;utm_medium=rss&amp;utm_campaign=news_feed&amp;utm_content=in_article_link\" rel=\"nofollow noopener\" target=\"_blank\" data-ylk=\"slk:cardinal Jean-Marc Aveline;elm:context_link;itc:0;sec:content-canvas\" class=\"link \"> cardinal Jean-Marc Aveline<\/a>, archev\u00eaque de Marseille, dans une communication publi\u00e9e sur le site Internet du dioc\u00e8se.<\/p>\n<p>La Bonne M\u00e8re a pu compter sur la mobilisation d\u2019entreprises, notamment <a href=\"https:\/\/www.20minutes.fr\/economie\/4108392-20240904-psg-pernod-ricard-commis-erreur-strategie-marketing-associant-ennemi-jure-marseille?at_medium=RSS%20feed&amp;at_campaign=ynews&amp;utm_source=yahoo&amp;utm_medium=rss&amp;utm_campaign=news_feed&amp;utm_content=in_article_link\" rel=\"nofollow noopener\" target=\"_blank\" data-ylk=\"slk:Pernod Ricard;elm:context_link;itc:0;sec:content-canvas\" class=\"link \">Pernod Ricard<\/a> ou encore <a href=\"https:\/\/www.20minutes.fr\/economie\/cma-cgm\/?at_medium=RSS%20feed&amp;at_campaign=ynews&amp;utm_source=yahoo&amp;utm_medium=rss&amp;utm_campaign=news_feed&amp;utm_content=in_article_link\" rel=\"nofollow noopener\" target=\"_blank\" data-ylk=\"slk:l\u2019armateur CMA-CGM;elm:context_link;itc:0;sec:content-canvas\" class=\"link \">l\u2019armateur CMA-CGM<\/a>, mais aussi sur le soutien de 40.000 particuliers. Ces dons, parfois de quelques euros, ainsi que la vente de produits d\u00e9riv\u00e9s ont permis de r\u00e9colter 1,5\u00a0million d\u2019euros. Les subventions vot\u00e9es par la ville de Marseille, la m\u00e9tropole Aix-Marseille-Provence, le d\u00e9partement des Bouches-du-Rh\u00f4ne et la R\u00e9gion Sud viennent compl\u00e9ter la somme \u00e0 hauteur de 1,3\u00a0million d\u2019euros.<\/p>\n<p>30.000 feuilles d\u2019or<\/p>\n<p>Les travaux, entam\u00e9s en f\u00e9vrier, devraient se terminer le 8\u00a0d\u00e9cembre prochain avec l\u2019objectif de rafra\u00eechir la statue de la Vierge \u00e0 l\u2019enfant, symbole de la ville, dont la couronne culmine \u00e0 225 m\u00e8tres au-dessus de la M\u00e9diterran\u00e9e. Une op\u00e9ration \u00e0 mener tous les 30 ans et qui va n\u00e9cessiter pas moins de 30.000 feuilles d\u2019or. La structure m\u00e9tallique de la statue et les anges du clocher feront aussi l\u2019objet de r\u00e9novation.<\/p>\n<p>Gr\u00e2ce \u00e0 la g\u00e9n\u00e9rosit\u00e9 \u00ab\u00a0ayant d\u00e9pass\u00e9 les (&#8230;)<\/p>\n<p><a href=\"https:\/\/www.20minutes.fr\/marseille\/4160320-20250625-marseille-diocese-recolte-2-8-millions-euros-necessaires-renovation-dame-garde?at_medium=RSS%20feed&amp;at_campaign=ynews&amp;utm_source=yahoo&amp;utm_medium=rss&amp;utm_campaign=news_feed&amp;utm_content=read_more_link&quot;\" rel=\"nofollow noopener\" target=\"_blank\" data-ylk=\"slk:Lire la suite sur 20minutes;elm:context_link;itc:0;sec:content-canvas\" class=\"link \">Lire la suite sur 20minutes<\/a><\/p>\n<p>\u00c0 lire aussi :<br \/><a href=\"https:\/\/www.20minutes.fr\/faits_divers\/faits-divers-marseille\/4118513-20241029-marseille-deux-jeunes-escaladent-nuit-basilique-dame-garde-voler-pieces-monnaie?at_medium=RSS%20feed&amp;at_campaign=ynews&amp;utm_source=yahoo&amp;utm_medium=rss&amp;utm_campaign=news_feed&amp;utm_content=related_content_link\" rel=\"nofollow noopener\" target=\"_blank\" data-ylk=\"slk:Marseille\u00a0: Deux jeunes escaladent de nuit la basilique Notre-Dame de la Garde pour voler des pi\u00e8ces de monnaie;elm:context_link;itc:0;sec:content-canvas\" class=\"link \">Marseille\u00a0: Deux jeunes escaladent de nuit la basilique Notre-Dame de la Garde pour voler des pi\u00e8ces de monnaie<\/a><br \/><a href=\"https:\/\/www.20minutes.fr\/societe\/4150716-20250428-nice-russie-poutine-prend-main-eglise-cimetiere-paroissiens-choques?at_medium=RSS%20feed&amp;at_campaign=ynews&amp;utm_source=yahoo&amp;utm_medium=rss&amp;utm_campaign=news_feed&amp;utm_content=related_content_link\" rel=\"nofollow noopener\" target=\"_blank\" data-ylk=\"slk:Nice\u00a0: La Russie de Poutine prend la main sur une \u00e9glise et un cimeti\u00e8re, les paroissiens choqu\u00e9s;elm:context_link;itc:0;sec:content-canvas\" class=\"link \">Nice\u00a0: La Russie de Poutine prend la main sur une \u00e9glise et un cimeti\u00e8re, les paroissiens choqu\u00e9s<\/a><\/p>\n","protected":false},"excerpt":{"rendered":"Miracle &#8211; Gr\u00e2ce aux subventions publiques, au m\u00e9c\u00e9nat d\u2019entreprises et aux dons de 40.000 particuliers, la Bonne M\u00e8re&hellip;\n","protected":false},"author":2,"featured_media":202970,"comment_status":"","ping_status":"","sticky":false,"template":"","format":"standard","meta":{"footnotes":""},"categories":[2814],"tags":[1111,11,16269,1777,674,1011,27,34236,34234,34237,884,12,882,25,34235],"class_list":{"0":"post-202969","1":"post","2":"type-post","3":"status-publish","4":"format-standard","5":"has-post-thumbnail","7":"category-marseille","8":"tag-actu","9":"tag-actualites","10":"tag-departement-des-bouches-du-rhone","11":"tag-eu","12":"tag-europe","13":"tag-fr","14":"tag-france","15":"tag-jean-marc-aveline","16":"tag-la-bonne-mere","17":"tag-la-ville-de-marseille","18":"tag-marseille","19":"tag-news","20":"tag-provence-alpes-cote-dazur","21":"tag-republique-francaise","22":"tag-subventions-publiques"},"share_on_mastodon":{"url":"https:\/\/pubeurope.com\/@fr\/114743492250932026","error":""},"_links":{"self":[{"href":"https:\/\/www.europesays.com\/fr\/wp-json\/wp\/v2\/posts\/202969","targetHints":{"allow":["GET"]}}],"collection":[{"href":"https:\/\/www.europesays.com\/fr\/wp-json\/wp\/v2\/posts"}],"about":[{"href":"https:\/\/www.europesays.com\/fr\/wp-json\/wp\/v2\/types\/post"}],"author":[{"embeddable":true,"href":"https:\/\/www.europesays.com\/fr\/wp-json\/wp\/v2\/users\/2"}],"replies":[{"embeddable":true,"href":"https:\/\/www.europesays.com\/fr\/wp-json\/wp\/v2\/comments?post=202969"}],"version-history":[{"count":0,"href":"https:\/\/www.europesays.com\/fr\/wp-json\/wp\/v2\/posts\/202969\/revisions"}],"wp:featuredmedia":[{"embeddable":true,"href":"https:\/\/www.europesays.com\/fr\/wp-json\/wp\/v2\/media\/202970"}],"wp:attachment":[{"href":"https:\/\/www.europesays.com\/fr\/wp-json\/wp\/v2\/media?parent=202969"}],"wp:term":[{"taxonomy":"category","embeddable":true,"href":"https:\/\/www.europesays.com\/fr\/wp-json\/wp\/v2\/categories?post=202969"},{"taxonomy":"post_tag","embeddable":true,"href":"https:\/\/www.europesays.com\/fr\/wp-json\/wp\/v2\/tags?post=202969"}],"curies":[{"name":"wp","href":"https:\/\/api.w.org\/{rel}","templated":true}]}}