{"id":20297,"date":"2025-04-12T18:28:10","date_gmt":"2025-04-12T18:28:10","guid":{"rendered":"https:\/\/www.europesays.com\/fr\/20297\/"},"modified":"2025-04-12T18:28:10","modified_gmt":"2025-04-12T18:28:10","slug":"lyon-une-dangereuse-course-poursuite-fait-des-degats-le-conducteur-en-fuite-stoppe","status":"publish","type":"post","link":"https:\/\/www.europesays.com\/fr\/20297\/","title":{"rendered":"Lyon. Une dangereuse course-poursuite fait des d\u00e9g\u00e2ts, le conducteur en fuite stopp\u00e9"},"content":{"rendered":"<p>            Par<br \/>\n        <strong><br \/>\n            <a href=\"https:\/\/actu.fr\/auteur\/julien-damboise\" title=\"Consulter tous les articles de Julien Damboise\" rel=\"nofollow noopener\" target=\"_blank\">Julien Damboise<\/a><br \/>\n        <\/strong><\/p>\n<p>        Publi\u00e9 le<\/p>\n<p>            11 avr. 2025 \u00e0 18h29        <\/p>\n<p><strong>INFO ACTU LYON<\/strong>. Un refus d\u2019obtemp\u00e9rer a sem\u00e9 le trouble dans le 9\u1d49 arrondissement de <a href=\"https:\/\/actu.fr\/auvergne-rhone-alpes\/lyon_69123\" rel=\"nofollow noopener\" target=\"_blank\">Lyon<\/a>, ce vendredi 11 avril 2025. En <strong>pleine journ\u00e9e<\/strong>, un automobiliste a soudainement pris la fuite dans le secteur de la station de m\u00e9tro <a href=\"https:\/\/actu.fr\/tag\/transports-en-commun-lyonnais-tcl\" rel=\"nofollow noopener\" target=\"_blank\">TCL<\/a> Gare de Vaise, donnant lieu \u00e0 une <strong>dangereuse course-poursuite<\/strong>.<\/p>\n<p class=\" wall-content\">Un suspect a \u00e9t\u00e9 arr\u00eat\u00e9.<\/p>\n<p>    <a href=\"https:\/\/www.google.com\/maps\/embed?pb=!1m18!1m12!1m3!1d3666.3144549114145!2d4.801282312625968!3d45.78438597096038!2m3!1f0!2f0!3f0!3m2!1i1024!2i768!4f13.1!3m3!1m2!1s0x47f4eb42787b9595%3A0xcf2f219686b60e36!2sRue%20Mouillard%2C%2069009%20Lyon!5e1!3m2!1sfr!2sfr!4v1744387019764!5m2!1sfr!2sfr\" title=\"Ouvrie le lien\" rel=\"nofollow noopener\" target=\"_blank\">Cliquez ici pour visualiser le contenu<\/a><\/p>\n<p>En pleine apr\u00e8s-midi<\/p>\n<p class=\" wall-content\">La sc\u00e8ne s\u2019est d\u00e9roul\u00e9e aux environs de 15 heures, avec un refus d\u2019obtemp\u00e9rer parti de la rue Mouillard, pr\u00e8s du <a href=\"https:\/\/actu.fr\/auvergne-rhone-alpes\/lyon_69123\/lyon-le-peripherique-limite-a-50-km-h-comme-a-paris-la-reponse-de-la-metropole_61968242.html\" rel=\"nofollow noopener\" target=\"_blank\">boulevard p\u00e9riph\u00e9rique<\/a> et de la Gare de Vaise. Un \u00e9quipage de la brigade anticriminalit\u00e9 aurait tent\u00e9 de stopper la voiture suspecte, mais le conducteur a pr\u00e9f\u00e9r\u00e9 <strong>acc\u00e9l\u00e9rer<\/strong>.<\/p>\n<p class=\" wall-content\">Le parcours de cette fuite a provoqu\u00e9 des incidents, deux v\u00e9hicules en stationnement ont \u00e9t\u00e9 <strong>percut\u00e9s<\/strong> rue Saint-Cyr, causant des d\u00e9g\u00e2ts mat\u00e9riels. Heureusement, aucun bless\u00e9 n\u2019est \u00e0 d\u00e9plorer.<\/p>\n<p class=\" wall-content\">L\u2019intervention des forces de l\u2019ordre a finalement permis de mettre un terme \u00e0 la course au niveau du chemin de Montpellas, apr\u00e8s environ <strong>3 kilom\u00e8tres<\/strong>\u00a0de \u00ab\u00a0suivi\u00a0\u00bb.<\/p>\n<p>Vid\u00e9os : en ce moment sur ActuLe conducteur interpell\u00e9<\/p>\n<p class=\" wall-content\">Au moins une <strong>arrestation<\/strong> a \u00e9t\u00e9 men\u00e9e, celle de l\u2019auteur de ce refus d\u2019obtemp\u00e9rer, plac\u00e9 en garde \u00e0 vue\u00a0par les forces de l\u2019ordre. \u00c0 ce stade, son identit\u00e9 n\u2019a pas \u00e9t\u00e9 communiqu\u00e9e. Les raisons ayant motiv\u00e9 sa fuite restent inconnues.<\/p>\n<p class=\" wall-content\">Une enqu\u00eate a \u00e9t\u00e9 ouverte afin de d\u00e9terminer les circonstances exactes des faits. Il faudra aussi <strong>\u00e9valuer les d\u00e9g\u00e2ts<\/strong> caus\u00e9s aux propri\u00e9taires des v\u00e9hicules percut\u00e9s.<\/p>\n<p class=\" wall-content\">Suivez toute l\u2019actualit\u00e9 de vos villes et m\u00e9dias favoris en vous inscrivant \u00e0 <a href=\"https:\/\/moncompte.actu.fr\" title=\"D\u00e9couvez Mon Actu\" rel=\"nofollow noopener\" data-trk=\"{&quot;cta&quot;:{&quot;action&quot;:&quot;https:\\\/\\\/moncompte.actu.fr&quot;,&quot;category&quot;:&quot;mon compte&quot;,&quot;from&quot;:&quot;article footer&quot;,&quot;name&quot;:&quot;Mon actu&quot;,&quot;type&quot;:&quot;cta&quot;}}\" target=\"_blank\">Mon Actu<\/a>.<\/p>\n<ul class=\"ac-article-tag wall-content\">\n<li><a href=\"https:\/\/actu.fr\/tag\/police\" data-trk=\"{&quot;cta&quot;:{&quot;action&quot;:&quot;Police&quot;,&quot;category&quot;:&quot;tag&quot;,&quot;from&quot;:&quot;article footer&quot;,&quot;name&quot;:&quot;Police&quot;,&quot;type&quot;:&quot;cta&quot;}}\" rel=\"nofollow noopener\" target=\"_blank\">#Police<\/a><\/li>\n<li><a href=\"https:\/\/actu.fr\/tag\/refus-d-obtemperer\" data-trk=\"{&quot;cta&quot;:{&quot;action&quot;:&quot;Refus d\\u2019obtemp\\u00e9rer&quot;,&quot;category&quot;:&quot;tag&quot;,&quot;from&quot;:&quot;article footer&quot;,&quot;name&quot;:&quot;Refus d\\u2019obtemp\\u00e9rer&quot;,&quot;type&quot;:&quot;cta&quot;}}\" rel=\"nofollow noopener\" target=\"_blank\">#Refus d\u2019obtemp\u00e9rer<\/a><\/li>\n<\/ul>\n","protected":false},"excerpt":{"rendered":"Par Julien Damboise Publi\u00e9 le 11 avr. 2025 \u00e0 18h29 INFO ACTU LYON. Un refus d\u2019obtemp\u00e9rer a sem\u00e9&hellip;\n","protected":false},"author":2,"featured_media":20298,"comment_status":"","ping_status":"","sticky":false,"template":"","format":"standard","meta":{"footnotes":""},"categories":[1889],"tags":[1111,11,2430,1777,674,118,1011,27,2428,12,1072,2852,25],"class_list":{"0":"post-20297","1":"post","2":"type-post","3":"status-publish","4":"format-standard","5":"has-post-thumbnail","7":"category-lyon","8":"tag-actu","9":"tag-actualites","10":"tag-auvergne-rhone-alpes","11":"tag-eu","12":"tag-europe","13":"tag-faits-divers","14":"tag-fr","15":"tag-france","16":"tag-lyon","17":"tag-news","18":"tag-police","19":"tag-refus-dobtemperer","20":"tag-republique-francaise"},"share_on_mastodon":{"url":"https:\/\/pubeurope.com\/@fr\/114326412153820029","error":""},"_links":{"self":[{"href":"https:\/\/www.europesays.com\/fr\/wp-json\/wp\/v2\/posts\/20297","targetHints":{"allow":["GET"]}}],"collection":[{"href":"https:\/\/www.europesays.com\/fr\/wp-json\/wp\/v2\/posts"}],"about":[{"href":"https:\/\/www.europesays.com\/fr\/wp-json\/wp\/v2\/types\/post"}],"author":[{"embeddable":true,"href":"https:\/\/www.europesays.com\/fr\/wp-json\/wp\/v2\/users\/2"}],"replies":[{"embeddable":true,"href":"https:\/\/www.europesays.com\/fr\/wp-json\/wp\/v2\/comments?post=20297"}],"version-history":[{"count":0,"href":"https:\/\/www.europesays.com\/fr\/wp-json\/wp\/v2\/posts\/20297\/revisions"}],"wp:featuredmedia":[{"embeddable":true,"href":"https:\/\/www.europesays.com\/fr\/wp-json\/wp\/v2\/media\/20298"}],"wp:attachment":[{"href":"https:\/\/www.europesays.com\/fr\/wp-json\/wp\/v2\/media?parent=20297"}],"wp:term":[{"taxonomy":"category","embeddable":true,"href":"https:\/\/www.europesays.com\/fr\/wp-json\/wp\/v2\/categories?post=20297"},{"taxonomy":"post_tag","embeddable":true,"href":"https:\/\/www.europesays.com\/fr\/wp-json\/wp\/v2\/tags?post=20297"}],"curies":[{"name":"wp","href":"https:\/\/api.w.org\/{rel}","templated":true}]}}