{"id":202973,"date":"2025-06-25T10:19:09","date_gmt":"2025-06-25T10:19:09","guid":{"rendered":"https:\/\/www.europesays.com\/fr\/202973\/"},"modified":"2025-06-25T10:19:09","modified_gmt":"2025-06-25T10:19:09","slug":"a-lyon-les-ecologistes-abandonnent-microsoft-pour-renforcer-la-souverainete-technologique-des-services-publics","status":"publish","type":"post","link":"https:\/\/www.europesays.com\/fr\/202973\/","title":{"rendered":"\u00c0 Lyon, les \u00e9cologistes abandonnent Microsoft pour renforcer la \u00absouverainet\u00e9 technologique des services publics\u00bb"},"content":{"rendered":"<p>La municipalit\u00e9 \u00e9cologiste a annonc\u00e9 son intention d\u2019abandonner les outils bureautiques de Microsoft et de d\u00e9velopper une suite de logiciels libres pour sortir de la \u00abd\u00e9pendance aux solutions logicielles \u00e9tats-uniennes\u00bb.<\/p>\n<p class=\"fig-paragraph\">\u00abUne volont\u00e9 d\u2019\u00e9mancipation\u00bb. La\u00a0<a href=\"http:\/\/www.lefigaro.fr\/lyon\/lyon-combien-coutent-vraiment-les-reunions-de-fin-de-mandat-des-ecologistes-20250522\" data-fig-type=\"NewsFlash\" data-gtm-custom-categorie=\"navigation\" data-gtm-custom-action=\"crossclick\" data-gtm-custom-label=\"Contextuel\" data-gtm-event=\"customEventSPE\" data-fig-domain=\"LEFIGARO\" rel=\"nofollow noopener\" target=\"_blank\">municipalit\u00e9 \u00e9cologiste lyonnaise<\/a>\u00a0a annonc\u00e9 ce mardi son intention d\u2019abandonner les outils informatiques d\u00e9velopp\u00e9s par\u00a0<a href=\"http:\/\/www.lefigaro.fr\/secteur\/high-tech\/microsoft-va-dissocier-teams-et-office-pour-apaiser-bruxelles-20230831\" data-fig-type=\"NewsFlash\" data-gtm-custom-categorie=\"navigation\" data-gtm-custom-action=\"crossclick\" data-gtm-custom-label=\"Contextuel\" data-gtm-event=\"customEventSPE\" data-fig-domain=\"LEFIGARO\" rel=\"nofollow noopener\" target=\"_blank\">Microsoft<\/a>, afin de renforcer sa souverainet\u00e9 num\u00e9rique. Une nouvelle suite bureautique libre va \u00eatre cr\u00e9\u00e9e en remplacement.<\/p>\n<p class=\"fig-paragraph\">\u00abDans un contexte de prise de conscience croissante des enjeux de souverainet\u00e9 num\u00e9rique et de d\u00e9pendance aux solutions logicielles \u00e9tats-uniennes, la Ville de Lyon engage une transformation majeure de ses outils num\u00e9riques\u00bb, a fait savoir la commune par voie de communiqu\u00e9.<\/p>\n<p class=\"fig-paragraph\">\u00c0 la cl\u00e9 \u00abdeux projets structurants\u00bb. La cr\u00e9ation d\u2019une suite collaborative libre et interop\u00e9rable d\u2019une part, qui sera baptis\u00e9e \u00abTerritoire num\u00e9rique ouvert\u00bb. Le d\u00e9ploiement progressif de logiciels bureautiques libres, d\u2019autre part. Il s\u2019agit d\u2019OnlyOffice pour la bureautique ainsi que Linux et PostgreSQL pour les syst\u00e8mes et bases de donn\u00e9es. Cela afin de remplacer la suite Microsoft Office dans les services municipaux.<\/p>\n<p class=\"fig-paragraph\">\u00ab Nous sommes fiers d\u2019inscrire la Ville de Lyon dans une trajectoire de souverainet\u00e9 num\u00e9rique, dont l\u2019\u00e9lection de Donald Trump a rappel\u00e9 l\u2019importance, insiste Bertrand Maes, adjoint d\u00e9l\u00e9gu\u00e9 \u00e0 la politique num\u00e9rique. Nous souhaitons ainsi prot\u00e9ger les donn\u00e9es des habitants et habitantes et favoriser l\u2019\u00e9conomie locale.\u00a0\u00bb<\/p>\n<p>Data centers r\u00e9gionaux<\/p>\n<p class=\"fig-paragraph\">La suite Territoire num\u00e9rique ouvert sera d\u00e9velopp\u00e9e avec la M\u00e9tropole de Lyon et le Syndicat intercommunal des technologies de l\u2019information pour les villes (Sitiv). Elle reposera sur \u00abdes outils open source (Jitsi, OnlyOffice avec NextCloud) permettant la visioconf\u00e9rence et la bureautique avec de la co-\u00e9dition\u00bb. Elle sera h\u00e9berg\u00e9e dans des data centers r\u00e9gionaux. Elle a b\u00e9n\u00e9fici\u00e9 d\u2019une subvention de 2 millions d\u2019euros de l\u2019ANCT. \u00abPlusieurs milliers d\u2019agents issus de 9 collectivit\u00e9s utilisent d\u00e9j\u00e0 cette solution, mutualisable \u00e0 l\u2019\u00e9chelle nationale\u00bb, pr\u00e9cise la Ville de Lyon.<\/p>\n<p class=\"fig-paragraph\">\u00abAlors que plusieurs grandes collectivit\u00e9s fran\u00e7aises entament seulement un diagnostic de leur d\u00e9pendance num\u00e9rique (projet Tie-Break, France Urbaine, Interconnect\u00e9s), la Ville de Lyon passe \u00e0 l\u2019action et anticipe les prochaines \u00e9tapes d\u2019une transition vers un num\u00e9rique plus \u00e9thique, durable et souverain avec des projets structurants\u00bb, appuie le communiqu\u00e9 de la Ville.<\/p>\n<p class=\"fig-body-link\">\n            \u00c0 lire aussi<br \/>\n        <a class=\"fig-body-link__link\" href=\"http:\/\/www.lefigaro.fr\/lyon\/la-pollution-a-t-elle-augmente-a-lyon-lors-du-mandat-des-ecologistes-20250610\" data-fig-type=\"NewsFlash\" data-gtm-custom-categorie=\"navigation\" data-gtm-custom-action=\"crossclick\" data-gtm-custom-label=\"Contextuel\" data-gtm-event=\"customEventSPE\" data-fig-domain=\"LEFIGARO\" rel=\"nofollow noopener\" target=\"_blank\">La pollution a-t-elle augment\u00e9 \u00e0 Lyon lors du mandat des \u00e9cologistes\u00a0?<br \/>\n    <\/a>\n<\/p>\n<p class=\"fig-paragraph\">Outre le renforcement de la \u00absouverainet\u00e9 technologique des services publics\u00bb cette \u00e9volution doit permettre de prolonger la dur\u00e9e de vie des \u00e9quipements informatiques, r\u00e9duisant ainsi leur empreinte environnementale, selon la mairie. Cette transition est pr\u00e9vue sur plusieurs ann\u00e9es.<\/p>\n","protected":false},"excerpt":{"rendered":"La municipalit\u00e9 \u00e9cologiste a annonc\u00e9 son intention d\u2019abandonner les outils bureautiques de Microsoft et de d\u00e9velopper une suite&hellip;\n","protected":false},"author":2,"featured_media":202974,"comment_status":"","ping_status":"","sticky":false,"template":"","format":"standard","meta":{"footnotes":""},"categories":[1889],"tags":[1111,11,5273,2430,5299,5272,5312,5296,5285,1777,674,5293,1011,27,5303,5311,311,5301,5279,5275,5313,5276,5300,5302,5280,5298,5281,5306,5305,5308,5309,5284,5294,5297,5269,5271,5268,5270,5267,2428,5295,5307,5533,5277,5304,5283,12,978,5274,25,2431,5314,5288,5292,5289,5291,5290,5315,5282,5286,5310,5287,5278],"class_list":{"0":"post-202973","1":"post","2":"type-post","3":"status-publish","4":"format-standard","5":"has-post-thumbnail","7":"category-lyon","8":"tag-actu","9":"tag-actualites","10":"tag-ainay","11":"tag-auvergne-rhone-alpes","12":"tag-bellecombe","13":"tag-bellecour","14":"tag-champvert-nord","15":"tag-champvert-sud","16":"tag-clos-jouve","17":"tag-eu","18":"tag-europe","19":"tag-fourviere","20":"tag-fr","21":"tag-france","22":"tag-gerland","23":"tag-gorge-de-loup","24":"tag-informatique","25":"tag-jean-mace","26":"tag-la-buire","27":"tag-la-confluence","28":"tag-la-duchere","29":"tag-la-guillotiere-nord-prefecture","30":"tag-la-guillotiere-sud","31":"tag-la-mouche","32":"tag-la-part-dieu","33":"tag-la-tete-dor","34":"tag-la-villette","35":"tag-laennec","36":"tag-le-bachut","37":"tag-le-grand-trou","38":"tag-le-moulin-a-vent","39":"tag-le-plateau-de-la-croix-rousse","40":"tag-le-point-du-jour","41":"tag-les-brotteaux","42":"tag-les-chartreux","43":"tag-les-cordeliers","44":"tag-les-pentes-de-la-croix-rousse","45":"tag-les-terreaux","46":"tag-les-traboules","47":"tag-lyon","48":"tag-menival","49":"tag-mermoz","50":"tag-microsoft","51":"tag-moncey","52":"tag-monplaisir","53":"tag-montchat","54":"tag-news","55":"tag-olympique-lyonnais","56":"tag-perrache","57":"tag-republique-francaise","58":"tag-rhone-alpes","59":"tag-rochecardon-industrie","60":"tag-saint-georges","61":"tag-saint-irenee","62":"tag-saint-jean","63":"tag-saint-just","64":"tag-saint-paul","65":"tag-saint-rambert-lile-barbe","66":"tag-sans-souci-dauphine","67":"tag-serin-saint-charles","68":"tag-vaise","69":"tag-vieux-lyon","70":"tag-voltaire"},"share_on_mastodon":{"url":"","error":"Validation failed: Text character limit of 500 exceeded"},"_links":{"self":[{"href":"https:\/\/www.europesays.com\/fr\/wp-json\/wp\/v2\/posts\/202973","targetHints":{"allow":["GET"]}}],"collection":[{"href":"https:\/\/www.europesays.com\/fr\/wp-json\/wp\/v2\/posts"}],"about":[{"href":"https:\/\/www.europesays.com\/fr\/wp-json\/wp\/v2\/types\/post"}],"author":[{"embeddable":true,"href":"https:\/\/www.europesays.com\/fr\/wp-json\/wp\/v2\/users\/2"}],"replies":[{"embeddable":true,"href":"https:\/\/www.europesays.com\/fr\/wp-json\/wp\/v2\/comments?post=202973"}],"version-history":[{"count":0,"href":"https:\/\/www.europesays.com\/fr\/wp-json\/wp\/v2\/posts\/202973\/revisions"}],"wp:featuredmedia":[{"embeddable":true,"href":"https:\/\/www.europesays.com\/fr\/wp-json\/wp\/v2\/media\/202974"}],"wp:attachment":[{"href":"https:\/\/www.europesays.com\/fr\/wp-json\/wp\/v2\/media?parent=202973"}],"wp:term":[{"taxonomy":"category","embeddable":true,"href":"https:\/\/www.europesays.com\/fr\/wp-json\/wp\/v2\/categories?post=202973"},{"taxonomy":"post_tag","embeddable":true,"href":"https:\/\/www.europesays.com\/fr\/wp-json\/wp\/v2\/tags?post=202973"}],"curies":[{"name":"wp","href":"https:\/\/api.w.org\/{rel}","templated":true}]}}