{"id":202979,"date":"2025-06-25T10:22:08","date_gmt":"2025-06-25T10:22:08","guid":{"rendered":"https:\/\/www.europesays.com\/fr\/202979\/"},"modified":"2025-06-25T10:22:08","modified_gmt":"2025-06-25T10:22:08","slug":"omar-sy-enflamme-ladidas-arena-apres-le-titre-de-champion-de-france-du-paris-basket","status":"publish","type":"post","link":"https:\/\/www.europesays.com\/fr\/202979\/","title":{"rendered":"Omar Sy enflamme l&rsquo;Adidas Arena apr\u00e8s le titre de champion de France du Paris Basket"},"content":{"rendered":"<p>            Par<br \/>\n        <strong><br \/>\n            <a href=\"https:\/\/actu.fr\/auteur\/antoine-grotteria02\" title=\"Consulter tous les articles de Antoine Grotteria\" target=\"_blank\" rel=\"noopener\">Antoine Grotteria<\/a><br \/>\n        <\/strong><\/p>\n<p>        Publi\u00e9 le<\/p>\n<p>            25 juin 2025 \u00e0 11h28        <\/p>\n<p>Une <strong>entr\u00e9e au capital<\/strong> rapidement couronn\u00e9e de succ\u00e8s. Quelques semaines apr\u00e8s \u00eatre devenu <a href=\"https:\/\/actu.fr\/ile-de-france\/paris_75056\/tout-est-reuni-pour-aller-loin-l-acteur-omar-sy-devient-le-nouveau-co-proprietaire-du-paris-basketball_62736544.html\" target=\"_blank\" rel=\"noopener\">coactionnaire<\/a> du <a href=\"https:\/\/actu.fr\/ile-de-france\/paris_75056\/euroligue-defait-a-belgrade-le-paris-basketball-n-y-arrive-plus_62104814.html\" target=\"_blank\" rel=\"noopener\">Paris Basketball<\/a>, <strong>Omar Sy<\/strong> peut se targuer d\u2019\u00eatre <strong>champion de France<\/strong>. Le club de la capitale est parvenu \u00e0 d\u00e9crocher son premier titre ce mardi 24\u00a0juin 2025 \u00e0 <a href=\"https:\/\/actu.fr\/tag\/adidas-arena\" target=\"_blank\" rel=\"noopener\">l\u2019Adidas Arena<\/a> (18e) au terme d\u2019une finale \u00e9prouvante contre Monaco. De quoi rendre extatique l\u2019acteur de 47\u00a0ans.<\/p>\n<p>Une remarquable saison<\/p>\n<p class=\" wall-content\">Apr\u00e8s la rencontre, le natif de <a href=\"https:\/\/actu.fr\/ile-de-france\/trappes_78621\" target=\"_blank\" rel=\"noopener\">Trappes<\/a> (Yvelines) est mont\u00e9 sur l\u2019estrade install\u00e9e ad hoc pour c\u00e9l\u00e9brer les nouveaux rois du basket fran\u00e7ais. La sc\u00e8ne a \u00e9t\u00e9 immortalis\u00e9e par le footballeur <strong>Kurt Zouma<\/strong> sur le r\u00e9seau social Instagram. Casquette \u00ab\u2009champions\u2009\u00bb viss\u00e9e au-dessus du cr\u00e2ne et m\u00e9daille autour du cou, Omar Sy exhorte les fans \u00e0 \u00ab<strong>\u2009faire du bruit<\/strong>\u2009\u00bb et \u00ab\u2009du boucan pour tous ces gars\u2009\u00bb. \u00ab\u2009Ce sont les champions\u2009\u00bb, d\u00e9clame-t-il.<\/p>\n<p class=\" wall-content\"><a href=\"https:\/\/www.instagram.com\/kurtzouma\/embed\" title=\"Ouvrir le lien sur Instagram\" target=\"_blank\" rel=\"noopener\">Visualiser le contenu sur Instagram<\/a><\/p>\n<p class=\" wall-content\">Une mani\u00e8re de rendre hommage \u00e0 une \u00e9quipe auteure d\u2019une remarquable saison. Quarts de finaliste en Euroligue et vainqueurs de la Leaders Cup, les Parisiens ont brill\u00e9 sur les parquets. La mat\u00e9rialisation d\u2019un <a href=\"https:\/\/actu.fr\/ile-de-france\/paris_75056\/un-club-a-l-americaine-des-parquets-de-seconde-zone-a-l-euroligue-l-ascension-demente-du-paris-basketball_62812159.html\" target=\"_blank\" rel=\"noopener\">projet r\u00e9cent<\/a>, lanc\u00e9 en 2018 par les deux hommes d\u2019affaires am\u00e9ricains, <strong>Eric Schwartz<\/strong> et <strong>David Kahn<\/strong>. Ce dernier, pr\u00e9sident du club s\u2019est inspir\u00e9 de ses ann\u00e9es pass\u00e9es en NBA pour construire une identit\u00e9 am\u00e9ricaine. Des <a href=\"https:\/\/actu.fr\/ile-de-france\/paris_75056\/on-met-le-feu-a-notre-facon-jeunes-et-bravaches-les-supporters-du-paris-basketball-cassent-les-codes_62230622.html\" target=\"_blank\" rel=\"noopener\">codes<\/a> assez \u00e9loign\u00e9s du microcosme de la balle orange en France.<\/p>\n<p class=\" wall-content\">Le Paris Basketball t\u00e9moigne de la <strong>vitalit\u00e9<\/strong> du sport collectif professionnel parisien. Apr\u00e8s la section football et la section handball du <a href=\"https:\/\/actu.fr\/tag\/paris-saint-germain-psg\" target=\"_blank\" rel=\"noopener\">PSG<\/a>, il devient la troisi\u00e8me organisation \u00e0 \u00eatre champion de France en 2025.<\/p>\n<p class=\" wall-content\">Suivez toute l\u2019actualit\u00e9 de vos villes et m\u00e9dias favoris en vous inscrivant \u00e0 <a href=\"https:\/\/moncompte.actu.fr\" title=\"D\u00e9couvez Mon Actu\" rel=\"nofollow noopener\" data-trk=\"{&quot;cta&quot;:{&quot;action&quot;:&quot;https:\\\/\\\/moncompte.actu.fr&quot;,&quot;category&quot;:&quot;mon compte&quot;,&quot;from&quot;:&quot;article footer&quot;,&quot;name&quot;:&quot;Mon actu&quot;,&quot;type&quot;:&quot;cta&quot;}}\" target=\"_blank\">Mon Actu<\/a>.<\/p>\n<p>                    <script async src=\"\/\/www.instagram.com\/embed.js\"><\/script><\/p>\n","protected":false},"excerpt":{"rendered":"Par Antoine Grotteria Publi\u00e9 le 25 juin 2025 \u00e0 11h28 Une entr\u00e9e au capital rapidement couronn\u00e9e de succ\u00e8s.&hellip;\n","protected":false},"author":2,"featured_media":202980,"comment_status":"","ping_status":"","sticky":false,"template":"","format":"standard","meta":{"footnotes":""},"categories":[1888],"tags":[1111,1928,11,1927,19014,1465,1777,674,1011,27,12,1926,18580,626,1925,25,60],"class_list":{"0":"post-202979","1":"post","2":"type-post","3":"status-publish","4":"format-standard","5":"has-post-thumbnail","7":"category-paris","8":"tag-actu","9":"tag-actu-paris","10":"tag-actualites","11":"tag-actualites-paris","12":"tag-adidas-arena","13":"tag-basket","14":"tag-eu","15":"tag-europe","16":"tag-fr","17":"tag-france","18":"tag-news","19":"tag-news-paris","20":"tag-omar-sy","21":"tag-paris","22":"tag-paris-news","23":"tag-republique-francaise","24":"tag-sports"},"share_on_mastodon":{"url":"https:\/\/pubeurope.com\/@fr\/114743511789984275","error":""},"_links":{"self":[{"href":"https:\/\/www.europesays.com\/fr\/wp-json\/wp\/v2\/posts\/202979","targetHints":{"allow":["GET"]}}],"collection":[{"href":"https:\/\/www.europesays.com\/fr\/wp-json\/wp\/v2\/posts"}],"about":[{"href":"https:\/\/www.europesays.com\/fr\/wp-json\/wp\/v2\/types\/post"}],"author":[{"embeddable":true,"href":"https:\/\/www.europesays.com\/fr\/wp-json\/wp\/v2\/users\/2"}],"replies":[{"embeddable":true,"href":"https:\/\/www.europesays.com\/fr\/wp-json\/wp\/v2\/comments?post=202979"}],"version-history":[{"count":0,"href":"https:\/\/www.europesays.com\/fr\/wp-json\/wp\/v2\/posts\/202979\/revisions"}],"wp:featuredmedia":[{"embeddable":true,"href":"https:\/\/www.europesays.com\/fr\/wp-json\/wp\/v2\/media\/202980"}],"wp:attachment":[{"href":"https:\/\/www.europesays.com\/fr\/wp-json\/wp\/v2\/media?parent=202979"}],"wp:term":[{"taxonomy":"category","embeddable":true,"href":"https:\/\/www.europesays.com\/fr\/wp-json\/wp\/v2\/categories?post=202979"},{"taxonomy":"post_tag","embeddable":true,"href":"https:\/\/www.europesays.com\/fr\/wp-json\/wp\/v2\/tags?post=202979"}],"curies":[{"name":"wp","href":"https:\/\/api.w.org\/{rel}","templated":true}]}}