{"id":202984,"date":"2025-06-25T10:25:10","date_gmt":"2025-06-25T10:25:10","guid":{"rendered":"https:\/\/www.europesays.com\/fr\/202984\/"},"modified":"2025-06-25T10:25:10","modified_gmt":"2025-06-25T10:25:10","slug":"mercato-paris-fc-larrivee-de-moses-simon-officialisee","status":"publish","type":"post","link":"https:\/\/www.europesays.com\/fr\/202984\/","title":{"rendered":"Mercato Paris FC\u00a0: l\u2019arriv\u00e9e de Moses Simon officialis\u00e9e"},"content":{"rendered":"<p class=\"paragraph text_align_left lp-f-body-02\">Et de deux pour le <a href=\"https:\/\/www.leparisien.fr\/sports\/football\/paris-fc\/\" target=\"_blank\" rel=\"noreferrer nofollow noopener\">Paris FC<\/a>. Le promu parisien vient d\u2019officiellement sa deuxi\u00e8me recrue estivale de la saison. <a href=\"https:\/\/www.leparisien.fr\/sports\/football\/ligue-1\/mercato-paris-fc-lattaquant-moses-simon-premier-gros-renfort-pour-la-ligue-1-18-06-2025-CF32RRYLRBF4BGOZVGHAPUPHDU.php\" target=\"_blank\" rel=\"noreferrer nofollow noopener\">Annonc\u00e9e le 18 juin<\/a>, l\u2019arriv\u00e9e de l\u2019attaquant Moses Simon est d\u00e9sormais act\u00e9e. C\u2019est le club, promu en Ligue 1, qui vient de l\u2019annoncer sur X, anciennement Tweeter.<\/p>\n<p class=\"paragraph text_align_left lp-f-body-02\">\u00ab Moses est Parisien. L\u2019ailier nig\u00e9rian, fort de pr\u00e8s de 180 matchs de <a href=\"https:\/\/www.leparisien.fr\/sports\/football\/ligue-1\/\" target=\"_blank\" rel=\"noreferrer nofollow noopener\">Ligue 1<\/a>, rejoint le Paris FC jusqu\u2019en 2028. \u00bb a tweet\u00e9 le PFC.<\/p>\n<p class=\"paragraph text_align_left lp-f-body-02\">\u00c0 29 ans, l\u2019attaquant nig\u00e9rian, \u00e0 qui il restait un an de contrat au FC Nantes, a sign\u00e9 pour un contrat de 3 ans. Le montant du transfert est de 6,5M\u20ac apr\u00e8s que le FC Nantes a refus\u00e9 une premi\u00e8re offre de 5 millions d\u2019euros.<\/p>\n<p class=\"paragraph text_align_left lp-f-body-02\">Apr\u00e8s les <a href=\"https:\/\/www.leparisien.fr\/sports\/football\/paris-fc\/mercato-paris-fc-le-club-officialise-larrivee-de-nhoa-sangui-qui-signe-jusquen-2030-24-06-2025-L4GLBJP4WRDSTAPIR4IO3RVQKI.php\" target=\"_blank\" rel=\"noreferrer nofollow noopener\">arriv\u00e9es de Nhoa Sangui<\/a>, le jeune lat\u00e9ral gauche de Reims, et Moses Simon, d\u2019autres renforts sont en pourparlers comme le milieu Pablo Rosario, qui jouait \u00e0 l\u2019OGC Nice et le lat\u00e9ral droit Hamari Traor\u00e9, actuellement \u00e0 la Real Sociedad.<\/p>\n<blockquote class=\"twitter-tweet\">\n<p lang=\"fr\" dir=\"ltr\">Moses Simon s&rsquo;engage avec le Paris FC.   <\/p>\n<p>Le Football Club de Nantes souhaite tout le meilleur \u00e0 Moses pour la suite de sa carri\u00e8re et le remercie chaleureusement pour sa fid\u00e9lit\u00e9 envers le Club.<\/p>\n<p>Merci pour tout,  <a href=\"https:\/\/twitter.com\/Simon27Moses?ref_src=twsrc%5Etfw\" rel=\"nofollow noopener\" target=\"_blank\">@Simon27Moses<\/a> ! <a href=\"https:\/\/t.co\/qKmjpc2TFA\" rel=\"nofollow\">pic.twitter.com\/qKmjpc2TFA<\/a><\/p>\n<p>\u2014 FC Nantes (@FCNantes) <a href=\"https:\/\/twitter.com\/FCNantes\/status\/1937798023544782943?ref_src=twsrc%5Etfw\" rel=\"nofollow noopener\" target=\"_blank\">June 25, 2025<\/a><\/p><\/blockquote>\n<p class=\"paragraph text_align_left lp-f-body-02\">Selon <a href=\"https:\/\/www.leparisien.fr\/sports\/football\/ligue-1\/mercato-stade-public-les-defis-du-paris-fc-un-promu-en-ligue-1-pas-comme-les-autres-20-06-2025-KL45V456U5CORKAUJINDGBEKJU.php?ts=1750844285407\" target=\"_blank\" rel=\"noreferrer nofollow noopener\">le profil recherch\u00e9 par le promu<\/a>, il restait encore \u00e0 trouver un gardien (num\u00e9ro 1 bis ou doublure), un lat\u00e9ral droit, un d\u00e9fenseur central, un milieu au profil athl\u00e9tique et deux \u00e0 trois joueurs offensifs.<\/p>\n<p><script async src=\"https:\/\/platform.twitter.com\/widgets.js\" charset=\"utf-8\"><\/script><\/p>\n","protected":false},"excerpt":{"rendered":"Et de deux pour le Paris FC. Le promu parisien vient d\u2019officiellement sa deuxi\u00e8me recrue estivale de la&hellip;\n","protected":false},"author":2,"featured_media":202985,"comment_status":"","ping_status":"","sticky":false,"template":"","format":"standard","meta":{"footnotes":""},"categories":[1888],"tags":[11,1777,674,63,1011,27,66,12,626,25,60],"class_list":{"0":"post-202984","1":"post","2":"type-post","3":"status-publish","4":"format-standard","5":"has-post-thumbnail","7":"category-paris","8":"tag-actualites","9":"tag-eu","10":"tag-europe","11":"tag-football","12":"tag-fr","13":"tag-france","14":"tag-ligue-1","15":"tag-news","16":"tag-paris","17":"tag-republique-francaise","18":"tag-sports"},"share_on_mastodon":{"url":"https:\/\/pubeurope.com\/@fr\/114743523587946373","error":""},"_links":{"self":[{"href":"https:\/\/www.europesays.com\/fr\/wp-json\/wp\/v2\/posts\/202984","targetHints":{"allow":["GET"]}}],"collection":[{"href":"https:\/\/www.europesays.com\/fr\/wp-json\/wp\/v2\/posts"}],"about":[{"href":"https:\/\/www.europesays.com\/fr\/wp-json\/wp\/v2\/types\/post"}],"author":[{"embeddable":true,"href":"https:\/\/www.europesays.com\/fr\/wp-json\/wp\/v2\/users\/2"}],"replies":[{"embeddable":true,"href":"https:\/\/www.europesays.com\/fr\/wp-json\/wp\/v2\/comments?post=202984"}],"version-history":[{"count":0,"href":"https:\/\/www.europesays.com\/fr\/wp-json\/wp\/v2\/posts\/202984\/revisions"}],"wp:featuredmedia":[{"embeddable":true,"href":"https:\/\/www.europesays.com\/fr\/wp-json\/wp\/v2\/media\/202985"}],"wp:attachment":[{"href":"https:\/\/www.europesays.com\/fr\/wp-json\/wp\/v2\/media?parent=202984"}],"wp:term":[{"taxonomy":"category","embeddable":true,"href":"https:\/\/www.europesays.com\/fr\/wp-json\/wp\/v2\/categories?post=202984"},{"taxonomy":"post_tag","embeddable":true,"href":"https:\/\/www.europesays.com\/fr\/wp-json\/wp\/v2\/tags?post=202984"}],"curies":[{"name":"wp","href":"https:\/\/api.w.org\/{rel}","templated":true}]}}