{"id":202992,"date":"2025-06-25T10:29:09","date_gmt":"2025-06-25T10:29:09","guid":{"rendered":"https:\/\/www.europesays.com\/fr\/202992\/"},"modified":"2025-06-25T10:29:09","modified_gmt":"2025-06-25T10:29:09","slug":"le-royaume-uni-muscle-sa-dissuasion-nucleaire-avec-des-avions-f-35","status":"publish","type":"post","link":"https:\/\/www.europesays.com\/fr\/202992\/","title":{"rendered":"Le Royaume-Uni muscle sa dissuasion nucl\u00e9aire avec des avions F-35"},"content":{"rendered":"<p><a href=\"https:\/\/www.lalibre.be\/international\/europe\/2025\/06\/24\/le-parapluie-nucleaire-franco-britannique-peut-il-proteger-leurope-vous-ne-pouvez-pas-avoir-de-garantie-ultime-35XNAUL7TVHBPCTLCLNX5AXXSU\/\" target=\"_blank\" rel=\"noopener noreferrer\" class=\"ap-StoryInterstitialLink ap-StoryElement ap-StoryElement--mb\">Le parapluie nucl\u00e9aire franco-britannique peut-il prot\u00e9ger l&rsquo;Europe? \u00ab\u00a0Vous ne pouvez pas avoir de garantie ultime\u00a0\u00bb<\/a><\/p>\n<p class=\"ap-StoryElement ap-StoryElement--mb ap-StoryText\">Le secr\u00e9taire g\u00e9n\u00e9ral de l&rsquo;Alliance Mark Rutte, \u00e9galement cit\u00e9, s&rsquo;est \u00ab\u00a0vivement f\u00e9licit\u00e9\u00a0\u00bb de cette annonce, qui apporte selon lui une \u00ab\u00a0nouvelle contribution britannique solide \u00e0 l&rsquo;Otan\u00a0\u00bb.<\/p>\n<blockquote class=\"ap-StoryQuote ap-StoryQuote--pullquote\"><p>guillement<\/p>\n<p class=\"ap-StoryQuote-text\">Dans une \u00e8re d&rsquo;incertitude radicale o\u00f9 nous ne pouvons plus consid\u00e9rer la paix comme acquise, mon gouvernement investit dans la s\u00e9curit\u00e9 nationale.\u00a0\u00bb<\/p>\n<\/blockquote>\n<p>Dans la mer et maintenant dans les airs<\/p>\n<p class=\"ap-StoryElement ap-StoryElement--mb ap-StoryText\">Depuis la fin de la Guerre froide, la dissuasion nucl\u00e9aire britannique dans le cadre de l&rsquo;Alliance atlantique \u00e9tait uniquement assur\u00e9e par les sous-marins de la Royal Navy. \u00c0 cette \u00e9poque, \u00ab\u00a0il n&rsquo;y avait plus vraiment d&rsquo;int\u00e9r\u00eat pour les armes nucl\u00e9aires tactiques en Europe, car la menace avait disparu\u00a0\u00bb, explique \u00e0 l&rsquo;AFP H\u00e9lo\u00efse Fayet, sp\u00e9cialiste du nucl\u00e9aire \u00e0 l&rsquo;Institut fran\u00e7ais des relations internationales (Ifri).<\/p>\n<p class=\"ap-StoryElement ap-StoryElement--mb ap-StoryText\">Cette annonce illustre selon elle \u00ab\u00a0la poursuite de la renucl\u00e9arisation de l&rsquo;Europe, le retour du besoin d&rsquo;armes nucl\u00e9aires et le renforcement de la dissuasion de l&rsquo;Otan, face \u00e0 un adversaire qui est la Russie\u00a0\u00bb, en guerre depuis trois ans avec l&rsquo;Ukraine.<\/p>\n<p><a href=\"https:\/\/www.lalibre.be\/economie\/entreprises-startup\/2025\/06\/18\/theo-francken-avec-les-frappes-disrael-en-iran-on-voit-que-le-f-35-est-largement-superieur-aux-autres-avions-YNCLYO2LGFHMLJ6CDFJTVXB454\/\" target=\"_blank\" rel=\"noopener noreferrer\" class=\"ap-StoryInterstitialLink ap-StoryElement ap-StoryElement--mb\">Theo Francken au Bourget : \u00ab\u00a0Avec les frappes d&rsquo;Isra\u00ebl en Iran, on voit que le F-35 est largement sup\u00e9rieur aux autres avions\u00a0\u00bb<\/a><\/p>\n<p class=\"ap-StoryElement ap-StoryElement--mb ap-StoryText\">Ces avions de chasse F-35A du constructeur am\u00e9ricain Lockheed Martin sont une variante des F-35B d\u00e9j\u00e0 utilis\u00e9s par le Royaume-Uni, \u00e0 la diff\u00e9rence qu&rsquo;ils peuvent \u00eatre \u00e9quip\u00e9s d&rsquo;ogives nucl\u00e9aires en plus de transporter des armes conventionnelles. L&rsquo;acquisition \u00ab\u00a0d&rsquo;au moins douze\u00a0\u00bb de ces chasseurs constituait une demande de longue date de l&rsquo;arm\u00e9e de l&rsquo;air britannique.<\/p>\n<p class=\"ap-StoryElement ap-StoryElement--mb ap-StoryText\">\u00ab\u00a0Dans une \u00e8re d&rsquo;incertitude radicale o\u00f9 nous ne pouvons plus consid\u00e9rer la paix comme acquise, mon gouvernement investit dans la s\u00e9curit\u00e9 nationale, en veillant \u00e0 ce que nos forces arm\u00e9es disposent de l&rsquo;\u00e9quipement dont elles ont besoin\u00a0\u00bb, a soulign\u00e9 Keir Starmer.<\/p>\n","protected":false},"excerpt":{"rendered":"Le parapluie nucl\u00e9aire franco-britannique peut-il prot\u00e9ger l&rsquo;Europe? \u00ab\u00a0Vous ne pouvez pas avoir de garantie ultime\u00a0\u00bb Le secr\u00e9taire g\u00e9n\u00e9ral&hellip;\n","protected":false},"author":2,"featured_media":202993,"comment_status":"","ping_status":"","sticky":false,"template":"","format":"standard","meta":{"footnotes":""},"categories":[1588],"tags":[11,296,312,1777,674,12,136,473,1853,2803,1851,1850,1852],"class_list":{"0":"post-202992","1":"post","2":"type-post","3":"status-publish","4":"format-standard","5":"has-post-thumbnail","7":"category-royaume-uni","8":"tag-actualites","9":"tag-aeronautique","10":"tag-diplomatie","11":"tag-eu","12":"tag-europe","13":"tag-news","14":"tag-otan","15":"tag-royaume-uni","16":"tag-royaume-uni-de-grande-bretagne-et-dirlande-du-nord","17":"tag-transport","18":"tag-uk","19":"tag-united-kingdom","20":"tag-united-kingdom-of-great-britain-and-northern-ireland"},"share_on_mastodon":{"url":"https:\/\/pubeurope.com\/@fr\/114743539386544475","error":""},"_links":{"self":[{"href":"https:\/\/www.europesays.com\/fr\/wp-json\/wp\/v2\/posts\/202992","targetHints":{"allow":["GET"]}}],"collection":[{"href":"https:\/\/www.europesays.com\/fr\/wp-json\/wp\/v2\/posts"}],"about":[{"href":"https:\/\/www.europesays.com\/fr\/wp-json\/wp\/v2\/types\/post"}],"author":[{"embeddable":true,"href":"https:\/\/www.europesays.com\/fr\/wp-json\/wp\/v2\/users\/2"}],"replies":[{"embeddable":true,"href":"https:\/\/www.europesays.com\/fr\/wp-json\/wp\/v2\/comments?post=202992"}],"version-history":[{"count":0,"href":"https:\/\/www.europesays.com\/fr\/wp-json\/wp\/v2\/posts\/202992\/revisions"}],"wp:featuredmedia":[{"embeddable":true,"href":"https:\/\/www.europesays.com\/fr\/wp-json\/wp\/v2\/media\/202993"}],"wp:attachment":[{"href":"https:\/\/www.europesays.com\/fr\/wp-json\/wp\/v2\/media?parent=202992"}],"wp:term":[{"taxonomy":"category","embeddable":true,"href":"https:\/\/www.europesays.com\/fr\/wp-json\/wp\/v2\/categories?post=202992"},{"taxonomy":"post_tag","embeddable":true,"href":"https:\/\/www.europesays.com\/fr\/wp-json\/wp\/v2\/tags?post=202992"}],"curies":[{"name":"wp","href":"https:\/\/api.w.org\/{rel}","templated":true}]}}