{"id":202994,"date":"2025-06-25T10:30:09","date_gmt":"2025-06-25T10:30:09","guid":{"rendered":"https:\/\/www.europesays.com\/fr\/202994\/"},"modified":"2025-06-25T10:30:09","modified_gmt":"2025-06-25T10:30:09","slug":"la-justice-allemande-leve-linterdiction-du-magazine-dextreme-droite-compact","status":"publish","type":"post","link":"https:\/\/www.europesays.com\/fr\/202994\/","title":{"rendered":"La justice allemande l\u00e8ve l\u2019interdiction du magazine d\u2019extr\u00eame droite \u201cCompact\u201d"},"content":{"rendered":"\n<p>Sur le tee-shirt arbor\u00e9 par le journaliste allemand J\u00fcrgen Els\u00e4sser, les mots \u201cPourfendeur du gouvernement\u201d sonnent comme une revanche. Le magazine qu\u2019il dirige, le m\u00e9dia d\u2019extr\u00eame droite Compact, <a href=\"https:\/\/www.courrierinternational.com\/article\/medias-le-magazine-d-extreme-droite-compact-interdit-en-allemagne\" target=\"_blank\" rel=\"noopener\">avait \u00e9t\u00e9 interdit en 2024\u00a0par les autorit\u00e9s allemandes<\/a>. Elles avaient estim\u00e9 qu\u2019il constituait une menace pour la d\u00e9mocratie. Mais \u201cmardi [24\u00a0juin], la Cour administrative f\u00e9d\u00e9rale est revenue sur cette interdiction\u201d, <a class=\"ithalc\" data-ithal=\"lien_externe\" data-ithalc=\"[nav_article]\" target=\"_blank\" href=\"https:\/\/www.spiegel.de\/panorama\/compact-verbotsverfahren-so-begruendet-das-bundesverwaltungsgericht-seine-entscheidung-a-e15422ad-ee2b-4bc5-a8f5-679a28c2ce51\" rel=\"noopener\">rapporte<strong> Der Spiegel<\/strong><\/a><strong>.<\/strong><\/p>\n<p>En Allemagne, le proc\u00e8s sur l\u2019interdiction du magazine a \u00e9t\u00e9 tr\u00e8s suivi. Au c\u0153ur de l\u2019instruction\u00a0: le concept de \u201cremigration\u201d, relay\u00e9 en Allemagne par l\u2019Autrichien Martin Sellner et par des membres de la formation d\u2019extr\u00eame droite Alternative pour l\u2019Allemagne (AfD). Car le terme a \u00e9t\u00e9 largement repris par Compact dans ses articles portant sur la politique migratoire de la R\u00e9publique f\u00e9d\u00e9rale.<\/p>\n<p>Sur ce point, le tribunal a \u00e9t\u00e9 clair, ce principe est \u201cclairement anticonstitutionnel\u201d, rapporte l\u2019hebdomadaire centriste. \u201cSellner fait une distinction entre les citoyens allemands selon qu\u2019ils sont issus de l\u2019immigration ou non, une vision contraire aux principes de la Constitution.\u201d Il appelle les Allemands d\u2019origine \u00e9trang\u00e8re qu\u2019il juge \u201cnon assimil\u00e9s\u201d \u00e0 quitter le pays. Pour le tribunal, cela n\u2019est \u201cpas compatible avec le respect de la dignit\u00e9 humaine\u201d.<\/p>\n<p>                    L\u2019AfD en ligne de mire       <\/p>\n<p>Mais \u201ctout cela ne suffit pas, selon la Cour, \u00e0 justifier une interdiction\u201d. Le magazine d\u2019extr\u00eame droite ne couvre pas uniquement les questions migratoires, a remarqu\u00e9 le tribunal. Cela signifie que ses travers inconstitutionnels ne sont pas \u201cpr\u00e9pond\u00e9rants\u201d. \u201cEt les \u2018critiques clivantes du pouvoir \u2019 qui y sont exprim\u00e9es, selon les termes de la Cour, sont couvertes par la libert\u00e9 d\u2019expression et de la presse.\u201d<\/p>\n<p>D\u2019apr\u00e8s le Spiegel, Compact n\u2019est pas le seul gagnant de ce proc\u00e8s. Alors que les d\u00e9bats sur l\u2019\u00e9ventuelle interdiction de l\u2019AfD secouent l\u2019Allemagne, cette victoire concerne aussi la formation politique, <a href=\"https:\/\/www.courrierinternational.com\/article\/l-office-federal-de-protection-de-la-constitution-declare-l-afd-extremiste-d-extreme-droite_230521\" target=\"_blank\" rel=\"noopener\">r\u00e9cemment qualifi\u00e9e d\u2019\u201cextr\u00e9miste d\u2019extr\u00eame droite\u201d par l\u2019Office f\u00e9d\u00e9ral de protection de la Constitution<\/a>. C\u2019est en tout cas ce que semble penser J\u00fcrgen Els\u00e4sser. \u201c\u2018S\u2019il est impossible d\u2019interdire Compact, il ne sera pas non plus possible d\u2019interdire l\u2019AfD\u2019, a-t-il d\u00e9clar\u00e9 \u00e0 la sortie du tribunal.\u201d\u00a0<\/p>\n","protected":false},"excerpt":{"rendered":"Sur le tee-shirt arbor\u00e9 par le journaliste allemand J\u00fcrgen Els\u00e4sser, les mots \u201cPourfendeur du gouvernement\u201d sonnent comme une&hellip;\n","protected":false},"author":2,"featured_media":202995,"comment_status":"","ping_status":"","sticky":false,"template":"","format":"standard","meta":{"footnotes":""},"categories":[1587],"tags":[11,672,1804,1805,1803,1777,674,7610,1801,2534,2533,12,1802,1857],"class_list":{"0":"post-202994","1":"post","2":"type-post","3":"status-publish","4":"format-standard","5":"has-post-thumbnail","7":"category-allemagne","8":"tag-actualites","9":"tag-allemagne","10":"tag-bundesrepublik-deutschland","11":"tag-de","12":"tag-deutschland","13":"tag-eu","14":"tag-europe","15":"tag-extru00eame-droite-en-allemagne","16":"tag-germany","17":"tag-libertu00e9-de-la-presse","18":"tag-mu00e9dias","19":"tag-news","20":"tag-republique-federale-dallemagne","21":"tag-sociu00e9tu00e9"},"share_on_mastodon":{"url":"https:\/\/pubeurope.com\/@fr\/114743543375695802","error":""},"_links":{"self":[{"href":"https:\/\/www.europesays.com\/fr\/wp-json\/wp\/v2\/posts\/202994","targetHints":{"allow":["GET"]}}],"collection":[{"href":"https:\/\/www.europesays.com\/fr\/wp-json\/wp\/v2\/posts"}],"about":[{"href":"https:\/\/www.europesays.com\/fr\/wp-json\/wp\/v2\/types\/post"}],"author":[{"embeddable":true,"href":"https:\/\/www.europesays.com\/fr\/wp-json\/wp\/v2\/users\/2"}],"replies":[{"embeddable":true,"href":"https:\/\/www.europesays.com\/fr\/wp-json\/wp\/v2\/comments?post=202994"}],"version-history":[{"count":0,"href":"https:\/\/www.europesays.com\/fr\/wp-json\/wp\/v2\/posts\/202994\/revisions"}],"wp:featuredmedia":[{"embeddable":true,"href":"https:\/\/www.europesays.com\/fr\/wp-json\/wp\/v2\/media\/202995"}],"wp:attachment":[{"href":"https:\/\/www.europesays.com\/fr\/wp-json\/wp\/v2\/media?parent=202994"}],"wp:term":[{"taxonomy":"category","embeddable":true,"href":"https:\/\/www.europesays.com\/fr\/wp-json\/wp\/v2\/categories?post=202994"},{"taxonomy":"post_tag","embeddable":true,"href":"https:\/\/www.europesays.com\/fr\/wp-json\/wp\/v2\/tags?post=202994"}],"curies":[{"name":"wp","href":"https:\/\/api.w.org\/{rel}","templated":true}]}}