{"id":202998,"date":"2025-06-25T10:32:11","date_gmt":"2025-06-25T10:32:11","guid":{"rendered":"https:\/\/www.europesays.com\/fr\/202998\/"},"modified":"2025-06-25T10:32:11","modified_gmt":"2025-06-25T10:32:11","slug":"le-topo-40-concurrence-ferroviaire-politique-spatiale-blanchiment-dargent-zone-euro","status":"publish","type":"post","link":"https:\/\/www.europesays.com\/fr\/202998\/","title":{"rendered":"Le Topo #40 &#8211; Concurrence ferroviaire | Politique spatiale | Blanchiment d&rsquo;argent | Zone euro"},"content":{"rendered":"<p>\tLe Topo #40 &#8211; Concurrence ferroviaire | Politique spatiale | Blanchiment d&rsquo;argent | Zone euro &#8211; Touteleurope.eu<\/p>\n<p>\t\t<img decoding=\"async\" alt=\"fermer\" class=\"close-info\" src=\"https:\/\/www.touteleurope.eu\/wp-content\/themes\/toute_leurope\/assets\/images\/close-picto-blue.svg\"\/><\/p>\n<p>Touteleurope.eu est le site p\u00e9dagogique de r\u00e9f\u00e9rence sur les questions europ\u00e9ennes : <a href=\"https:\/\/www.touteleurope.eu\/qui-sommes-nous\/\" target=\"_blank\" rel=\"noopener\">Qui sommes-nous ?<\/a><\/p>\n<p><img decoding=\"async\" class=\"logo-pdf\" alt=\"Toute L'Europe \u2013 Comprendre l'Europe\" src=\"data:image\/svg+xml,%3Csvg%20xmlns=\" http:=\"\" data-lazy-src=\"https:\/\/www.touteleurope.eu\/wp-content\/themes\/toute_leurope\/assets\/images\/logo-ttl.svg\"\/><\/p>\n","protected":false},"excerpt":{"rendered":"Le Topo #40 &#8211; Concurrence ferroviaire | Politique spatiale | Blanchiment d&rsquo;argent | Zone euro &#8211; Touteleurope.eu Touteleurope.eu&hellip;\n","protected":false},"author":2,"featured_media":202999,"comment_status":"","ping_status":"","sticky":false,"template":"","format":"standard","meta":{"footnotes":""},"categories":[1586],"tags":[11,16280,1777,674,1779,12548,1011,27,12,32155,25,6917,1778,364],"class_list":{"0":"post-202998","1":"post","2":"type-post","3":"status-publish","4":"format-standard","5":"has-post-thumbnail","7":"category-europe","8":"tag-actualites","9":"tag-droit-europeen","10":"tag-eu","11":"tag-europe","12":"tag-european-union","13":"tag-eurozone","14":"tag-fr","15":"tag-france","16":"tag-news","17":"tag-politique-spatiale","18":"tag-republique-francaise","19":"tag-transport-ferroviaire","20":"tag-ue","21":"tag-union-europeenne"},"share_on_mastodon":{"url":"https:\/\/pubeurope.com\/@fr\/114743551322222618","error":""},"_links":{"self":[{"href":"https:\/\/www.europesays.com\/fr\/wp-json\/wp\/v2\/posts\/202998","targetHints":{"allow":["GET"]}}],"collection":[{"href":"https:\/\/www.europesays.com\/fr\/wp-json\/wp\/v2\/posts"}],"about":[{"href":"https:\/\/www.europesays.com\/fr\/wp-json\/wp\/v2\/types\/post"}],"author":[{"embeddable":true,"href":"https:\/\/www.europesays.com\/fr\/wp-json\/wp\/v2\/users\/2"}],"replies":[{"embeddable":true,"href":"https:\/\/www.europesays.com\/fr\/wp-json\/wp\/v2\/comments?post=202998"}],"version-history":[{"count":0,"href":"https:\/\/www.europesays.com\/fr\/wp-json\/wp\/v2\/posts\/202998\/revisions"}],"wp:featuredmedia":[{"embeddable":true,"href":"https:\/\/www.europesays.com\/fr\/wp-json\/wp\/v2\/media\/202999"}],"wp:attachment":[{"href":"https:\/\/www.europesays.com\/fr\/wp-json\/wp\/v2\/media?parent=202998"}],"wp:term":[{"taxonomy":"category","embeddable":true,"href":"https:\/\/www.europesays.com\/fr\/wp-json\/wp\/v2\/categories?post=202998"},{"taxonomy":"post_tag","embeddable":true,"href":"https:\/\/www.europesays.com\/fr\/wp-json\/wp\/v2\/tags?post=202998"}],"curies":[{"name":"wp","href":"https:\/\/api.w.org\/{rel}","templated":true}]}}