{"id":203006,"date":"2025-06-25T10:38:12","date_gmt":"2025-06-25T10:38:12","guid":{"rendered":"https:\/\/www.europesays.com\/fr\/203006\/"},"modified":"2025-06-25T10:38:12","modified_gmt":"2025-06-25T10:38:12","slug":"un-joueur-sest-blesse-a-lentrainement-et-na-pas-pu-postuler-pour-la-tournee","status":"publish","type":"post","link":"https:\/\/www.europesays.com\/fr\/203006\/","title":{"rendered":"un joueur s\u2019est bless\u00e9 \u00e0 l\u2019entra\u00eenement et n\u2019a pas pu postuler pour la tourn\u00e9e"},"content":{"rendered":"<p>Les derniers jours ont \u00e9t\u00e9 agit\u00e9 du c\u00f4t\u00e9 de Marcoussis. Apr\u00e8s la victoire face \u00e0 l\u2019Angleterre pour leur premier match de l\u2019\u00e9t\u00e9, les Bleus se sont retrouv\u00e9s au centre national de rugby pour poursuivre leur pr\u00e9paration avant la liste finale et le d\u00e9part pour la Nouvelle-Z\u00e9lande.<\/p>\n<p>Une d\u00e9chirure au mollet pour Z\u00e9gueur<\/p>\n<p>Sans que ce soit officiellement annonc\u00e9, plusieurs joueurs ont \u00e9t\u00e9 invit\u00e9 \u00e0 rejoindre le reste du groupe du XV de France pour participer aux derni\u00e8res s\u00e9ances avant le d\u00e9part. Parmi eux se trouvait notamment Sacha Z\u00e9gueur. N\u00e9anmoins, le Palois n\u2019a pas eu l\u2019occasion de postuler pour une place dans le groupe, se blessant lors de l\u2019entra\u00eenement du mardi, comme le rapporte <a href=\"https:\/\/www.sudouest.fr\/sport\/rugby\/section-paloise\/top-14-sacha-zegueur-un-aller-retour-express-et-une-blessure-avec-les-bleus-24984276.php\" rel=\"nofollow noopener\" target=\"_blank\">Sud-Ouest<\/a>.<\/p>\n<p>Le champion du monde U20 souffre d\u2019une d\u00e9chirure au mollet et a donc rallier le B\u00e9arn pour se soigner. Il ne grossira pas le contingent palois des joueurs retenus pour cette tourn\u00e9e, avec Gailleton, Auradou, Daubagna et Attissogb\u00e9.<\/p>\n<p>Partagez cette info avec vos amis et vos proches en cliquant ici<br \/>Pour r\u00e9sumer<\/p>\n<p>Selon les informations de Sud-Ouest, un joueur ayant rejoint Marcoussis dans le week-end s\u2019est bless\u00e9 \u00e0 l\u2019entra\u00eenement et n\u2019a pas pu postuler pour partir en tourn\u00e9e avec le XV de France. Sacha Z\u00e9gueur s&rsquo;est bless\u00e9 au mollet.<\/p>\n<p> <img decoding=\"async\" width=\"76\" height=\"76\" loading=\"lazy\" src=\"https:\/\/www.europesays.com\/fr\/wp-content\/uploads\/2025\/04\/avatar-quinze.png\" alt=\"Arnaud D\u00e9chelotte\"\/><\/p>\n","protected":false},"excerpt":{"rendered":"Les derniers jours ont \u00e9t\u00e9 agit\u00e9 du c\u00f4t\u00e9 de Marcoussis. Apr\u00e8s la victoire face \u00e0 l\u2019Angleterre pour leur&hellip;\n","protected":false},"author":2,"featured_media":203007,"comment_status":"","ping_status":"","sticky":false,"template":"","format":"standard","meta":{"footnotes":""},"categories":[1416],"tags":[1011,27,479,1468,60],"class_list":{"0":"post-203006","1":"post","2":"type-post","3":"status-publish","4":"format-standard","5":"has-post-thumbnail","7":"category-rugby","8":"tag-fr","9":"tag-france","10":"tag-rugby","11":"tag-rugby-football","12":"tag-sports"},"share_on_mastodon":{"url":"https:\/\/pubeurope.com\/@fr\/114743575188492159","error":""},"_links":{"self":[{"href":"https:\/\/www.europesays.com\/fr\/wp-json\/wp\/v2\/posts\/203006","targetHints":{"allow":["GET"]}}],"collection":[{"href":"https:\/\/www.europesays.com\/fr\/wp-json\/wp\/v2\/posts"}],"about":[{"href":"https:\/\/www.europesays.com\/fr\/wp-json\/wp\/v2\/types\/post"}],"author":[{"embeddable":true,"href":"https:\/\/www.europesays.com\/fr\/wp-json\/wp\/v2\/users\/2"}],"replies":[{"embeddable":true,"href":"https:\/\/www.europesays.com\/fr\/wp-json\/wp\/v2\/comments?post=203006"}],"version-history":[{"count":0,"href":"https:\/\/www.europesays.com\/fr\/wp-json\/wp\/v2\/posts\/203006\/revisions"}],"wp:featuredmedia":[{"embeddable":true,"href":"https:\/\/www.europesays.com\/fr\/wp-json\/wp\/v2\/media\/203007"}],"wp:attachment":[{"href":"https:\/\/www.europesays.com\/fr\/wp-json\/wp\/v2\/media?parent=203006"}],"wp:term":[{"taxonomy":"category","embeddable":true,"href":"https:\/\/www.europesays.com\/fr\/wp-json\/wp\/v2\/categories?post=203006"},{"taxonomy":"post_tag","embeddable":true,"href":"https:\/\/www.europesays.com\/fr\/wp-json\/wp\/v2\/tags?post=203006"}],"curies":[{"name":"wp","href":"https:\/\/api.w.org\/{rel}","templated":true}]}}