{"id":203008,"date":"2025-06-25T10:39:09","date_gmt":"2025-06-25T10:39:09","guid":{"rendered":"https:\/\/www.europesays.com\/fr\/203008\/"},"modified":"2025-06-25T10:39:09","modified_gmt":"2025-06-25T10:39:09","slug":"atp-roger-federer-devoile-enfin-le-top-3-des-matchs-de-sa-carriere-ca-demenage","status":"publish","type":"post","link":"https:\/\/www.europesays.com\/fr\/203008\/","title":{"rendered":"ATP > Roger Federer d\u00e9voile enfin le Top 3 des matchs de sa carri\u00e8re, \u00e7a d\u00e9m\u00e9nage !"},"content":{"rendered":"<p>Dans une inter\u00adview accord\u00e9e \u00e0<strong><a href=\"https:\/\/www.eurosport.es\/tenis\/roger-federer-exclusiva-entrevista-raqueta-wilson-emociones-pasado_sto23195274\/story.shtml\" data-wpel-link=\"external\" target=\"_blank\" rel=\"nofollow external noopener\"> Eurosport<\/a><\/strong> Espagne tr\u00e8s orient\u00e9e autour de la sortie de la deuxi\u00e8me version de sa collec\u00adtion chez son \u00e9qui\u00adpe\u00admen\u00adtier, Roger Federer a bien voulu d\u00e9voil\u00e9 le Top 3 des matchs de sa carri\u00e8re. Son choix n\u2019est pas une surprise mais il reste tr\u00e8s instructif.<\/p>\n<p>\u00ab\u202f<strong>La premi\u00e8re que je voudrais rappeler est claire\u00a0: Wimbledon 2001 et mon match contre Pete Sampras. Ce match, c\u2019\u00e9tait affronter le h\u00e9ros de toute une g\u00e9n\u00e9\u00adra\u00adtion, ma premi\u00e8re fois sur\u00a0 le court central\u00a0de Wimbledon, sans savoir tout ce que ce tournoi allait m\u2019ap\u00adporter dans ma carri\u00e8re. Deuxi\u00e8mement, je choi\u00adsi\u00adrais la finale de Roland\u2010Garros 2009. J\u2019ai long\u00adtemps couru apr\u00e8s ce tournoi, jusqu\u2019\u00e0 cette saison o\u00f9 les vannes se sont ouvertes avec l\u2019\u00e9li\u00admi\u00adna\u00adtion de Rafa. J\u2019avais l\u2019im\u00adpres\u00adsion que tout le monde \u00e9tait derri\u00e8re moi\u202f; ils voulaient vrai\u00adment que je gagne\u202f; \u00e7a m\u2019a fait me sentir tr\u00e8s sp\u00e9cial. Enfin, je m\u2019en tien\u00addrai \u00e0 la finale de l\u2019Open d\u2019Australie 2017, juste apr\u00e8s mes probl\u00e8mes de genou. C\u2019\u00e9tait un match complet, il y avait tout. J\u2019aimerais revivre toutes ces \u00e9motions, mais\u2026 enfin, vous\u00a0savez\u202f\u00bb<\/strong><\/p>\n<p class=\"post-published-date\" style=\"color: silver; font-size: 75%; text-align: left;\">Publi\u00e9 le mercredi 25 juin 2025 \u00e0 11:50<\/p>\n","protected":false},"excerpt":{"rendered":"Dans une inter\u00adview accord\u00e9e \u00e0 Eurosport Espagne tr\u00e8s orient\u00e9e autour de la sortie de la deuxi\u00e8me version de&hellip;\n","protected":false},"author":2,"featured_media":22628,"comment_status":"","ping_status":"","sticky":false,"template":"","format":"standard","meta":{"footnotes":""},"categories":[1415],"tags":[2199,1011,27,60,1467],"class_list":{"0":"post-203008","1":"post","2":"type-post","3":"status-publish","4":"format-standard","5":"has-post-thumbnail","7":"category-tennis","8":"tag-federer","9":"tag-fr","10":"tag-france","11":"tag-sports","12":"tag-tennis"},"share_on_mastodon":{"url":"https:\/\/pubeurope.com\/@fr\/114743578634725795","error":""},"_links":{"self":[{"href":"https:\/\/www.europesays.com\/fr\/wp-json\/wp\/v2\/posts\/203008","targetHints":{"allow":["GET"]}}],"collection":[{"href":"https:\/\/www.europesays.com\/fr\/wp-json\/wp\/v2\/posts"}],"about":[{"href":"https:\/\/www.europesays.com\/fr\/wp-json\/wp\/v2\/types\/post"}],"author":[{"embeddable":true,"href":"https:\/\/www.europesays.com\/fr\/wp-json\/wp\/v2\/users\/2"}],"replies":[{"embeddable":true,"href":"https:\/\/www.europesays.com\/fr\/wp-json\/wp\/v2\/comments?post=203008"}],"version-history":[{"count":0,"href":"https:\/\/www.europesays.com\/fr\/wp-json\/wp\/v2\/posts\/203008\/revisions"}],"wp:featuredmedia":[{"embeddable":true,"href":"https:\/\/www.europesays.com\/fr\/wp-json\/wp\/v2\/media\/22628"}],"wp:attachment":[{"href":"https:\/\/www.europesays.com\/fr\/wp-json\/wp\/v2\/media?parent=203008"}],"wp:term":[{"taxonomy":"category","embeddable":true,"href":"https:\/\/www.europesays.com\/fr\/wp-json\/wp\/v2\/categories?post=203008"},{"taxonomy":"post_tag","embeddable":true,"href":"https:\/\/www.europesays.com\/fr\/wp-json\/wp\/v2\/tags?post=203008"}],"curies":[{"name":"wp","href":"https:\/\/api.w.org\/{rel}","templated":true}]}}