{"id":203013,"date":"2025-06-25T10:43:09","date_gmt":"2025-06-25T10:43:09","guid":{"rendered":"https:\/\/www.europesays.com\/fr\/203013\/"},"modified":"2025-06-25T10:43:09","modified_gmt":"2025-06-25T10:43:09","slug":"cyclisme-route-arkea-et-bb-hotels-vont-quitter-lequipe-demmanuel-hubert-fin-2025","status":"publish","type":"post","link":"https:\/\/www.europesays.com\/fr\/203013\/","title":{"rendered":"Cyclisme. Route &#8211; Ark\u00e9a et B&#038;B Hotels vont quitter l&rsquo;\u00e9quipe d&rsquo;Emmanuel Hubert fin 2025"},"content":{"rendered":"<p>Le cri d&rsquo;alerte de <strong><a href=\"https:\/\/www.cyclismactu.net\/..\/news-tour-de-suisse-route-kevin-vauquelin-je-vous-presente-toutes-mes-excuses-88496.html\" target=\"_blank\" rel=\"nofollow noopener\">K\u00e9vin Vauquelin<\/a> <\/strong>\u00e0 l&rsquo;issue de son superbe <strong>Tour de Suisse<\/strong> n&rsquo;aura donc pas suffi. Comme on le pressentait depuis plusieurs mois, l\u2019\u00e9quipe <strong>Arkea-B&amp;B Hotels<\/strong> a \u00e9t\u00e9 inform\u00e9e ce mercredi 25 juin par ses deux partenaires titres du non-renouvellement de leurs contrats respectifs arrivant \u00e0 \u00e9ch\u00e9ance \u00e0 la fin de la saison, au 31 d\u00e9cembre 2025, eux qui avaient d\u00e9but\u00e9 l&rsquo;aventure et leur sponsoring en 2019 pour\u00a0<strong>Ark\u00e9a<\/strong>\u00a0et en 2024 pour\u00a0<strong>B&amp;B Hotels<\/strong>. Le manager g\u00e9n\u00e9ral\u00a0<strong><a href=\"https:\/\/www.cyclismactu.net\/..\/news-interview-route-emmanuel-hubert-j-ai-54-ans-j-ai-aussi-grandi-dans-ma-tete-85908.html\" target=\"_blank\" rel=\"nofollow noopener\">Emmanuel Hubert<\/a><\/strong> se retrouve dans l\u2019obligation de trouver de nouveaux sponsors pour p\u00e9renniser sa structure de 150\u00a0salari\u00e9s, qui comporte une section masculine, f\u00e9minine et une Conti. \u00c0 dix jours du <strong>Tour de France<\/strong>, un marathon commence&#8230; ou plut\u00f4t continue pour le patron historique de la formation bretonne dont le si\u00e8ge est situ\u00e9 \u00e0 Bruz (Ille-et-Vilaine), <a href=\"https:\/\/www.cyclismactu.net\/..\/news-route-emmanuel-hubert-mon-equipe-arkea-b-b-hotels-est-en-danger-de-mort-87486.html\" target=\"_blank\" rel=\"nofollow noopener\">lui qui tirait depuis longtemps la sonnette d&rsquo;alarme<\/a> sur\u00a0les difficult\u00e9s auxquelles il faisait face pour trouver des sponsors et assurer l&rsquo;avenir de son \u00e9quipe, qu&rsquo;il a cr\u00e9\u00e9e en 2005.<\/p>\n<p>Vid\u00e9o &#8211; Emmanuel Hubert avec Cyclism&rsquo;Actu en d\u00e9but de saison Lire la suite de l&rsquo;article&#13;<\/p>\n<p>\u00a0<\/p>\n<p>&#13;<br \/>\nLe communiqu\u00e9 de presse&#13;<\/p>\n<p>\u00ab\u00a0L\u2019\u00e9quipe ARKEA-B&amp;B HOTELS a \u00e9t\u00e9 inform\u00e9e par ses deux partenaires titres du non-renouvellement de leurs contrats respectifs arrivant \u00e0 \u00e9ch\u00e9ance \u00e0 la fin de la saison, au 31 d\u00e9cembre 2025.\u00a0Dans un contexte financier exigeant pour le cyclisme, Emmanuel Hubert et ses \u00e9quipes sont pleinement engag\u00e9s dans une d\u00e9marche active de recherche de nouveaux partenaires. L\u2019\u00e9quipe, le staff et leurs repr\u00e9sentants tiennent \u00e0 remercier sinc\u00e8rement le Cr\u00e9dit Mutuel Ark\u00e9a et B&amp;B HOTELS pour leur engagement et leur confiance au cours des derni\u00e8res ann\u00e9es.<\/p>\n<p>&#13;<\/p>\n<p>Le Cr\u00e9dit Mutuel Ark\u00e9a, via d\u2019abord Fortuneo puis en son nom propre, a soutenu l\u2019\u00e9quipe pendant pr\u00e8s de dix ans, une long\u00e9vit\u00e9 et une fid\u00e9lit\u00e9 rares dans le cyclisme professionnel d\u2019aujourd\u2019hui. Le groupe B&amp;B HOTELS a quant \u00e0 lui jou\u00e9 un r\u00f4le d\u00e9cisif pour permettre \u00e0 l\u2019\u00e9quipe de franchir un cap au cours des deux derni\u00e8res ann\u00e9es.<\/p>\n<p>&#13;<\/p>\n<p>Dans cette p\u00e9riode de recherche de nouveaux partenaires, la structure et ses \u00e9quipes sont plus que jamais d\u00e9termin\u00e9es \u00e0 performer sur les diff\u00e9rentes courses qui vont jalonner la saison, afin notamment de faire briller les couleurs du maillot ARKEA-B&amp;B HOTELS.\u00a0\u00bb<\/p>\n<p>&#13;<\/p>\n<p>\u00a0<\/p>\n<p>&#13;<br \/>\n<strong>Emmanuel Hubert,\u00a0<\/strong>Manager G\u00e9n\u00e9ral d&rsquo;<strong>Arkea-B&amp;B Hotels<\/strong>\u00a0 \u00a0 \u00a0 \u00a0 \u00a0 \u00a0 \u00a0&#13;<\/p>\n<p>\u00ab\u00a0Je tiens \u00e0 remercier ARKEA et B&amp;B HOTELS pour leur pr\u00e9sence \u00e0 nos c\u00f4t\u00e9s. Une d\u00e9cennie pour ARKEA, ce qui nous a permis d&rsquo;\u00e9crire de beaux chapitres ensemble, tandis que B&amp;B HOTELS nous a donn\u00e9 l&rsquo;occasion de changer de dimension \u00e0 partir de 2024. ARKEA et B&amp;B HOTELS ont \u00e9t\u00e9 de tr\u00e8s beaux partenaires qui nous ont permis de r\u00e9aliser de tr\u00e8s belles choses dans notre sport, au plus haut-niveau de celui-ci. Nous avons v\u00e9hicul\u00e9 beaucoup de bonheur aupr\u00e8s de nos supporters bretons, mais pas que, puisque notre \u00e9quipe rayonne sur le territoire fran\u00e7ais et international, comme ce fut encore le cas lors du r\u00e9cent Tour de Suisse. Restant dans une d\u00e9marche constructive et optimiste, je travaille d&rsquo;arrache-pied pour p\u00e9renniser l&rsquo;avenir de l\u2019\u00e9quipe. C&rsquo;est mon objectif de tous les instants. Je sais que rien n&rsquo;est jamais acquis mais je veux y croire. Je reste confiant dans notre projet et continue \u00e0 le porter aupr\u00e8s de potentiels nouveaux partenaires qui sauront se retrouver dans l\u2019ambition et les valeurs que nous portons.\u00a0\u00bb<\/p>\n","protected":false},"excerpt":{"rendered":"Le cri d&rsquo;alerte de K\u00e9vin Vauquelin \u00e0 l&rsquo;issue de son superbe Tour de Suisse n&rsquo;aura donc pas suffi.&hellip;\n","protected":false},"author":2,"featured_media":203014,"comment_status":"","ping_status":"","sticky":false,"template":"","format":"standard","meta":{"footnotes":""},"categories":[1411],"tags":[1154,207,211,1011,27,209,60,210,212,208,213],"class_list":{"0":"post-203013","1":"post","2":"type-post","3":"status-publish","4":"format-standard","5":"has-post-thumbnail","7":"category-cyclisme","8":"tag-cycling","9":"tag-cyclisme","10":"tag-ffc","11":"tag-fr","12":"tag-france","13":"tag-route","14":"tag-sports","15":"tag-tour-de-france","16":"tag-uci","17":"tag-velo","18":"tag-world-tour"},"share_on_mastodon":{"url":"https:\/\/pubeurope.com\/@fr\/114743594393550267","error":""},"_links":{"self":[{"href":"https:\/\/www.europesays.com\/fr\/wp-json\/wp\/v2\/posts\/203013","targetHints":{"allow":["GET"]}}],"collection":[{"href":"https:\/\/www.europesays.com\/fr\/wp-json\/wp\/v2\/posts"}],"about":[{"href":"https:\/\/www.europesays.com\/fr\/wp-json\/wp\/v2\/types\/post"}],"author":[{"embeddable":true,"href":"https:\/\/www.europesays.com\/fr\/wp-json\/wp\/v2\/users\/2"}],"replies":[{"embeddable":true,"href":"https:\/\/www.europesays.com\/fr\/wp-json\/wp\/v2\/comments?post=203013"}],"version-history":[{"count":0,"href":"https:\/\/www.europesays.com\/fr\/wp-json\/wp\/v2\/posts\/203013\/revisions"}],"wp:featuredmedia":[{"embeddable":true,"href":"https:\/\/www.europesays.com\/fr\/wp-json\/wp\/v2\/media\/203014"}],"wp:attachment":[{"href":"https:\/\/www.europesays.com\/fr\/wp-json\/wp\/v2\/media?parent=203013"}],"wp:term":[{"taxonomy":"category","embeddable":true,"href":"https:\/\/www.europesays.com\/fr\/wp-json\/wp\/v2\/categories?post=203013"},{"taxonomy":"post_tag","embeddable":true,"href":"https:\/\/www.europesays.com\/fr\/wp-json\/wp\/v2\/tags?post=203013"}],"curies":[{"name":"wp","href":"https:\/\/api.w.org\/{rel}","templated":true}]}}