{"id":203017,"date":"2025-06-25T10:45:11","date_gmt":"2025-06-25T10:45:11","guid":{"rendered":"https:\/\/www.europesays.com\/fr\/203017\/"},"modified":"2025-06-25T10:45:11","modified_gmt":"2025-06-25T10:45:11","slug":"jeff-bezos-change-les-plans-de-son-mariage-a-venise-a-cause-de-crocodiles-gonflables","status":"publish","type":"post","link":"https:\/\/www.europesays.com\/fr\/203017\/","title":{"rendered":"Jeff Bezos change les plans de son mariage \u00e0 Venise \u00e0 cause&#8230; de crocodiles gonflables"},"content":{"rendered":"<p>        <img decoding=\"async\" loading=\"lazy\" src=\"https:\/\/www.europesays.com\/fr\/wp-content\/uploads\/2025\/06\/1a42bb5_1658619678060-618a920f2100001a7a6fed7b.jpeg\"  width=\"728\" height=\"409\" alt=\"Jeff Bezos et Lauren Sanchez, ici \u00e0 Los Angeles, le 6 novembre 2021.\"\/>  <\/p>\n<p>Taylor Hill via Getty Images<\/p>\n<p>Jeff Bezos et Lauren Sanchez, ici \u00e0 Los Angeles, le 6 novembre 2021.<\/p>\n<p class=\"asset asset-text\">PEOPLE &#8211; \u00ab\u00a0Ah les cro-cro-cro, les cro-cro-cro les crocodiles\u2026\u00a0\u00bb. Le <a href=\"https:\/\/www.huffingtonpost.fr\/people\/article\/mariage-de-jeff-bezos-et-lauren-sanchez-a-venise-ce-que-l-on-sait-des-noces-controversees-du-fondateur-d-amazon_251553.html\" target=\"_blank\" rel=\"noopener\">mariage du si\u00e8cle<\/a> fait grincer les dents des habitants de Venise. Au point que <a href=\"https:\/\/www.huffingtonpost.fr\/international\/video\/jeff-bezos-fait-un-gros-cheque-pour-tenter-de-calmer-les-esprits-a-venise-avant-son-mariage_251719.html\" target=\"_blank\" rel=\"noopener\">Jeff Bezos<\/a> et Lauren S\u00e1nchez ont d\u00fb changer leurs plans en derni\u00e8re minute. Le magnat de la tech et sa fianc\u00e9e ont en effet d\u00e9cid\u00e9 de modifier le lieu de leur r\u00e9ception fastueuse, apr\u00e8s une menace tr\u00e8s s\u00e9rieuse. Celle d\u2019un l\u00e2cher de centaines de crocodiles gonflables.<\/p>\n<p class=\"asset asset-text\">Les noces du fondateur d\u2019Amazon et de la journaliste sont pr\u00e9vues pour durer trois jours du 26\u00a0au 28\u00a0juin. Comme le rapportent nos confr\u00e8res du <a href=\"https:\/\/www.theguardian.com\/technology\/2025\/jun\/24\/jeff-bezos-lauren-sanchez-change-wedding-reception-location-in-venice-after-threatened-protest\" target=\"_blank\" rel=\"noopener\" title=\"Nouvelle fen\u00eatre\">Guardian<\/a>, la r\u00e9ception principale devait se tenir en plein centre historique de Venise, \u00e0 la Scuola Grande della Misericordia, un b\u00e2timent datant du XVIe\u00a0si\u00e8cle. Mais le lieu de la f\u00eate a finalement \u00e9t\u00e9 d\u00e9plac\u00e9 dans un quartier isol\u00e9 et moins accessible de la ville lacustre pour des raisons de s\u00e9curit\u00e9 et afin d\u2019\u00e9viter tout risque de manifestation, <a href=\"https:\/\/www.reuters.com\/business\/media-telecom\/bezos-venice-wedding-party-moved-isolated-area-security-concerns-2025-06-24\/\" target=\"_blank\" rel=\"noopener\" title=\"Nouvelle fen\u00eatre\">ont indiqu\u00e9 des sources \u00e0 l\u2019agence Reuters<\/a>.<\/p>\n<p class=\"asset asset-text\">En cause, une menace bien sp\u00e9cifique prof\u00e9r\u00e9e par des locaux oppos\u00e9s au mariage de Jeff Bezos et \u00e0 sa \u00ab\u00a0location de la ville\u00a0\u00bb. Ces derniers ont en effet promis de remplir les canaux encadrant la Scuola Grande della Misericordia avec des bou\u00e9es gonflables en forme de crocodiles, dans l\u2019objectif d\u2019emp\u00eacher les 200\u00a0invit\u00e9s d\u2019acc\u00e9der, en bateau, \u00e0 la r\u00e9ception.<\/p>\n<p>    Le mariage de Jeff Bezos \u00e0 l\u2019Arsenale    <\/p>\n<p class=\"asset asset-text\">Jeff Bezos et Lauren S\u00e1nchez ont donc choisi \u00e0 la place d\u2019organiser leur r\u00e9ception \u00e0 l\u2019Arsenale, un ensemble de b\u00e2timents prot\u00e9g\u00e9s par de hauts murs fortifi\u00e9s. D\u2019apr\u00e8s <a href=\"https:\/\/economictimes.indiatimes.com\/news\/international\/us\/jeff-bezos-lavish-venice-wedding-relocated-after-locals-threaten-to-flood-canals-with-giant-fake-crocodiles\/articleshow\/122050271.cms?from=mdr\" target=\"_blank\" rel=\"noopener\" title=\"Nouvelle fen\u00eatre\">The Economic Times<\/a>, cette d\u00e9cision ne serait pas uniquement due aux crocodiles gonflables, mais \u00e9galement \u00e0 la pr\u00e9sence de certains invit\u00e9s et \u00e0 la situation g\u00e9opolitique internationale. La pr\u00e9sence d\u2019Ivanka Trump, la fille du pr\u00e9sident am\u00e9ricain, alors que les \u00c9tats-Unis sont entr\u00e9s dans le conflit entre Isra\u00ebl et l\u2019Iran serait notamment un sujet de vigilance.<\/p>\n<p> La lecture de ce contenu est susceptible d\u2019entra\u00eener un d\u00e9p\u00f4t de cookies de la part de l\u2019op\u00e9rateur tiers qui l\u2019h\u00e9berge. Compte-tenu des choix que vous avez exprim\u00e9s en mati\u00e8re de d\u00e9p\u00f4t de cookies, nous avons bloqu\u00e9 l\u2019affichage de ce contenu. Si vous souhaitez y acc\u00e9der, vous devez accepter la cat\u00e9gorie de cookies \u201cContenus tiers\u201d en cliquant sur le bouton ci-dessous. <\/p>\n<p> Lire la Vid\u00e9o        <\/p>\n<p class=\"asset asset-text\">Depuis l\u2019annonce du mariage en mars, la grogne monte \u00e0 Venise. La semaine derni\u00e8re d\u00e9j\u00e0, des manifestations avaient eu lieu dans la ville italienne. \u00ab\u00a0Il n\u2019est pas le bienvenu, ni \u00e0\u00a0Venise, ni ailleurs\u00a0!\u00a0\u00bb, avait post\u00e9 sur Facebook le collectif\u00a0No Space for Bezos. \u00ab\u00a0Venise\u00a0est une ville vivante, pas un local \u00e0 louer au meilleur prix\u00a0\u00bb, avait aussi affirm\u00e9 le collectif sur les r\u00e9seaux sociaux. Au centre des protestations, la crainte des habitants de voir la cit\u00e9 des Doges devenir un lieu \u00e0 louer pour les milliardaires. Mais aussi l\u2019impact environnemental d\u2019un tel \u00e9v\u00e8nement, Jeff Bezos ayant pr\u00e9vu de faire mouiller son yatch de 126\u00a0m\u00e8tres \u00e0 Venise, tandis que les invit\u00e9s vont venir pour la plupart en jet priv\u00e9.<\/p>\n<p class=\"asset asset-text\">Pour tenter de calmer les esprits \u00e9chauff\u00e9s, le milliardaire a fait une donation d\u2019un million d\u2019euros au Consortium pour la coordination des recherches relatives \u00e0 la lagune de Venise. Environ 200\u00a0invit\u00e9s sont attendus, parmi lesquels Ivanka Trump donc mais \u00e9galement Elon Musk, Leonardo DiCaprio ou encore Orlando Bloom et Katy Perry.<\/p>\n","protected":false},"excerpt":{"rendered":"Taylor Hill via Getty Images Jeff Bezos et Lauren Sanchez, ici \u00e0 Los Angeles, le 6 novembre 2021.&hellip;\n","protected":false},"author":2,"featured_media":203018,"comment_status":"","ping_status":"","sticky":false,"template":"","format":"standard","meta":{"footnotes":""},"categories":[1359],"tags":[58,59,1011,27,452,697,1930,973,16787],"class_list":{"0":"post-203017","1":"post","2":"type-post","3":"status-publish","4":"format-standard","5":"has-post-thumbnail","7":"category-people","8":"tag-divertissement","9":"tag-entertainment","10":"tag-fr","11":"tag-france","12":"tag-italie","13":"tag-jeff-bezos","14":"tag-mariage","15":"tag-people","16":"tag-venise"},"share_on_mastodon":{"url":"https:\/\/pubeurope.com\/@fr\/114743602353835519","error":""},"_links":{"self":[{"href":"https:\/\/www.europesays.com\/fr\/wp-json\/wp\/v2\/posts\/203017","targetHints":{"allow":["GET"]}}],"collection":[{"href":"https:\/\/www.europesays.com\/fr\/wp-json\/wp\/v2\/posts"}],"about":[{"href":"https:\/\/www.europesays.com\/fr\/wp-json\/wp\/v2\/types\/post"}],"author":[{"embeddable":true,"href":"https:\/\/www.europesays.com\/fr\/wp-json\/wp\/v2\/users\/2"}],"replies":[{"embeddable":true,"href":"https:\/\/www.europesays.com\/fr\/wp-json\/wp\/v2\/comments?post=203017"}],"version-history":[{"count":0,"href":"https:\/\/www.europesays.com\/fr\/wp-json\/wp\/v2\/posts\/203017\/revisions"}],"wp:featuredmedia":[{"embeddable":true,"href":"https:\/\/www.europesays.com\/fr\/wp-json\/wp\/v2\/media\/203018"}],"wp:attachment":[{"href":"https:\/\/www.europesays.com\/fr\/wp-json\/wp\/v2\/media?parent=203017"}],"wp:term":[{"taxonomy":"category","embeddable":true,"href":"https:\/\/www.europesays.com\/fr\/wp-json\/wp\/v2\/categories?post=203017"},{"taxonomy":"post_tag","embeddable":true,"href":"https:\/\/www.europesays.com\/fr\/wp-json\/wp\/v2\/tags?post=203017"}],"curies":[{"name":"wp","href":"https:\/\/api.w.org\/{rel}","templated":true}]}}