{"id":203019,"date":"2025-06-25T10:46:13","date_gmt":"2025-06-25T10:46:13","guid":{"rendered":"https:\/\/www.europesays.com\/fr\/203019\/"},"modified":"2025-06-25T10:46:13","modified_gmt":"2025-06-25T10:46:13","slug":"sur-les-traces-de-cezanne-a-aix-en-provence-les-carrieres-de-bibemus","status":"publish","type":"post","link":"https:\/\/www.europesays.com\/fr\/203019\/","title":{"rendered":"Sur les traces de Cezanne \u00e0 Aix-en-Provence\u00a0: les carri\u00e8res de Bib\u00e9mus"},"content":{"rendered":"\n<p class=\"c-chapo \">\n  \u00c0 l&rsquo;occasion de l&rsquo;exposition \u00e9v\u00e9nement organis\u00e9e au mus\u00e9e Granet jusqu&rsquo;au 12\u00a0octobre, nous avons choisi de vous entra\u00eener dans les pas de Paul Cezanne avec une s\u00e9rie d&rsquo;articles consacr\u00e9e \u00e0 l&rsquo;illustre peintre proven\u00e7al.\n<\/p>\n<p>    <img loading=\"lazy\" decoding=\"async\" class=\"signature__image lazyload\" width=\"100\" height=\"100\" data- alt=\"\" src=\"https:\/\/www.europesays.com\/fr\/wp-content\/uploads\/2025\/05\/61b8b99b80249_valerie-gaget.png\"\/><\/p>\n<p>          France T\u00e9l\u00e9visions &#8211; R\u00e9daction Culture<\/p>\n<p>    Publi\u00e9 le 25\/06\/2025 06:00<\/p>\n<p>        Temps de lecture : 5min<\/p>\n<p>    <img decoding=\"async\"  alt=\"Le cabanon qu'utilisait le peintre Paul Cezanne sur le site des carri\u00e8res de Bib\u00e9mus, pr\u00e8s d'Aix-en-Provence, en mars\u00a02025. (VALERIE GAGET\u00a0\/\u00a0FRANCEINFO CULTURE)\" width=\"432\" height=\"243\" src=\"https:\/\/www.europesays.com\/fr\/wp-content\/uploads\/2025\/06\/cezanne2025-ma-photo-cabanon-bibemus-6801147fd78d3275806112.jpg\" fetchpriority=\"high\"\/><\/p>\n<p>      Le cabanon qu&rsquo;utilisait le peintre Paul Cezanne sur le site des carri\u00e8res de Bib\u00e9mus, pr\u00e8s d&rsquo;Aix-en-Provence, en mars\u00a02025. (VALERIE GAGET\u00a0\/\u00a0FRANCEINFO CULTURE)<\/p>\n<p>\u00c0 30\u00a0minutes de marche d&rsquo;Aix-en-Provence, les anciennes carri\u00e8res de pierre de Bib\u00e9mus ont l&rsquo;allure d&rsquo;un jardin d&rsquo;Eden. Entre 1890 et 1904, par tous les temps, Paul Cezanne vint y poser son chevalet, \u00e0 la recherche du meilleur point de vue sur la montagne Sainte-Victoire qui \u00e9merge au loin, dominant ce chaos de roches. En contrebas, on peut \u00e9galement apercevoir le barrage con\u00e7u par Fran\u00e7ois Zola, le p\u00e8re de l&rsquo;\u00e9crivain, mort au d\u00e9but des travaux en 1847.<\/p>\n<p>Ce grand plateau, situ\u00e9 entre la route de Vauvenargues et celle du Tholonet, est un terrain de jeu infini pour sa palette. Les couleurs chaudes, ou plus froides, des pierres lui ont inspir\u00e9 certaines de ses toiles les plus connues. Sept\u00a0motifs embl\u00e9matiques sont encore rep\u00e9rables, pour qui sait s&rsquo;attarder, sur ce site naturel prot\u00e9g\u00e9. Pour voir avec les yeux de Cezanne, en 2025 comme en 1900.<\/p>\n<p>    <img decoding=\"async\" class=\"cms-media-image lazyload\" alt=\"Paul Cezanne, \" la=\"\" montagne=\"\" sainte-victoire=\"\" huile=\"\" sur=\"\" toile=\"\" mus=\"\" des=\"\" beaux-arts=\"\" de=\"\" berne=\"\" en=\"\" suisse=\"\" legs=\"\" cornelius=\"\" gurlitt=\"\" bern=\"\" width=\"720\" height=\"565.32380527021\" data- src=\"https:\/\/www.europesays.com\/fr\/wp-content\/uploads\/2025\/06\/5-cezanne-67ecf9a33c0a7804886647.jpg\"\/><\/p>\n<p>      Paul Cezanne, \u00ab\u00a0La Montagne Sainte-Victoire\u00a0\u00bb, 1897, huile sur toile, 73&#215;91,5\u00a0cm, Mus\u00e9e des beaux-arts de Berne, en Suisse, legs Cornelius Gurlitt, 2014. (KUNSTMUSEUM BERN)<\/p>\n<p>Michel Fraisset, pr\u00e9sident de l&rsquo;office de tourisme d&rsquo;Aix-en-Provence, conna\u00eet l&rsquo;endroit comme sa poche et nous guide dans ses m\u00e9andres. Sur un rocher, il nous fait observer une date \u00ab\u00a0sans doute grav\u00e9e par un carrier\u00a0\u00bb\u00a0: 1784. Ici, l&rsquo;extraction des pierres de gr\u00e8s calcaire a commenc\u00e9 d\u00e8s l&rsquo;\u00e9poque romaine pour s&rsquo;arr\u00eater d\u00e9finitivement \u00e0 la fin du XVIIIe\u00a0si\u00e8cle.<\/p>\n<p>Le nom de ces carri\u00e8res, propri\u00e9t\u00e9 de la ville d&rsquo;Aix-en-Provence, vient du latin \u00ab\u00a0boire\u00a0\u00bb. Bib\u00e9mus est la pierre qui boit. Il y a tr\u00e8s longtemps, des plages de sable couvraient la zone comme en t\u00e9moignent les fossiles trouv\u00e9s par des g\u00e9ologues. Cette pierre dor\u00e9e, utilis\u00e9e pour b\u00e2tir les b\u00e2timents les plus anciens, donne sa couleur unique \u00e0 la ville d&rsquo;Aix-en-Provence, attirant des touristes du monde entier.<\/p>\n<p>Cezanne venait sur le plateau de Bib\u00e9mus \u00e0 pied, sa besace pleine de pinceaux et de tubes de couleur et son chevalet sur le dos. \u00c0 la fin de sa vie, il louait les services d&rsquo;un cocher qui le d\u00e9posait. Un belv\u00e9d\u00e8re en bois, orn\u00e9 d&rsquo;osier par un vannier de Cadenet, a \u00e9t\u00e9 am\u00e9nag\u00e9 au-dessus du vide. Il offre un panorama exceptionnel sur le paysage rest\u00e9 tel que Cezanne le voyait\u00a0: la montagne Sainte-Victoire, le plateau du Cengle, la cha\u00eene de la Sainte-Baume, le Mont\u00a0Aur\u00e9lien.<\/p>\n<p>\u00ab\u00a0C&rsquo;est un site magique facilement &lsquo;g\u00e9om\u00e9trisable&rsquo; pour Cezanne, estime Bruno \u00c9ly, sp\u00e9cialiste de sa peinture. On se demande toujours si c&rsquo;est lui qui fait le paysage ou si c&rsquo;est le paysage qui a fait Cezanne. Un peu les deux sans doute.\u00a0\u00bb<\/p>\n<p>    <img loading=\"lazy\" decoding=\"async\" class=\"cms-media-image lazyload\" alt=\"Reproduction d'un tableau de Paul Cezanne, \u00e0 l'endroit m\u00eame o\u00f9 il a \u00e9t\u00e9 peint, sur le site des carri\u00e8res de Bib\u00e9mus, pr\u00e8s d'Aix-en-Provence. (VALERIE GAGET\u00a0\/\u00a0FRANCEINFO CULTURE)\" width=\"720\" height=\"960\" data- src=\"https:\/\/www.europesays.com\/fr\/wp-content\/uploads\/2025\/06\/cezanne2025-maphoto-rasdusol-bibemus-680115a510255802432100.jpg\"\/><\/p>\n<p>      Reproduction d&rsquo;un tableau de Paul Cezanne, \u00e0 l&rsquo;endroit m\u00eame o\u00f9 il a \u00e9t\u00e9 peint, sur le site des carri\u00e8res de Bib\u00e9mus, pr\u00e8s d&rsquo;Aix-en-Provence. (VALERIE GAGET\u00a0\/\u00a0FRANCEINFO CULTURE)<\/p>\n<p>Nous nous sommes amus\u00e9s sur ce site pr\u00e9serv\u00e9 \u00e0 mettre nos pas dans ceux de Cezanne pour le suivre \u00e0 la trace. L&rsquo;office de tourisme, qui organise des visites guid\u00e9es, a jalonn\u00e9 les chemins de reproductions de tableaux, \u00e0 l&rsquo;endroit m\u00eame o\u00f9 il les a peints. On observe l&rsquo;image plac\u00e9e au sol, on l\u00e8ve la t\u00eate et on retrouve les m\u00eames rochers, la m\u00eame v\u00e9g\u00e9tation. Un \u00e9tonnant jeu de piste artistique. Une application gratuite intitul\u00e9e Dans les pas de Cezanne permet de g\u00e9olocaliser les points exacts o\u00f9 il a plac\u00e9 son chevalet.<\/p>\n<p>Il faut visiter ce site de cinq hectares pour comprendre que les couleurs de Cezanne ne copient pas la nature. Elles l&rsquo;expriment. \u00ab\u00a0Je peins ce que je vois, ce que je sens\u00a0\u00bb, disait-il, \u00ab\u00a0et j&rsquo;ai des sensations fortes.\u00a0\u00bb Un superbe cabanon [photo en t\u00eate de cet article], parfaitement conserv\u00e9, tr\u00f4ne sur une petite \u00e9minence. Paul Cezanne le louait \u00e0 un ami, Eug\u00e8ne Couston. \u00c0 partir de 1895, il le transforme en atelier pour stocker son mat\u00e9riel et peindre in\u00a0situ, au plus pr\u00e8s du motif. Cezanne y passe ses journ\u00e9es et une partie de ses nuits jusqu&rsquo;en 1904. L&rsquo;int\u00e9rieur du cabanon ne se visite pas h\u00e9las.<\/p>\n<p>\u00c0 la crois\u00e9e des chemins de Bib\u00e9mus, nous d\u00e9couvrons l&rsquo;atelier de plein air d&rsquo;un autre artiste, lui aussi install\u00e9 sur ce site, dans un autre cabanon. Il s&rsquo;appelle David Campbell. Il est canadien et ermite. Cet artiste, tomb\u00e9 amoureux du lieu d\u00e8s son premier s\u00e9jour, a pass\u00e9 un accord avec la ville\u00a0: il assure une pr\u00e9sence sur le site, en \u00e9change de quoi, il est autoris\u00e9 \u00e0 vivre ici, sans eau ni \u00e9lectricit\u00e9, depuis 1981.<\/p>\n<p>David a deux m\u00e9tiers\u00a0: tailleur de pierre, notamment pour les monuments historiques, et sculpteur d&rsquo;art. Il travaille la pierre du Pont\u00a0du\u00a0Gard et vend ses \u0153uvres aux visiteurs de passage. Il explique que m\u00eame s&rsquo;il n&rsquo;a pas de machines chez lui, \u00ab\u00a0ce n&rsquo;est pas tout \u00e0 fait le Moyen-Age\u00a0\u00bb. Il a install\u00e9 des panneaux solaires et poss\u00e8de une voiture qui lui permet d&rsquo;aller chercher de l&rsquo;eau \u00e0 la fontaine. \u00ab\u00a0Je n&rsquo;ai pas besoin de beaucoup\u00a0\u00bb, sourit-il. Un homme d\u00e9di\u00e9 \u00e0 son art qui fait corps avec la nature environnante, cela ne vous rappellerait pas quelqu&rsquo;un\u00a0?<\/p>\n<p>    <img decoding=\"async\" class=\"cms-media-image lazyload\" alt=\"David Campbell, sculpteur et tailleur de pierre, install\u00e9 sur le site des anciennes carri\u00e8res de Bib\u00e9mus, le 18\u00a0mars\u00a02025. (VALERIE GAGET\u00a0\/\u00a0FRANCEINFO CULTURE)\" width=\"720\" height=\"534.28571428571\" data- src=\"https:\/\/www.europesays.com\/fr\/wp-content\/uploads\/2025\/06\/sculpteur-6839dc87eaf11374344713.jpg\"\/><\/p>\n<p>      David Campbell, sculpteur et tailleur de pierre, install\u00e9 sur le site des anciennes carri\u00e8res de Bib\u00e9mus, le 18\u00a0mars\u00a02025. (VALERIE GAGET\u00a0\/\u00a0FRANCEINFO CULTURE)<\/p>\n<p><strong>Programmation des visites guid\u00e9es et des excursions disponible aupr\u00e8s de l&rsquo;Office de tourisme d&rsquo;Aix-en-Provence (au +33 (0)4 42 16 11 61 pour les individuels) et sur <a href=\"https:\/\/cezanne2025.com\/\" target=\"_blank\" rel=\"noopener nofollow\">Cezanne2025.com<\/a><\/strong><\/p>\n","protected":false},"excerpt":{"rendered":"\u00c0 l&rsquo;occasion de l&rsquo;exposition \u00e9v\u00e9nement organis\u00e9e au mus\u00e9e Granet jusqu&rsquo;au 12\u00a0octobre, nous avons choisi de vous entra\u00eener dans&hellip;\n","protected":false},"author":2,"featured_media":203020,"comment_status":"","ping_status":"","sticky":false,"template":"","format":"standard","meta":{"footnotes":""},"categories":[1358],"tags":[1348,1384,1385,1386,58,59,1011,27],"class_list":{"0":"post-203019","1":"post","2":"type-post","3":"status-publish","4":"format-standard","5":"has-post-thumbnail","7":"category-arts-et-design","8":"tag-arts","9":"tag-arts-and-design","10":"tag-arts-et-design","11":"tag-design","12":"tag-divertissement","13":"tag-entertainment","14":"tag-fr","15":"tag-france"},"share_on_mastodon":{"url":"https:\/\/pubeurope.com\/@fr\/114743606496476185","error":""},"_links":{"self":[{"href":"https:\/\/www.europesays.com\/fr\/wp-json\/wp\/v2\/posts\/203019","targetHints":{"allow":["GET"]}}],"collection":[{"href":"https:\/\/www.europesays.com\/fr\/wp-json\/wp\/v2\/posts"}],"about":[{"href":"https:\/\/www.europesays.com\/fr\/wp-json\/wp\/v2\/types\/post"}],"author":[{"embeddable":true,"href":"https:\/\/www.europesays.com\/fr\/wp-json\/wp\/v2\/users\/2"}],"replies":[{"embeddable":true,"href":"https:\/\/www.europesays.com\/fr\/wp-json\/wp\/v2\/comments?post=203019"}],"version-history":[{"count":0,"href":"https:\/\/www.europesays.com\/fr\/wp-json\/wp\/v2\/posts\/203019\/revisions"}],"wp:featuredmedia":[{"embeddable":true,"href":"https:\/\/www.europesays.com\/fr\/wp-json\/wp\/v2\/media\/203020"}],"wp:attachment":[{"href":"https:\/\/www.europesays.com\/fr\/wp-json\/wp\/v2\/media?parent=203019"}],"wp:term":[{"taxonomy":"category","embeddable":true,"href":"https:\/\/www.europesays.com\/fr\/wp-json\/wp\/v2\/categories?post=203019"},{"taxonomy":"post_tag","embeddable":true,"href":"https:\/\/www.europesays.com\/fr\/wp-json\/wp\/v2\/tags?post=203019"}],"curies":[{"name":"wp","href":"https:\/\/api.w.org\/{rel}","templated":true}]}}