{"id":203023,"date":"2025-06-25T10:48:11","date_gmt":"2025-06-25T10:48:11","guid":{"rendered":"https:\/\/www.europesays.com\/fr\/203023\/"},"modified":"2025-06-25T10:48:11","modified_gmt":"2025-06-25T10:48:11","slug":"edouard-philippe-cest-la-plus-belle-droite-du-monde-politique-derriere-brigitte-macron","status":"publish","type":"post","link":"https:\/\/www.europesays.com\/fr\/203023\/","title":{"rendered":"\u00c9douard Philippe, c&rsquo;est la plus belle droite du monde politique, derri\u00e8re Brigitte Macron"},"content":{"rendered":"<p class=\"article-p mdl\">Philippe Caverivi\u00e8re, qui s&rsquo;attendait \u00e0 \u00ab\u00a0finir du baltringue, du second couteau, du tout-venant, du demi-anonyme\u00a0\u00bb pour sa derni\u00e8re semaine, s&rsquo;est retrouv\u00e9 <strong>face \u00e0 \u00c9douard Philippe<\/strong>.<\/p>\n<p class=\"article-p mdl\">\u00ab\u00a0Je connais d\u00e9j\u00e0 tr\u00e8s bien \u00c9douard\u00a0\u00bb, a poursuivi l&rsquo;humoriste, \u00ab\u00a0\u00c9douard le boxeur, <strong>\u00c9douard c&rsquo;est la plus belle droite du monde politique, derri\u00e8re Brigitte Macron<\/strong>.\u00a0\u00bb Et d&rsquo;ajouter : \u00ab\u00a0\u00c9douard est exasp\u00e9r\u00e9 par l&rsquo;immobilisme de Fran\u00e7ois Bayrou. Pardon, l&rsquo;immobilisme de\u00a0<a class=\"link\" href=\"https:\/\/www.rtl.fr\/actu\/debats-societe\/conclave-sur-les-retraites-francois-bayrou-ne-veut-pas-se-resoudre-a-un-echec-7900518840\" title=\"Conclave sur les retraites : Fran\u00e7ois Bayrou ne veut pas se r\u00e9soudre \u00e0 un \u00e9chec\" target=\"_blank\" rel=\"noopener\">Fran\u00e7ois Bayrou<\/a>, je vous trouve un peu durs tous. Fran\u00e7ois, il n&rsquo;est pas immobile. Il n&rsquo;est juste pas \u00e0 l&rsquo;aise avec le mouvement. C&rsquo;est une nuance. C&rsquo;est un gars qu&rsquo;observe. Il ferait un tr\u00e8s bon gardien de phare.\u00a0\u00bb<\/p>\n<p class=\"article-p mdl\"><strong>Le maire du Havre et Philippe Caverivi\u00e8re ont un point commun<\/strong> selon ce dernier : \u00ab\u00a0Moi je demande toujours d&rsquo;\u00eatre remplac\u00e9 par moins bon. C&rsquo;est pour \u00e7a que je demande d&rsquo;\u00eatre remplac\u00e9 syst\u00e9matiquement par Alex Vizorek. \u00c0 propos d&rsquo;\u00eatre remplac\u00e9 par moins bon, il a \u00e9t\u00e9 servi \u00c9douard. Il y a eu Hugolin, Jean Castex ; S\u0153ur Sourire, \u00c9lisabeth Borne ; le gamin HPI, Gabriel Attal ; (et) l&rsquo;anesth\u00e9siste des montagnes, Michel Barnier. L\u00e0, on a le Richard Gere de Pau.\u00a0\u00bb<\/p>\n<p>    La r\u00e9daction vous recommande<\/p>\n<p class=\"s-newsletter__title\">\n                L\u2019actualit\u00e9 par la r\u00e9daction de RTL dans votre bo\u00eete mail.\n            <\/p>\n<p class=\"s-newsletter__subtitle\">\n                Gr\u00e2ce \u00e0 votre compte RTL abonnez-vous \u00e0 la newsletter RTL info pour suivre toute l&rsquo;actualit\u00e9 au quotidien\n            <\/p>\n<p>\n                                    Lire la suite\n                                <\/p>\n","protected":false},"excerpt":{"rendered":"Philippe Caverivi\u00e8re, qui s&rsquo;attendait \u00e0 \u00ab\u00a0finir du baltringue, du second couteau, du tout-venant, du demi-anonyme\u00a0\u00bb pour sa derni\u00e8re&hellip;\n","protected":false},"author":2,"featured_media":203024,"comment_status":"","ping_status":"","sticky":false,"template":"","format":"standard","meta":{"footnotes":""},"categories":[1356],"tags":[986,58,3080,1073,59,107,1011,27,708,6224,3807,362,360,252,1364],"class_list":{"0":"post-203023","1":"post","2":"type-post","3":"status-publish","4":"format-standard","5":"has-post-thumbnail","7":"category-television","8":"tag-brigitte-macron","9":"tag-divertissement","10":"tag-edouard-philippe","11":"tag-emmanuel-macron","12":"tag-entertainment","13":"tag-fil-info","14":"tag-fr","15":"tag-france","16":"tag-humour","17":"tag-integral","18":"tag-philippe-caveriviere","19":"tag-replay","20":"tag-replay-integral","21":"tag-television","22":"tag-tv"},"share_on_mastodon":{"url":"https:\/\/pubeurope.com\/@fr\/114743614123307046","error":""},"_links":{"self":[{"href":"https:\/\/www.europesays.com\/fr\/wp-json\/wp\/v2\/posts\/203023","targetHints":{"allow":["GET"]}}],"collection":[{"href":"https:\/\/www.europesays.com\/fr\/wp-json\/wp\/v2\/posts"}],"about":[{"href":"https:\/\/www.europesays.com\/fr\/wp-json\/wp\/v2\/types\/post"}],"author":[{"embeddable":true,"href":"https:\/\/www.europesays.com\/fr\/wp-json\/wp\/v2\/users\/2"}],"replies":[{"embeddable":true,"href":"https:\/\/www.europesays.com\/fr\/wp-json\/wp\/v2\/comments?post=203023"}],"version-history":[{"count":0,"href":"https:\/\/www.europesays.com\/fr\/wp-json\/wp\/v2\/posts\/203023\/revisions"}],"wp:featuredmedia":[{"embeddable":true,"href":"https:\/\/www.europesays.com\/fr\/wp-json\/wp\/v2\/media\/203024"}],"wp:attachment":[{"href":"https:\/\/www.europesays.com\/fr\/wp-json\/wp\/v2\/media?parent=203023"}],"wp:term":[{"taxonomy":"category","embeddable":true,"href":"https:\/\/www.europesays.com\/fr\/wp-json\/wp\/v2\/categories?post=203023"},{"taxonomy":"post_tag","embeddable":true,"href":"https:\/\/www.europesays.com\/fr\/wp-json\/wp\/v2\/tags?post=203023"}],"curies":[{"name":"wp","href":"https:\/\/api.w.org\/{rel}","templated":true}]}}