{"id":203029,"date":"2025-06-25T10:51:08","date_gmt":"2025-06-25T10:51:08","guid":{"rendered":"https:\/\/www.europesays.com\/fr\/203029\/"},"modified":"2025-06-25T10:51:08","modified_gmt":"2025-06-25T10:51:08","slug":"deux-cas-autochtones-de-chikungunya-detectes-a-salon-de-provence","status":"publish","type":"post","link":"https:\/\/www.europesays.com\/fr\/203029\/","title":{"rendered":"Deux cas autochtones de chikungunya d\u00e9tect\u00e9s \u00e0 Salon-de-Provence"},"content":{"rendered":"<p>Apr\u00e8s le Var, <a href=\"https:\/\/www.laprovence.com\/article\/france-monde\/147692506100715\/nouveau-cas-autochtone-de-chikungunya-en-metropole-le-deuxieme-en-2025\" target=\"_blank\" rel=\"noopener\">l&rsquo;H\u00e9rault<\/a> puis la <a href=\"https:\/\/www.laprovence.com\/article\/corse\/6077456855177814\/corse-deux-cas-autochtones-de-chikungunya-detectes-des-mesures-sanitaires-mises-en-place\" target=\"_blank\" rel=\"noopener\">Corse<\/a>, le <strong>chikungunya est \u00e9galement dans les Bouches-du-Rh\u00f4ne<\/strong>. L&rsquo;Agence r\u00e9gionale de sant\u00e9 (ARS) annonce, ce mercredi, avoir d\u00e9tect\u00e9 deux cas autochtones sur la commune de Salon-de-Provence, le 20 juin.<\/p>\n<p>\u00ab\u00a0Ces deux nouveaux cas n&rsquo;ont pas de lien avec le premier cas autochtone de chikungunya\u00a0identifi\u00e9 <a href=\"https:\/\/www.laprovence.com\/article\/france-monde\/33421354506541\/premier-cas-autochtone-de-chikungunya-en-2025-en-metropole-dans-le-var\" target=\"_blank\" rel=\"noopener\">\u00e0 la Crau (Var) le 11\u00a0juin<\/a>\u00ab\u00a0, pr\u00e9cise l&rsquo;ARS dans un communiqu\u00e9. Pour rappel, un cas autochtone se d\u00e9finit par <strong>une personne ayant contract\u00e9 la maladie sur le territoire<\/strong>, sans avoir voyag\u00e9 en zone o\u00f9 circule le virus dans les 15 jours pr\u00e9c\u00e9dent.<\/p>\n<p>Des mesures sanitaires<\/p>\n<p>L&rsquo;ARS assure avoir imm\u00e9diatement pris des mesures sanitaires pour <a href=\"https:\/\/www.laprovence.com\/article\/societe\/8778380547009814\/moustique-tigre-97-de-la-population-en-paca-en-contact-avec-le-nuisible-comment-expliquer-cette-surexposition\" target=\"_blank\" rel=\"noopener\">stopper la propagation du virus<\/a>. Des op\u00e9rations de d\u00e9moustication sont en cours sur la voie publique, mais aussi dans les jardins priv\u00e9s. L&rsquo;objectif est d&rsquo;\u00e9liminer \u00ab\u00a0les g\u00eetes larvaires et les moustiques adultes qui peuvent\u00a0\u00bb le transmettre.<\/p>\n<p>Les autorit\u00e9s sanitaires, en lien avec la mairie, se rendent \u00e9galement dans les logements du quartier concern\u00e9s par ces cas autochtones afin d&rsquo;identifier d&rsquo;\u00e9ventuelles personnes pouvant pr\u00e9senter des sympt\u00f4mes.<\/p>\n<p>Le chikungunya, transmis par les moustiques tigres, se caract\u00e9rise le plus souvent par <strong>une fi\u00e8vre d&rsquo;apparition brutale<\/strong>, souvent accompagn\u00e9e de douleurs articulaires s\u00e9v\u00e8res, d&rsquo;une conjonctivite et d&rsquo;\u00e9ruptions cutan\u00e9es.<\/p>\n","protected":false},"excerpt":{"rendered":"Apr\u00e8s le Var, l&rsquo;H\u00e9rault puis la Corse, le chikungunya est \u00e9galement dans les Bouches-du-Rh\u00f4ne. L&rsquo;Agence r\u00e9gionale de sant\u00e9&hellip;\n","protected":false},"author":2,"featured_media":203030,"comment_status":"","ping_status":"","sticky":false,"template":"","format":"standard","meta":{"footnotes":""},"categories":[10],"tags":[17,26379,14362,6443,32373,4070,1011,27,72,30388,71],"class_list":{"0":"post-203029","1":"post","2":"type-post","3":"status-publish","4":"format-standard","5":"has-post-thumbnail","7":"category-sante","8":"tag-17","9":"tag-autochtones","10":"tag-cas","11":"tag-chikungunya","12":"tag-detectes","13":"tag-deux","14":"tag-fr","15":"tag-france","16":"tag-health","17":"tag-salon-de-provence","18":"tag-sante"},"share_on_mastodon":{"url":"https:\/\/pubeurope.com\/@fr\/114743625870239632","error":""},"_links":{"self":[{"href":"https:\/\/www.europesays.com\/fr\/wp-json\/wp\/v2\/posts\/203029","targetHints":{"allow":["GET"]}}],"collection":[{"href":"https:\/\/www.europesays.com\/fr\/wp-json\/wp\/v2\/posts"}],"about":[{"href":"https:\/\/www.europesays.com\/fr\/wp-json\/wp\/v2\/types\/post"}],"author":[{"embeddable":true,"href":"https:\/\/www.europesays.com\/fr\/wp-json\/wp\/v2\/users\/2"}],"replies":[{"embeddable":true,"href":"https:\/\/www.europesays.com\/fr\/wp-json\/wp\/v2\/comments?post=203029"}],"version-history":[{"count":0,"href":"https:\/\/www.europesays.com\/fr\/wp-json\/wp\/v2\/posts\/203029\/revisions"}],"wp:featuredmedia":[{"embeddable":true,"href":"https:\/\/www.europesays.com\/fr\/wp-json\/wp\/v2\/media\/203030"}],"wp:attachment":[{"href":"https:\/\/www.europesays.com\/fr\/wp-json\/wp\/v2\/media?parent=203029"}],"wp:term":[{"taxonomy":"category","embeddable":true,"href":"https:\/\/www.europesays.com\/fr\/wp-json\/wp\/v2\/categories?post=203029"},{"taxonomy":"post_tag","embeddable":true,"href":"https:\/\/www.europesays.com\/fr\/wp-json\/wp\/v2\/tags?post=203029"}],"curies":[{"name":"wp","href":"https:\/\/api.w.org\/{rel}","templated":true}]}}