{"id":203042,"date":"2025-06-25T10:58:13","date_gmt":"2025-06-25T10:58:13","guid":{"rendered":"https:\/\/www.europesays.com\/fr\/203042\/"},"modified":"2025-06-25T10:58:13","modified_gmt":"2025-06-25T10:58:13","slug":"kylian-mbappe-annonce-larrivee-de-paul-pogba-a-monaco","status":"publish","type":"post","link":"https:\/\/www.europesays.com\/fr\/203042\/","title":{"rendered":"Kylian Mbapp\u00e9 annonce &#8230; l\u2019arriv\u00e9e de Paul Pogba \u00e0 Monaco"},"content":{"rendered":"<p>L\u2019attaquant du Real Madrid a publi\u00e9 une story Instagram pour annoncer l\u2019arriv\u00e9e de son ancien co\u00e9quipier en \u00c9quipe de France sur le Rocher.<\/p>\n<p class=\"fig-paragraph\">\u00ab Pogback et Daghe Munegu\u00a0\u00bb\u00a0: ce mercredi, Kylian Mbapp\u00e9 a souhait\u00e9 la bienvenue \u00e0 Paul Pogba dans son ancien club de Monaco, m\u00eame si celui ne s\u2019est pas encore officiellement engag\u00e9\u00a0<a href=\"http:\/\/www.lefigaro.fr\/sports\/football\/transferts\/mercato-paul-pogba-en-route-vers-monaco-20250622\" data-fig-type=\"NewsFlash\" data-gtm-custom-categorie=\"navigation\" data-gtm-custom-action=\"crossclick\" data-gtm-custom-label=\"Contextuel\" data-gtm-event=\"customEventSPE\" data-fig-domain=\"LEFIGARO\" target=\"_blank\" rel=\"noopener\">avec le club de la Principaut\u00e9<\/a>. L\u2019attaquant du Real Madrid, qui est en phase de reprise avec son club\u00a0<a href=\"http:\/\/www.lefigaro.fr\/sports\/football\/coupe-du-monde-des-clubs-en-video-le-retour-a-l-entrainement-de-kylian-mbappe-apres-sa-maladie-20250624\" data-fig-type=\"NewsFlash\" data-gtm-custom-categorie=\"navigation\" data-gtm-custom-action=\"crossclick\" data-gtm-custom-label=\"Contextuel\" data-gtm-event=\"customEventSPE\" data-fig-domain=\"LEFIGARO\" target=\"_blank\" rel=\"noopener\">apr\u00e8s une s\u00e9v\u00e8re gastro-ent\u00e9rite<\/a>, a publi\u00e9 une story Instagram dans laquelle on peut apercevoir un photomontage de \u00abLa Pioche\u00bb arborant un maillot et une \u00e9charpe rouge et blanche.<\/p>\n<p class=\"fig-paragraph\">Le tout accompagn\u00e9 d\u2019un message\u00a0: \u00ab Pogback et Daghe Munegu\u00a0\u00bb, comprenez \u00aballez Monaco\u00bb. Pour rappel, Mbapp\u00e9 a d\u00e9barqu\u00e9 sur le Rocher en 2013 avant d\u2019y faire ses premiers pas en professionnel. Il y a remport\u00e9 le championnat de France 2017, ann\u00e9e durant laquelle il s\u2019est engag\u00e9 avec le PSG en pr\u00eat avec une option d\u2019achat record de 180 millions d\u2019euros. Pogba devrait lui s\u2019engager libre avec l\u2019ASM, deux ans apr\u00e8s la rupture de son contrat avec la\u00a0<a href=\"http:\/\/www.lefigaro.fr\/sports\/football\/transferts\/manchester-united-sonde-nkunku-la-juventus-sur-david-les-5-infos-mercato-de-ce-mardi-20250624\" data-fig-type=\"NewsFlash\" data-gtm-custom-categorie=\"navigation\" data-gtm-custom-action=\"crossclick\" data-gtm-custom-label=\"Contextuel\" data-gtm-event=\"customEventSPE\" data-fig-domain=\"LEFIGARO\" target=\"_blank\" rel=\"noopener\">Juventus Turin<\/a>.<\/p>\n","protected":false},"excerpt":{"rendered":"L\u2019attaquant du Real Madrid a publi\u00e9 une story Instagram pour annoncer l\u2019arriv\u00e9e de son ancien co\u00e9quipier en \u00c9quipe&hellip;\n","protected":false},"author":2,"featured_media":203043,"comment_status":"","ping_status":"","sticky":false,"template":"","format":"standard","meta":{"footnotes":""},"categories":[2],"tags":[11,2266,454,69,448,83,451,64,450,449,1011,27,452,6477,453,66,446,447,12,32134,70,455],"class_list":{"0":"post-203042","1":"post","2":"type-post","3":"status-publish","4":"format-standard","5":"has-post-thumbnail","7":"category-actualites","8":"tag-actualites","9":"tag-as-monaco","10":"tag-ballon-dor","11":"tag-bundesliga","12":"tag-champions-league","13":"tag-coupe-de-france","14":"tag-coupe-du-monde","15":"tag-equipe-de-france","16":"tag-euro","17":"tag-europa-league","18":"tag-fr","19":"tag-france","20":"tag-italie","21":"tag-kylian-mbappe","22":"tag-liga","23":"tag-ligue-1","24":"tag-ligue-2","25":"tag-ligue-des-champions","26":"tag-news","27":"tag-paul-pogba","28":"tag-premier-league","29":"tag-uefa"},"share_on_mastodon":{"url":"https:\/\/pubeurope.com\/@fr\/114743653378127206","error":""},"_links":{"self":[{"href":"https:\/\/www.europesays.com\/fr\/wp-json\/wp\/v2\/posts\/203042","targetHints":{"allow":["GET"]}}],"collection":[{"href":"https:\/\/www.europesays.com\/fr\/wp-json\/wp\/v2\/posts"}],"about":[{"href":"https:\/\/www.europesays.com\/fr\/wp-json\/wp\/v2\/types\/post"}],"author":[{"embeddable":true,"href":"https:\/\/www.europesays.com\/fr\/wp-json\/wp\/v2\/users\/2"}],"replies":[{"embeddable":true,"href":"https:\/\/www.europesays.com\/fr\/wp-json\/wp\/v2\/comments?post=203042"}],"version-history":[{"count":0,"href":"https:\/\/www.europesays.com\/fr\/wp-json\/wp\/v2\/posts\/203042\/revisions"}],"wp:featuredmedia":[{"embeddable":true,"href":"https:\/\/www.europesays.com\/fr\/wp-json\/wp\/v2\/media\/203043"}],"wp:attachment":[{"href":"https:\/\/www.europesays.com\/fr\/wp-json\/wp\/v2\/media?parent=203042"}],"wp:term":[{"taxonomy":"category","embeddable":true,"href":"https:\/\/www.europesays.com\/fr\/wp-json\/wp\/v2\/categories?post=203042"},{"taxonomy":"post_tag","embeddable":true,"href":"https:\/\/www.europesays.com\/fr\/wp-json\/wp\/v2\/tags?post=203042"}],"curies":[{"name":"wp","href":"https:\/\/api.w.org\/{rel}","templated":true}]}}