{"id":203046,"date":"2025-06-25T11:00:12","date_gmt":"2025-06-25T11:00:12","guid":{"rendered":"https:\/\/www.europesays.com\/fr\/203046\/"},"modified":"2025-06-25T11:00:12","modified_gmt":"2025-06-25T11:00:12","slug":"saint-etienne-il-sort-un-couteau-les-policiers-le-mettent-en-joue-avant-de-linterpeller","status":"publish","type":"post","link":"https:\/\/www.europesays.com\/fr\/203046\/","title":{"rendered":"Saint-\u00c9tienne. Il sort un couteau, les policiers le mettent en joue avant de l\u2019interpeller"},"content":{"rendered":"<p>Lundi soir, peu avant 22 heures, un tramway doit s\u2019arr\u00eater, \u00e0 hauteur de la place de l\u2019H\u00f4tel-de-Ville, parce qu\u2019un homme est assis sur le trottoir. Il g\u00eane le passage du tramway et le conducteur lui demande de se pousser.<\/p>\n<p>L\u2019homme se l\u00e8ve mais devient v\u00e9h\u00e9ment. Manifestement en proie \u00e0 des probl\u00e8mes psychiatriques, il prof\u00e8re des menaces et sort un couteau. La police est alors appel\u00e9e en renfort.<\/p>\n<p>  L\u2019homme fera l\u2019objet d\u2019une expertise psychiatrique<\/p>\n<p>Il se trouve qu\u2019un \u00e9quipage est en patrouille place Jean-Jaur\u00e8s et intervient rapidement. Face \u00e0 la menace, les policiers doivent sortir leur arme et lui crient de l\u00e2che son arme. Ce qu\u2019il finit par faire.<\/p>\n<p>Interpell\u00e9, l\u2019homme, \u00e2g\u00e9 de 39 ans, doit faire l\u2019objet d\u2019une expertise psychiatrique avant que la justice se prononce sur son sort.<\/p>\n","protected":false},"excerpt":{"rendered":"Lundi soir, peu avant 22 heures, un tramway doit s\u2019arr\u00eater, \u00e0 hauteur de la place de l\u2019H\u00f4tel-de-Ville, parce&hellip;\n","protected":false},"author":2,"featured_media":203047,"comment_status":"","ping_status":"","sticky":false,"template":"","format":"standard","meta":{"footnotes":""},"categories":[9653],"tags":[1111,11,2430,271,272,7539,1777,674,274,1011,27,12,25,4001,7538],"class_list":{"0":"post-203046","1":"post","2":"type-post","3":"status-publish","4":"format-standard","5":"has-post-thumbnail","7":"category-saint-etienne","8":"tag-actu","9":"tag-actualites","10":"tag-auvergne-rhone-alpes","11":"tag-crime","12":"tag-delit-et-contravention","13":"tag-edition-loire-sud","14":"tag-eu","15":"tag-europe","16":"tag-faits-divers-justice","17":"tag-fr","18":"tag-france","19":"tag-news","20":"tag-republique-francaise","21":"tag-saint-etienne","22":"tag-saint-etienne-ville"},"share_on_mastodon":{"url":"https:\/\/pubeurope.com\/@fr\/114743661248984773","error":""},"_links":{"self":[{"href":"https:\/\/www.europesays.com\/fr\/wp-json\/wp\/v2\/posts\/203046","targetHints":{"allow":["GET"]}}],"collection":[{"href":"https:\/\/www.europesays.com\/fr\/wp-json\/wp\/v2\/posts"}],"about":[{"href":"https:\/\/www.europesays.com\/fr\/wp-json\/wp\/v2\/types\/post"}],"author":[{"embeddable":true,"href":"https:\/\/www.europesays.com\/fr\/wp-json\/wp\/v2\/users\/2"}],"replies":[{"embeddable":true,"href":"https:\/\/www.europesays.com\/fr\/wp-json\/wp\/v2\/comments?post=203046"}],"version-history":[{"count":0,"href":"https:\/\/www.europesays.com\/fr\/wp-json\/wp\/v2\/posts\/203046\/revisions"}],"wp:featuredmedia":[{"embeddable":true,"href":"https:\/\/www.europesays.com\/fr\/wp-json\/wp\/v2\/media\/203047"}],"wp:attachment":[{"href":"https:\/\/www.europesays.com\/fr\/wp-json\/wp\/v2\/media?parent=203046"}],"wp:term":[{"taxonomy":"category","embeddable":true,"href":"https:\/\/www.europesays.com\/fr\/wp-json\/wp\/v2\/categories?post=203046"},{"taxonomy":"post_tag","embeddable":true,"href":"https:\/\/www.europesays.com\/fr\/wp-json\/wp\/v2\/tags?post=203046"}],"curies":[{"name":"wp","href":"https:\/\/api.w.org\/{rel}","templated":true}]}}