{"id":203050,"date":"2025-06-25T11:02:09","date_gmt":"2025-06-25T11:02:09","guid":{"rendered":"https:\/\/www.europesays.com\/fr\/203050\/"},"modified":"2025-06-25T11:02:09","modified_gmt":"2025-06-25T11:02:09","slug":"le-grand-nancy-veut-transformer-la-ligne-2-sur-le-meme-modele-que-celui-du-trolleybus","status":"publish","type":"post","link":"https:\/\/www.europesays.com\/fr\/203050\/","title":{"rendered":"le Grand Nancy veut transformer la ligne 2 sur le m\u00eame mod\u00e8le que celui du trolleybus"},"content":{"rendered":"<p>            Par<br \/>\n        <strong><br \/>\n            <a href=\"https:\/\/actu.fr\/auteur\/amandine-mehl\" title=\"Consulter tous les articles de Amandine Mehl\" target=\"_blank\" rel=\"noopener\">Amandine Mehl<\/a><br \/>\n        <\/strong><\/p>\n<p>        Publi\u00e9 le<\/p>\n<p>            25 juin 2025 \u00e0 11h57        <\/p>\n<p>En f\u00e9vrier dernier, le <a href=\"https:\/\/actu.fr\/tag\/grand-nancy\" target=\"_blank\" rel=\"noopener\">Grand Nancy<\/a> annon\u00e7ait sa <strong>volont\u00e9 d\u2019am\u00e9liorer et de transformer<\/strong> <strong>les lignes de bus<\/strong> \u00e0 haut niveau de service du <a href=\"https:\/\/actu.fr\/grand-est\/nancy_54395\/le-grand-nancy-veut-ameliorer-et-transformer-les-lignes-de-bus-du-reseau-stan-voici-comment_62302396.html\" target=\"_blank\" rel=\"noopener\">r\u00e9seau Stan<\/a>.<\/p>\n<p class=\" wall-content\">Lors d\u2019une conf\u00e9rence de presse qui s\u2019est d\u00e9roul\u00e9e vendredi 20\u00a0juin 2025, <strong>Mathieu Klein<\/strong>, maire de Nancy et pr\u00e9sident du Grand Nancy, a justement \u00e9voqu\u00e9 le cas de la <strong>ligne 2<\/strong>. L\u2019objectif est clair\u2009: qu\u2019elle b\u00e9n\u00e9ficie dans les ann\u00e9es \u00e0 venir des <strong>m\u00eames ambitions<\/strong> que le <a href=\"https:\/\/actu.fr\/grand-est\/nancy_54395\/nancy-des-premiers-voyageurs-seduits-par-le-nouveau-trolleybus-il-y-a-de-gros-progres-par-rapport-au-tram_62472483.html\" target=\"_blank\" rel=\"noopener\">trolleybus<\/a>.<\/p>\n<p>\u00c0 Nancy, la ligne Tempo 2 sera 100\u2009% d\u00e9carbon\u00e9e comme le trolleybus<\/p>\n<p class=\" wall-content\">Alors que des \u00e9tudes devraient d\u00e9marrer en 2026, la ligne Tempo 2 deviendra \u00e0 terme \u00ab<strong>\u2009100\u2009% d\u00e9carbon\u00e9e<\/strong>, <strong>silencieuse<\/strong> et <strong>confortable<\/strong>\u2009\u00bb, a assur\u00e9 Mathieu Klein.<\/p>\n<p class=\" wall-content\">Une transformation qui implique le <strong>rachat de nouveaux v\u00e9hicules<\/strong>, dont le choix n\u2019est \u00e0 ce jour<strong> pas d\u00e9fini<\/strong>, tout comme la volum\u00e9trie.<\/p>\n<p>Vid\u00e9os : en ce moment sur ActuL\u2019espace public sera transform\u00e9 sur le trac\u00e9 de la ligne Tempo 2<\/p>\n<p class=\" wall-content\">Le Grand Nancy ne compte pas seulement remplacer les v\u00e9hicules, mais veut aller plus loin, toujours <strong>sur le mod\u00e8le de ce qui a \u00e9t\u00e9 r\u00e9alis\u00e9 pour le trolleybus<\/strong>.<\/p>\n<blockquote class=\"ac-article-quote wall-content\">\n<p>Les transformations de l&rsquo;espace public qui ont accompagn\u00e9 la ligne 1, place de la R\u00e9publique, avenue Jean Jaur\u00e8s, en centre-ville \u00e0 Nancy, \u00e0 Essey-l\u00e8s-Nancy et \u00e0 Saint-Max, nous voulons les voir demain \u00e0 Laneuveville-devant-Nancy, Jarville-la-Malgrange, Nancy, Laxou et Max\u00e9ville. Le trac\u00e9 de la ligne 2 b\u00e9n\u00e9ficiera lui aussi de cet investissement global de r\u00e9am\u00e9nagement, de requalification et de qualit\u00e9 du transport. C&rsquo;est \u00e0 la lumi\u00e8re de cette exp\u00e9rience r\u00e9ussie avec la ligne 1 que nous nous fixons ces objectifs pour la ligne 2.<\/p>\n<p>    <strong>Mathieu Klein<\/strong><br \/>\n        Pr\u00e9sident de la M\u00e9tropole du Grand Nancy    <\/p><\/blockquote>\n<p class=\" wall-content\">S\u2019agissant de Nancy, les <strong>transformations<\/strong> s\u2019op\u00e9reront avenue de Strasbourg, avenue du Mar\u00e9chal-de-Lattre-de-Tassigny, place des Vosges, rue d\u2019Amerval, ou encore secteur Boudonville. Sans oublier \u00ab\u2009le <strong>gros sujet de la rue Saint-Dizier<\/strong> avec sa m\u00e9tamorphose\u2009\u00bb, a rappel\u00e9 le pr\u00e9sident du Grand Nancy.<\/p>\n<p>Des \u00e9volutions sur la ligne Tempo 2 d\u00e8s le 25\u00a0ao\u00fbt 2025<\/p>\n<p class=\" wall-content\">S\u2019il va falloir patienter avant d\u2019appr\u00e9cier ces transformations sur la ligne Tempo 2, <strong>\u00e0 compter du 25\u00a0ao\u00fbt 2025<\/strong>, les usagers du <a href=\"https:\/\/actu.fr\/tag\/reseau-stan\" target=\"_blank\" rel=\"noopener\">r\u00e9seau Stan<\/a> pourront profiter d\u2019<strong>\u00e9volutions<\/strong>.<\/p>\n<p class=\" wall-content\">\u00c0 partir de cette date, l\u2019<strong>itin\u00e9raire sera modifi\u00e9 \u00e0 Laxou Plateau de Haye<\/strong>. Les bus desserviront les rues de la Meuse et du Mouzon au lieu des rues de la Sa\u00f4ne et de la Vezouze. De plus, <strong>plus de passages seront propos\u00e9s le dimanche entre 8h et 12h<\/strong>\u2009: un bus toutes les 15\u00a0minutes au lieu de 20\u00a0minutes actuellement afin de mieux desservir le march\u00e9 du Plateau de Haye.<\/p>\n<p class=\" wall-content\">Suivez toute l\u2019actualit\u00e9 de vos villes et m\u00e9dias favoris en vous inscrivant \u00e0 <a href=\"https:\/\/moncompte.actu.fr\" title=\"D\u00e9couvez Mon Actu\" rel=\"nofollow noopener\" data-trk=\"{&quot;cta&quot;:{&quot;action&quot;:&quot;https:\\\/\\\/moncompte.actu.fr&quot;,&quot;category&quot;:&quot;mon compte&quot;,&quot;from&quot;:&quot;article footer&quot;,&quot;name&quot;:&quot;Mon actu&quot;,&quot;type&quot;:&quot;cta&quot;}}\" target=\"_blank\">Mon Actu<\/a>.<\/p>\n","protected":false},"excerpt":{"rendered":"Par Amandine Mehl Publi\u00e9 le 25 juin 2025 \u00e0 11h57 En f\u00e9vrier dernier, le Grand Nancy annon\u00e7ait sa&hellip;\n","protected":false},"author":2,"featured_media":203051,"comment_status":"","ping_status":"","sticky":false,"template":"","format":"standard","meta":{"footnotes":""},"categories":[9635],"tags":[1111,11,1777,674,1011,27,775,10375,1702,12,25,9849,104,1352],"class_list":{"0":"post-203050","1":"post","2":"type-post","3":"status-publish","4":"format-standard","5":"has-post-thumbnail","7":"category-nancy","8":"tag-actu","9":"tag-actualites","10":"tag-eu","11":"tag-europe","12":"tag-fr","13":"tag-france","14":"tag-grand-est","15":"tag-grand-nancy","16":"tag-nancy","17":"tag-news","18":"tag-republique-francaise","19":"tag-reseau-stan","20":"tag-societe","21":"tag-urbanisme"},"share_on_mastodon":{"url":"https:\/\/pubeurope.com\/@fr\/114743669124101852","error":""},"_links":{"self":[{"href":"https:\/\/www.europesays.com\/fr\/wp-json\/wp\/v2\/posts\/203050","targetHints":{"allow":["GET"]}}],"collection":[{"href":"https:\/\/www.europesays.com\/fr\/wp-json\/wp\/v2\/posts"}],"about":[{"href":"https:\/\/www.europesays.com\/fr\/wp-json\/wp\/v2\/types\/post"}],"author":[{"embeddable":true,"href":"https:\/\/www.europesays.com\/fr\/wp-json\/wp\/v2\/users\/2"}],"replies":[{"embeddable":true,"href":"https:\/\/www.europesays.com\/fr\/wp-json\/wp\/v2\/comments?post=203050"}],"version-history":[{"count":0,"href":"https:\/\/www.europesays.com\/fr\/wp-json\/wp\/v2\/posts\/203050\/revisions"}],"wp:featuredmedia":[{"embeddable":true,"href":"https:\/\/www.europesays.com\/fr\/wp-json\/wp\/v2\/media\/203051"}],"wp:attachment":[{"href":"https:\/\/www.europesays.com\/fr\/wp-json\/wp\/v2\/media?parent=203050"}],"wp:term":[{"taxonomy":"category","embeddable":true,"href":"https:\/\/www.europesays.com\/fr\/wp-json\/wp\/v2\/categories?post=203050"},{"taxonomy":"post_tag","embeddable":true,"href":"https:\/\/www.europesays.com\/fr\/wp-json\/wp\/v2\/tags?post=203050"}],"curies":[{"name":"wp","href":"https:\/\/api.w.org\/{rel}","templated":true}]}}