{"id":203063,"date":"2025-06-25T11:10:08","date_gmt":"2025-06-25T11:10:08","guid":{"rendered":"https:\/\/www.europesays.com\/fr\/203063\/"},"modified":"2025-06-25T11:10:08","modified_gmt":"2025-06-25T11:10:08","slug":"cette-actrice-tres-connue-de-greys-anatomy-fait-une-revelation-surprenante-sur-ses-origines","status":"publish","type":"post","link":"https:\/\/www.europesays.com\/fr\/203063\/","title":{"rendered":"Cette actrice tr\u00e8s connue de Grey&rsquo;s Anatomy fait une r\u00e9v\u00e9lation surprenante sur ses origines"},"content":{"rendered":"<p>            Par<br \/>\n        <strong><br \/>\n            <a href=\"https:\/\/actu.fr\/auteur\/julien-sournies\" title=\"Consulter tous les articles de Julien Sournies\" rel=\"nofollow noopener\" target=\"_blank\">Julien Sournies<\/a><br \/>\n        <\/strong><\/p>\n<p>        Publi\u00e9 le<\/p>\n<p>            25 juin 2025 \u00e0 12h10        <\/p>\n<p>Elle prend de plus en plus de place au sein de la mythique s\u00e9rie <strong>Grey\u2019s Anatomy<\/strong>. Apparue pour la premi\u00e8re fois dans le casting lors de la saison 14, <strong>Jaicy Elliot<\/strong>, plus connue sous le nom du Dr Taryn Helm, est en effet devenue un personnage incontournable de la s\u00e9rie am\u00e9ricaine.<\/p>\n<p class=\" wall-content\">Mais saviez-vous que l\u2019actrice de 32\u00a0ans avait des origines fran\u00e7aises et m\u00eame <a href=\"https:\/\/actu.fr\/grenoble\/\" rel=\"nofollow noopener\" target=\"_blank\">Grenobloises<\/a>\u2009?<\/p>\n<blockquote class=\"tiktok-embed\" cite=\"https:\/\/www.tiktok.com\/@serieouslyfr\/video\/7509515454457580822\" data-video-id=\"7509515454457580822\" data-embed-from=\"oembed\" style=\"max-width:605px; min-width:325px;\"><p>\n<a target=\"_blank\" title=\"@serieouslyfr\" href=\"https:\/\/www.tiktok.com\/@serieouslyfr?refer=embed\" rel=\"nofollow noopener\">@serieouslyfr<\/a> <\/p>\n<p>Apr\u00e8s une enfance \u00e0 Grenoble et des \u00e9tudes \u00e0 Paris, Jaicy est partie en voyage \u00e0 Los Angeles\u2026 et a fini par passer une audition pour Grey\u2019s Anatomy ! Elle nous raconte son histoire.  <a title=\"jaicyelliot\" target=\"_blank\" href=\"https:\/\/www.tiktok.com\/tag\/jaicyelliot?refer=embed\" rel=\"nofollow noopener\">#jaicyelliot<\/a> <a title=\"greysanatomy\" target=\"_blank\" href=\"https:\/\/www.tiktok.com\/tag\/greysanatomy?refer=embed\" rel=\"nofollow noopener\">#greysanatomy<\/a> <a title=\"meredithgrey\" target=\"_blank\" href=\"https:\/\/www.tiktok.com\/tag\/meredithgrey?refer=embed\" rel=\"nofollow noopener\">#meredithgrey<\/a> <a title=\"actress\" target=\"_blank\" href=\"https:\/\/www.tiktok.com\/tag\/actress?refer=embed\" rel=\"nofollow noopener\">#actress<\/a> <a title=\"star\" target=\"_blank\" href=\"https:\/\/www.tiktok.com\/tag\/star?refer=embed\" rel=\"nofollow noopener\">#star<\/a> <a title=\"hollywood\" target=\"_blank\" href=\"https:\/\/www.tiktok.com\/tag\/hollywood?refer=embed\" rel=\"nofollow noopener\">#hollywood<\/a> <a title=\"culte\" target=\"_blank\" href=\"https:\/\/www.tiktok.com\/tag\/culte?refer=embed\" rel=\"nofollow noopener\">#culte<\/a> <a title=\"nostalgie\" target=\"_blank\" href=\"https:\/\/www.tiktok.com\/tag\/nostalgie?refer=embed\" rel=\"nofollow noopener\">#nostalgie<\/a> <a title=\"onregardequoi\" target=\"_blank\" href=\"https:\/\/www.tiktok.com\/tag\/onregardequoi?refer=embed\" rel=\"nofollow noopener\">#onregardequoi<\/a> <a title=\"apprendresurtiktok\" target=\"_blank\" href=\"https:\/\/www.tiktok.com\/tag\/apprendresurtiktok?refer=embed\" rel=\"nofollow noopener\">#apprendresurtiktok<\/a><\/p>\n<p> <a target=\"_blank\" title=\"\u266c original sound - Serieously - Serieously\" href=\"https:\/\/www.tiktok.com\/music\/original-sound-Serieously-7509515585866402582?refer=embed\" rel=\"nofollow noopener\">\u266c original sound \u2013 Serieously \u2013 Serieously<\/a> <\/p>\n<\/blockquote>\n<p>\u00ab\u2009J\u2019ai grandi \u00e0 Grenoble\u2009\u00bb<\/p>\n<p class=\" wall-content\">En effet, l\u2019actrice franco-am\u00e9ricaine est n\u00e9e dans la <strong>capitale des Alpes<\/strong>, o\u00f9 elle y a par ailleurs pass\u00e9 une bonne partie de sa jeunesse.<\/p>\n<p class=\" wall-content\">\u00ab\u2009J\u2019ai<strong> grandi \u00e0 Grenoble<\/strong>, ma m\u00e8re est fran\u00e7aise et toute sa famille vient de Grenoble. Mon p\u00e8re lui est Am\u00e9ricain. Je n\u2019ai jamais vraiment pens\u00e9 que je viendrais vivre aux \u00c9tats-Unis, et encore moins \u00e0 Los Angeles\u2009\u00bb, d\u00e9clare-t-elle dans une interview accord\u00e9e au m\u00e9dia Seriouesly.<\/p>\n<p>Vid\u00e9os : en ce moment sur Actu\u00ab\u2009\u00catre dans Grey\u2019s Anatomy \u00e7a ne me paraissait pas du tout possible\u2009\u00bb<\/p>\n<p class=\" wall-content\">M\u00eame si elle r\u00e9v\u00e8le avoir de la famille \u00e0 Los Angeles, o\u00f9 elle y a pass\u00e9 de nombreuses vacances dans sa jeunesse, Jaicy Elliot ne s\u2019attendait clairement pas \u00e0 un destin aussi glorieux outre-atlantique.<\/p>\n<p class=\" wall-content\">Car c\u2019est finalement \u00e0 l\u2019\u00e2ge de 21\u00a0ans que la Grenobloise, apr\u00e8s avoir suivi les Cours Florent, a d\u00e9cid\u00e9 de s\u2019envoler pour de bon \u00e0 destination des \u00c9tats-Unis pour tenter sa chance. Non sans succ\u00e8s. \u00ab\u2009Mais grandissant \u00e0 Grenoble, \u00e7a ne me semblait pas tout \u00e0 fait accessible. \u00catre dans Grey\u2019s Anatomy \u00e7a ne me paraissait pas du tout possible\u2009\u00bb, avoue-t-elle.<\/p>\n<p class=\" wall-content\">Suivez toute l\u2019actualit\u00e9 de vos villes et m\u00e9dias favoris en vous inscrivant \u00e0 <a href=\"https:\/\/moncompte.actu.fr\" title=\"D\u00e9couvez Mon Actu\" rel=\"nofollow noopener\" data-trk=\"{&quot;cta&quot;:{&quot;action&quot;:&quot;https:\\\/\\\/moncompte.actu.fr&quot;,&quot;category&quot;:&quot;mon compte&quot;,&quot;from&quot;:&quot;article footer&quot;,&quot;name&quot;:&quot;Mon actu&quot;,&quot;type&quot;:&quot;cta&quot;}}\" target=\"_blank\">Mon Actu<\/a>.<\/p>\n<p>                    <script async src=\"\/\/www.tiktok.com\/embed.js\"><\/script><\/p>\n","protected":false},"excerpt":{"rendered":"Par Julien Sournies Publi\u00e9 le 25 juin 2025 \u00e0 12h10 Elle prend de plus en plus de place&hellip;\n","protected":false},"author":2,"featured_media":203064,"comment_status":"","ping_status":"","sticky":false,"template":"","format":"standard","meta":{"footnotes":""},"categories":[9566],"tags":[1111,11,2430,1777,674,1011,27,2731,1652,12,25,1314,252],"class_list":{"0":"post-203063","1":"post","2":"type-post","3":"status-publish","4":"format-standard","5":"has-post-thumbnail","7":"category-grenoble","8":"tag-actu","9":"tag-actualites","10":"tag-auvergne-rhone-alpes","11":"tag-eu","12":"tag-europe","13":"tag-fr","14":"tag-france","15":"tag-grenoble","16":"tag-loisirs-culture","17":"tag-news","18":"tag-republique-francaise","19":"tag-series","20":"tag-television"},"share_on_mastodon":{"url":"https:\/\/pubeurope.com\/@fr\/114743700704871876","error":""},"_links":{"self":[{"href":"https:\/\/www.europesays.com\/fr\/wp-json\/wp\/v2\/posts\/203063","targetHints":{"allow":["GET"]}}],"collection":[{"href":"https:\/\/www.europesays.com\/fr\/wp-json\/wp\/v2\/posts"}],"about":[{"href":"https:\/\/www.europesays.com\/fr\/wp-json\/wp\/v2\/types\/post"}],"author":[{"embeddable":true,"href":"https:\/\/www.europesays.com\/fr\/wp-json\/wp\/v2\/users\/2"}],"replies":[{"embeddable":true,"href":"https:\/\/www.europesays.com\/fr\/wp-json\/wp\/v2\/comments?post=203063"}],"version-history":[{"count":0,"href":"https:\/\/www.europesays.com\/fr\/wp-json\/wp\/v2\/posts\/203063\/revisions"}],"wp:featuredmedia":[{"embeddable":true,"href":"https:\/\/www.europesays.com\/fr\/wp-json\/wp\/v2\/media\/203064"}],"wp:attachment":[{"href":"https:\/\/www.europesays.com\/fr\/wp-json\/wp\/v2\/media?parent=203063"}],"wp:term":[{"taxonomy":"category","embeddable":true,"href":"https:\/\/www.europesays.com\/fr\/wp-json\/wp\/v2\/categories?post=203063"},{"taxonomy":"post_tag","embeddable":true,"href":"https:\/\/www.europesays.com\/fr\/wp-json\/wp\/v2\/tags?post=203063"}],"curies":[{"name":"wp","href":"https:\/\/api.w.org\/{rel}","templated":true}]}}