{"id":203067,"date":"2025-06-25T11:12:12","date_gmt":"2025-06-25T11:12:12","guid":{"rendered":"https:\/\/www.europesays.com\/fr\/203067\/"},"modified":"2025-06-25T11:12:12","modified_gmt":"2025-06-25T11:12:12","slug":"demolition-du-parking-vilaine-a-rennes-une-methode-impressionnante-pour-evacuer-les-gravats-on-vous-explique","status":"publish","type":"post","link":"https:\/\/www.europesays.com\/fr\/203067\/","title":{"rendered":"D\u00e9molition du parking Vilaine \u00e0 Rennes. Une m\u00e9thode impressionnante pour \u00e9vacuer les gravats, on vous explique"},"content":{"rendered":"<p>            Par<br \/>\n        <strong><br \/>\n            <a href=\"https:\/\/actu.fr\/auteur\/brian-legoff\" title=\"Consulter tous les articles de Brian Le Goff\" rel=\"nofollow noopener\" target=\"_blank\">Brian Le Goff<\/a><br \/>\n        <\/strong><\/p>\n<p>        Publi\u00e9 le<\/p>\n<p>            25 juin 2025 \u00e0 12h46        <\/p>\n<p>Les derniers d\u00e9tails d\u2019un des projets (tr\u00e8s) discut\u00e9s <strong>de Nathalie App\u00e9r\u00e9<\/strong>\u00a0\u00e0 Rennes sont maintenant connus. En effet, la <a href=\"https:\/\/actu.fr\/bretagne\/rennes_35238\/le-parking-vilaine-a-rennes-va-disparaitre-voici-ce-qui-devrait-le-remplacer_48007134.html\" rel=\"nofollow noopener\" target=\"_blank\">Ville a d\u00e9cid\u00e9 de supprimer le parking Vilaine<\/a>, sa dalle la plus centrale et proche des commerces du centre-ville avec <strong>pr\u00e8s de 250 places de stationnement<\/strong>. Apr\u00e8s avoir pr\u00e9sent\u00e9 <a href=\"https:\/\/actu.fr\/bretagne\/rennes_35238\/passerelle-pontons-jardins-flottants-le-nouveau-visage-de-rennes-sans-le-parking-vilaine-se-precise_61945770.html\" rel=\"nofollow noopener\" target=\"_blank\">les esquisses de ce que deviendra le quartier R\u00e9publique<\/a> une fois cette \u00e9tape pass\u00e9e, la municipalit\u00e9 avait invit\u00e9 d\u00e9but juin la presse, dont la r\u00e9daction d\u2019actu Rennes, \u00e0 une<a href=\"https:\/\/actu.fr\/bretagne\/rennes_35238\/video-beton-arme-fissures-qu-est-ce-qui-se-cache-sous-le-parking-vilaine-en-centre-ville-de-rennes_62740397.html\" rel=\"nofollow noopener\" target=\"_blank\"> visite sous la dalle<\/a> afin de lui pr\u00e9senter <a href=\"https:\/\/actu.fr\/bretagne\/rennes_35238\/la-difficulte-c-est-le-fleuve-en-dessous-a-rennes-comment-le-parking-vilaine-va-etre-detruit_62771441.html\" rel=\"nofollow noopener\" target=\"_blank\">les grandes lignes de la m\u00e9thode de d\u00e9construction<\/a>. Mais <strong>une inconnue restait encore pr\u00e9sente\u2009: l\u2019\u00e9vacuation des gravats<\/strong>.<\/p>\n<p class=\" wall-content\">En effet, la m\u00e9thodologie de d\u00e9molition propos\u00e9e par le <strong>ma\u00eetre d\u2019\u0153uvre<\/strong> lors de la consultation des entreprises <strong>pr\u00e9voyait<\/strong> la d\u00e9construction du parking suivant une technique de <strong>d\u00e9coupage<\/strong> par \u00e9l\u00e9ments. Mais<strong> chaque entrepreneur \u00e9tait libre<\/strong> de proposer sa propre m\u00e9thodologie de d\u00e9construction et d\u2019\u00e9vacuation des d\u00e9blais, avec <strong>l\u2019objectif de respecter les contraintes<\/strong> techniques impos\u00e9es \u00e0 la consultation.<\/p>\n<p class=\" wall-content\">Apr\u00e8s quelques semaines d\u2019attente, la Ville a donc d\u00e9voil\u00e9 l\u2019entreprise charg\u00e9e de cette partie et le proc\u00e9d\u00e9 retenu.<\/p>\n<p class=\" wall-content\">Et c\u2019est <strong>l\u2019entreprise de travaux publics Charier TP,<\/strong> bas\u00e9e en bord de Vilaine, dans la zone route de Lorient, qui a \u00e9t\u00e9 retenue pour assurer les travaux de d\u00e9construction. Gr\u00e2ce \u00e0 son implantation \u00e0 quelques kilom\u00e8tres du chantier, elle a propos\u00e9 une m\u00e9thode de d\u00e9construction et <strong>d\u2019\u00e9vacuation des d\u00e9blais par voie fluviale<\/strong>, indique la Ville dans un communiqu\u00e9 de presse. <strong>\u00ab\u2009Les nuisances et contraintes<\/strong> pour les riverains et les usagers des quais <strong>s\u2019en trouveront r\u00e9duites<\/strong>.\u2009\u00bb<\/p>\n<p>D\u2019abord une grue<\/p>\n<p class=\" wall-content\"><strong>\u00c0 partir du mois d\u2019octobre\u00a02025,<\/strong> une grue sera donc implant\u00e9e \u00e0 l\u2019extr\u00e9mit\u00e9 ouest du quai Duguay-Trouin, vers la place de Bretagne. Elle permettra de cr\u00e9er une <strong>premi\u00e8re ouverture<\/strong> dans la dalle<strong> sur environ 20\u00a0m\u00e8tres de long,<\/strong> pour mettre en place les mat\u00e9riels de d\u00e9construction.<\/p>\n<p class=\" wall-content\">Le <strong>quai Duguay-Trouin sera ferm\u00e9<\/strong> \u00e0 la circulation entre la rue Le Bouteiller et la rue de la Monnaie, <strong>jusqu\u2019\u00e0 fin novembre\u00a02025,<\/strong> pour la r\u00e9alisation de cette premi\u00e8re phase.<\/p>\n<p>    <a href=\"https:\/\/www.google.com\/maps\/embed?pb=!4v1750846376229!6m8!1m7!1syxg1UAdD74kB7_UPnVHSUg!2m2!1d48.11018137870973!2d-1.680288750251788!3f233.92540591439402!4f3.9041762679553926!5f0.7820865974627469\" title=\"Ouvrie le lien\" rel=\"nofollow noopener\" target=\"_blank\">Cliquez ici pour visualiser le contenu<\/a><\/p>\n<p>Puis une pelleteuse g\u00e9ante sur des caissons flottants<\/p>\n<p class=\" wall-content\">L\u2019ouverture r\u00e9alis\u00e9e <strong>permettra<\/strong> notamment de <strong>faire descendre<\/strong> (par grutage) une <strong>pelle de pr\u00e8s de 50\u00a0tonnes<\/strong> qui sera pos\u00e9e sur des caissons flottants sur la Vilaine.<\/p>\n<p>    <img   decoding=\"async\" loading=\"lazy\" src=\"https:\/\/www.europesays.com\/fr\/wp-content\/uploads\/2025\/06\/schema-methode-deconstruction-evacuation-gravats-deblais-parkign-vilaine-travaux-chantier-rennes-960.png\" alt=\"Sch\u00e9ma de la m\u00e9thode de d\u00e9construction retenue avec l'entreprise Charier TP.\" width=\"960\" height=\"640\"\/><br \/>\n    Sch\u00e9ma de la m\u00e9thode de d\u00e9construction retenue avec l\u2019entreprise Charier TP. (\u00a9 Charier)<\/p>\n<p class=\" wall-content\">La d\u00e9construction de la dalle, sur environ 250\u00a0m\u00e8tres de long, sera ensuite men\u00e9e par \u00ab\u2009grignotage\u2009\u00bb progressif, effectu\u00e9 depuis le fleuve, pour une dur\u00e9e d\u2019environ cinq mois, de d\u00e9cembre \u00e0 avril\u00a02026. Les 6\u2009000\u00a0tonnes de b\u00e9ton seront <strong>\u00e9vacu\u00e9es par des barges,<\/strong> sur la Vilaine, <strong>jusqu\u2019au site de l\u2019entreprise Charier TP<\/strong> (4\u00a0km de trajet).<\/p>\n<p>\u00ab\u2009R\u00e9duire les nuisances et les contraintes\u2009\u00bb<\/p>\n<p class=\" wall-content\">Ce <strong>\u00ab\u2009grignotage\u2009\u00bb effectu\u00e9 depuis le fleuve<\/strong> permettra de \u00ab\u2009r\u00e9duire les nuisances et les contraintes\u2009\u00bb pour les riverains et les usagers des quais de Vilaine, toujours selon la Ville\u2009:<\/p>\n<ul class=\" wall-content\">\n<li>moins de bruit gr\u00e2ce \u00e0 cette technique de d\u00e9construction par <strong>\u00e9miettement<\/strong> contr\u00f4l\u00e9 (usage r\u00e9duit des scies \u00e0 b\u00e9ton)\u2009;<\/li>\n<li>r\u00e9duction de la p\u00e9riode d\u2019immobilisation du quai Duguay-Trouin \u00e0 deux mois maximum, puisqu\u2019une fois l\u2019ouverture r\u00e9alis\u00e9e, l\u2019ensemble des interventions se fera depuis la Vilaine. Il n\u2019y aura pas d\u2019impact sur la circulation des transports en commun sur la rive sud, quai Lamennais\u2009;<\/li>\n<li>moins de pollution gr\u00e2ce \u00e0 l\u2019\u00e9vacuation des d\u00e9blais par voie fluviale, au moyen de <strong>barges pilot\u00e9es par des bateaux-pousseurs \u00e9lectriques<\/strong> (moins de camions en centre-ville)\u2009;<\/li>\n<li><strong>recyclage du b\u00e9ton<\/strong> issu du chantier de d\u00e9construction directement sur le site de l\u2019entreprise Charier TP pour permettre une valorisation ult\u00e9rieure dans le cadre de chantiers rennais.<\/li>\n<\/ul>\n<p>Les \u00e9tapes et le calendrier de d\u00e9construction<\/p>\n<p class=\" wall-content\">Les travaux se d\u00e9clineront ensuite en diff\u00e9rentes \u00e9tapes, <strong>entre octobre\u00a02025 et l\u2019\u00e9t\u00e9 2028\u2009:<\/strong><\/p>\n<ul class=\" wall-content\">\n<li>d\u00e9construction du parking Vilaine\u2009: dur\u00e9e sept mois, \u00e0 partir d\u2019octobre\u00a02025\u2009;<\/li>\n<li>r\u00e9habilitation de la dalle R\u00e9publique\u2009: dur\u00e9e 14\u00a0mois, \u00e0 partir du printemps 2026\u2009;<\/li>\n<li>travaux de r\u00e9seaux\u2009: dur\u00e9e un an, \u00e0 partir de l\u2019\u00e9t\u00e9 2026\u2009;<\/li>\n<li>travaux de construction de la nouvelle passerelle, des pontons flottants, des nouveaux jardins flottants et des gradins (adoss\u00e9s aux ponts de la Mission et de Nemours)\u2009: dur\u00e9e 18\u00a0mois, \u00e0 partir de la fin 2026\u2009;<\/li>\n<\/ul>\n<p>    <img   decoding=\"async\" loading=\"lazy\" src=\"https:\/\/www.europesays.com\/fr\/wp-content\/uploads\/2025\/06\/schema-et-calendrier-etape-deconstruction-parkign-vilaine-reamengament-place-de-la-republique-rennes.jpeg\" alt=\"Sch\u00e9ma des \u00e9tapes de d\u00e9construction du parking Vilaine et de r\u00e9am\u00e9nagement du quartier de R\u00e9publique.\" width=\"960\" height=\"640\"\/><br \/>\n    Sch\u00e9ma des \u00e9tapes de d\u00e9construction du parking Vilaine et de r\u00e9am\u00e9nagement du quartier de R\u00e9publique. (\u00a9Ville de Rennes)<\/p>\n<ul class=\" wall-content\">\n<li>am\u00e9nagement des espaces publics\u2009: place de la R\u00e9publique\u2009; quais nord et sud\u2009: dur\u00e9e 18\u00a0mois, \u00e0 partir de d\u00e9but 2027\u2009;<\/li>\n<li>am\u00e9nagements des abords du Palais du Commerce (placette Joffre, rue du Pr\u00e9-Bott\u00e9, rue de Nemours nord)\u2009: dur\u00e9e huit mois environ, \u00e0 partir de d\u00e9but 2028.<\/li>\n<\/ul>\n<p class=\" wall-content\">La <strong>fin des travaux<\/strong> devrait donc se terminer aux environs de la<strong> rentr\u00e9e 2028<\/strong>. Des bulletins d\u2019informations sur les travaux seront r\u00e9guli\u00e8rement distribu\u00e9s aux riverains.<\/p>\n<p>Un chantier cons\u00e9quent<\/p>\n<p class=\" wall-content\">Le projet de d\u00e9couverte de la Vilaine et d\u2019am\u00e9nagement des quais et de leurs abords concerne une surface totale de <strong>quatre hectares<\/strong>, du pont de la Mission au pont Pasteur, en passant par la place de la R\u00e9publique.<\/p>\n<p class=\" wall-content\">La Vilaine sera<strong> d\u00e9couverte sur 270\u00a0m\u00e8tres de long<\/strong>. Le projet global, port\u00e9 par Rennes M\u00e9tropole et la Ville de Rennes, repr\u00e9sente un budget de <strong>29\u00a0millions d\u2019euros.<\/strong><\/p>\n<p class=\" wall-content\">La ma\u00eetrise d\u2019\u0153uvre est assur\u00e9e par le groupement compos\u00e9 de PHYTOLAB, paysagiste et mandataire, associ\u00e9 aux cotraitants INGEROP (bureau d\u2019\u00e9tudes), Agence UNIT\u00c9 (architecte), et Studio VICARINI (concepteur lumi\u00e8re), ainsi qu\u2019au sous-traitant BIOTOPE (\u00e9cologue).<\/p>\n<p class=\" wall-content\">Suivez toute l\u2019actualit\u00e9 de vos villes et m\u00e9dias favoris en vous inscrivant \u00e0 <a href=\"https:\/\/moncompte.actu.fr\" title=\"D\u00e9couvez Mon Actu\" rel=\"nofollow noopener\" data-trk=\"{&quot;cta&quot;:{&quot;action&quot;:&quot;https:\\\/\\\/moncompte.actu.fr&quot;,&quot;category&quot;:&quot;mon compte&quot;,&quot;from&quot;:&quot;article footer&quot;,&quot;name&quot;:&quot;Mon actu&quot;,&quot;type&quot;:&quot;cta&quot;}}\" target=\"_blank\">Mon Actu<\/a>.<\/p>\n","protected":false},"excerpt":{"rendered":"Par Brian Le Goff Publi\u00e9 le 25 juin 2025 \u00e0 12h46 Les derniers d\u00e9tails d\u2019un des projets (tr\u00e8s)&hellip;\n","protected":false},"author":2,"featured_media":203068,"comment_status":"","ping_status":"","sticky":false,"template":"","format":"standard","meta":{"footnotes":""},"categories":[2821],"tags":[1111,11,829,33,1777,674,1011,27,12,584,25,2086,1352,7009],"class_list":{"0":"post-203067","1":"post","2":"type-post","3":"status-publish","4":"format-standard","5":"has-post-thumbnail","7":"category-rennes","8":"tag-actu","9":"tag-actualites","10":"tag-bretagne","11":"tag-economie","12":"tag-eu","13":"tag-europe","14":"tag-fr","15":"tag-france","16":"tag-news","17":"tag-rennes","18":"tag-republique-francaise","19":"tag-travaux","20":"tag-urbanisme","21":"tag-vilaine"},"share_on_mastodon":{"url":"https:\/\/pubeurope.com\/@fr\/114743708499927538","error":""},"_links":{"self":[{"href":"https:\/\/www.europesays.com\/fr\/wp-json\/wp\/v2\/posts\/203067","targetHints":{"allow":["GET"]}}],"collection":[{"href":"https:\/\/www.europesays.com\/fr\/wp-json\/wp\/v2\/posts"}],"about":[{"href":"https:\/\/www.europesays.com\/fr\/wp-json\/wp\/v2\/types\/post"}],"author":[{"embeddable":true,"href":"https:\/\/www.europesays.com\/fr\/wp-json\/wp\/v2\/users\/2"}],"replies":[{"embeddable":true,"href":"https:\/\/www.europesays.com\/fr\/wp-json\/wp\/v2\/comments?post=203067"}],"version-history":[{"count":0,"href":"https:\/\/www.europesays.com\/fr\/wp-json\/wp\/v2\/posts\/203067\/revisions"}],"wp:featuredmedia":[{"embeddable":true,"href":"https:\/\/www.europesays.com\/fr\/wp-json\/wp\/v2\/media\/203068"}],"wp:attachment":[{"href":"https:\/\/www.europesays.com\/fr\/wp-json\/wp\/v2\/media?parent=203067"}],"wp:term":[{"taxonomy":"category","embeddable":true,"href":"https:\/\/www.europesays.com\/fr\/wp-json\/wp\/v2\/categories?post=203067"},{"taxonomy":"post_tag","embeddable":true,"href":"https:\/\/www.europesays.com\/fr\/wp-json\/wp\/v2\/tags?post=203067"}],"curies":[{"name":"wp","href":"https:\/\/api.w.org\/{rel}","templated":true}]}}