{"id":20307,"date":"2025-04-12T18:33:13","date_gmt":"2025-04-12T18:33:13","guid":{"rendered":"https:\/\/www.europesays.com\/fr\/20307\/"},"modified":"2025-04-12T18:33:13","modified_gmt":"2025-04-12T18:33:13","slug":"les-restrictions-de-circulation-et-de-stationnement-a-prevoir-ce-week-end","status":"publish","type":"post","link":"https:\/\/www.europesays.com\/fr\/20307\/","title":{"rendered":"les restrictions de circulation et de stationnement \u00e0 pr\u00e9voir ce week-end"},"content":{"rendered":"<p>            Par<br \/>\n        <strong><br \/>\n            <a href=\"https:\/\/actu.fr\/auteur\/thibault-nadal-actu-fr\" title=\"Consulter tous les articles de Thibault Nadal\" target=\"_blank\" rel=\"noopener\">Thibault Nadal<\/a><br \/>\n        <\/strong><\/p>\n<p>        Publi\u00e9 le<\/p>\n<p>            12 avr. 2025 \u00e0 9h37        <\/p>\n<p>Ils seront 55\u2009000. Ce dimanche 13\u00a0avril 2025, \u00e0 7h55, sur les Champs-\u00c9lys\u00e9es (8e), le coup d\u2019envoi de la 48e \u00e9dition du marathon de <a href=\"https:\/\/actu.fr\/paris\/\" target=\"_blank\" rel=\"noopener\">Paris<\/a> sera donn\u00e9. Pour accompagner les coureurs et faciliter leur passage, <a href=\"https:\/\/actu.fr\/tag\/prefecture-de-police-de-paris\" target=\"_blank\" rel=\"noopener\">la pr\u00e9fecture de Police<\/a> a pr\u00e9venu qu\u2019un \u00ab\u2009dispositif de circulation sera mis en place autour du parcours [\u2026] et que <strong>la circulation sera tr\u00e8s fortement perturb\u00e9e dans ce p\u00e9rim\u00e8tre<\/strong>\u2009\u00bb.<\/p>\n<p class=\" wall-content\">Les coureurs, eux, quitteront les <a href=\"https:\/\/actu.fr\/tag\/champs-elysees\" target=\"_blank\" rel=\"noopener\">Champs \u00c9lys\u00e9es<\/a>, direction le bois de Vincennes, avant de revenir sur leur pas pour repartir vers l\u2019hippodrome d\u2019Auteuil (16e) et de terminer les 42,195 kilom\u00e8tres de course sur l\u2019avenue Foch. Le parcours d\u00e9taill\u00e9 est \u00e0 retrouver ci-dessous.<\/p>\n<p class=\" wall-content\">\n<p>Le d\u00e9tail des restrictions de stationnement<\/p>\n<p class=\" wall-content\">Dans <a href=\"https:\/\/www.prefecturedepolice.interieur.gouv.fr\/sites\/default\/files\/Documents\/arrete_2025-00407_03042025.pdf\" target=\"_blank\" rel=\"noopener\">l\u2019arr\u00eat\u00e9 pris le 3\u00a0avril dernier<\/a>, les autorit\u00e9s pr\u00e9cisent que les restrictions de circulation et de stationnement ont commenc\u00e9 d\u00e8s ce vendredi et se termineront dimanche apr\u00e8s la course.<\/p>\n<p class=\" wall-content\">Depuis ce vendredi 18h, il est interdit de stationner dans plusieurs rues du <strong>12e et 16e arrondissements<\/strong>, ainsi qu\u2019\u00e0 <strong>Boulogne-Billancourt<\/strong> (Hauts-de-Seine) et <strong>Charenton-le-Pont et Saint-Mand\u00e9<\/strong> (Val-de-Marne). Une mesure qui prendra fin dimanche \u00e0 13h.<\/p>\n<p class=\" wall-content\"><strong>Le stationnement est interdit dans les voies suivantes<\/strong>\u2009:<\/p>\n<p>Vid\u00e9os : en ce moment sur Actu<\/p>\n<ul class=\" wall-content\">\n<li>rue du Faubourg Saint-Antoine, c\u00f4t\u00e9 pair, du n\u00b0246bis au n\u00b0262,<\/li>\n<li>avenue Daumesnil, sur 350\u00a0m\u00e8tres \u00e0 partir de l\u2019esplanade Saint-Louis,<\/li>\n<li>route de la Ferme, au droit du n\u00b02 jusqu\u2019au n\u00b044 et au droit du n\u00b01 au n\u00b039 et du n\u00b071 au n\u00b0\u00a074,<\/li>\n<li>avenue de Gravelle, du n\u00b031 au n\u00b047,<\/li>\n<li>rue de Charenton, du n\u00b0224 au n\u00b0238,<\/li>\n<li>avenue Daumesnil, du n\u00b0131 au n\u00b0135,<\/li>\n<li>rue de Picpus, du n\u00b078 au n\u00b084,<\/li>\n<li>avenue du Pr\u00e9sident Kennedy, du n\u00b0100 au n\u00b0104,<\/li>\n<li>boulevard d\u2019Auteuil, du n\u00b02 au n\u00b04,<\/li>\n<li>avenue Ingres, entre l\u2019avenue Rapha\u00ebl et l\u2019avenue Prud\u2019hon,<\/li>\n<li>boulevard Bourdon, du n\u00b011 au n\u00b023.<\/li>\n<\/ul>\n<p class=\" wall-content\">Dans d\u2019autres rues du 16e arrondissement, le stationnement est interdit depuis ce vendredi jusqu\u2019\u00e0 dimanche \u00e0 20h. Voici lesquelles\u2009:<\/p>\n<ul class=\" wall-content\">\n<li>avenue Foch, contre-all\u00e9e, du n\u00b035 au n\u00b049,<\/li>\n<li>avenue Foch, contre-all\u00e9e, du n\u00b046 au n\u00b054,<\/li>\n<li>avenue Foch, contre-all\u00e9e, du n\u00b070 au n\u00b074,<\/li>\n<li>avenue Hubert-Germain,<\/li>\n<li>rue de la Faisanderie, du n\u00b02 au n\u00b028<\/li>\n<\/ul>\n<p>Le d\u00e9tail des restrictions de circulation ce samedi 12\u00a0avril<\/p>\n<p class=\" wall-content\">Les premi\u00e8res restrictions de circulation sont entr\u00e9es en vigueur ce samedi \u00e0 3h du matin. Elles prendront fin dimanche \u00e0 23h30. Durant ce laps de temps, il est interdit de rouler entre l\u2019avenue Malakoff et la place du Paraguay, et entre la rue de Presbourg et l\u2019avenue Malakoff (16e), \u00e0 l\u2019exception de sa portion entre l\u2019avenue de Malakoff et l\u2019avenue Raymond Poincar\u00e9, encore ouverte \u00e0 la circulation.<\/p>\n<p class=\" wall-content\">Depuis 6h30 ce samedi et jusqu\u2019\u00e0 10h30, la circulation est interdite rue de Rivoli, entre la rue de Rohan et la rue de l\u2019Amiral de Coligny \u00e0 Paris Centre. Il est \u00e9galement interdit de rouler sur la place Fontenoy-Unesco (7e) jusqu\u2019\u00e0 14h30 ce samedi.<\/p>\n<p>Les restrictions de circulation du dimanche 13\u00a0avril<\/p>\n<p class=\" wall-content\">C\u2019est cette journ\u00e9e qui va concentrer l\u2019ensemble de mesures. D\u00e8s minuit, la circulation de est interdit sur l\u2019avenue des Champs-\u00c9lys\u00e9es, entre la place Charles de Gaulle et le rond-point des Champs-\u00c9lys\u00e9es et Marcel Dassault. Elle ne reprendra qu\u2019\u00e0 15h.<\/p>\n<p class=\" wall-content\"><strong>Les autres restrictions de circulation dans le 16e<\/strong>\u2009: entre minuit \u00e0 21h, place du Chancelier Adenauer et avenue Hubert Germain. Et de 4h du matin \u00e0 23h30, avenue Foch, entre l\u2019avenue Malakoff et l\u2019avenue Raymond Poincar\u00e9.<\/p>\n<p class=\" wall-content\">Le pont du Garigliano sera ferm\u00e9 entre 7h et 18h.<\/p>\n<p class=\" wall-content\"><strong>Dans ces rues, la circulation est interdite dimanche de 7h \u00e0 13h30\u2009<\/strong>:<\/p>\n<ul class=\" wall-content\">\n<li>avenue des Champs Elys\u00e9es,<\/li>\n<li>rond-point des Champs Elys\u00e9es-Marcel Dassault,<\/li>\n<li>place de la Concorde,<\/li>\n<li>rue de Rivoli,<\/li>\n<li>rue de Castiglione,<\/li>\n<li>place Vend\u00f4me,<\/li>\n<li>rue de la Paix,<\/li>\n<li>place de l\u2019Op\u00e9ra,<\/li>\n<li>rue Auber,<\/li>\n<li>place Charles Garnier,<\/li>\n<li>rue Scribe,<\/li>\n<li>place Diaghilev,<\/li>\n<li>rue Gluck,<\/li>\n<li>place Jacques Rouch\u00e9,<\/li>\n<li>rue Halevy,<\/li>\n<li>avenue de l\u2019Op\u00e9ra,<\/li>\n<li>place Andr\u00e9 Malraux,<\/li>\n<li>rue de Rohan,<\/li>\n<li>place du Carrousel,<\/li>\n<li>quai Fran\u00e7ois Mitterrand,<\/li>\n<li>rue de l\u2019Amiral de Coligny,<\/li>\n<li>rue de Rivoli,<\/li>\n<li>rue Saint-Antoine,<\/li>\n<li>place Edouard Renard, c\u00f4t\u00e9 droit,<\/li>\n<li>avenue Daumesnil,<\/li>\n<li>esplanade Saint-Louis,<\/li>\n<li>route de la Pyramide,<\/li>\n<li>route de la Ferme,<\/li>\n<li>carrefour de la Ferme de la Faisanderie,<\/li>\n<li>route de la Tourelle,<\/li>\n<li>route du Pesage,<\/li>\n<li>avenue de Gravelle,<\/li>\n<li>avenue de la Porte de Charenton,<\/li>\n<li>place de la Bastille, voies ext\u00e9rieures.<\/li>\n<\/ul>\n<p class=\" wall-content\"><strong>Dans ces rues, la circulation est interdite dimanche de 7h \u00e0 17h15<\/strong>\u2009:<\/p>\n<ul class=\" wall-content\">\n<li>rue du Faubourg Saint-Antoine,<\/li>\n<li>place de la Nation,<\/li>\n<li>rue Fabre d\u2019Eglantine,<\/li>\n<li>rue de Picpus,<\/li>\n<li>boulevard de Reuilly,<\/li>\n<li>place Felix Ebou\u00e9,<\/li>\n<li>avenue Daumesnil,<\/li>\n<li>rue de Charenton,<\/li>\n<li>avenue Daumesnil,<\/li>\n<li>rue de Lyon,<\/li>\n<li>place de la Bastille (voies int\u00e9rieures),<\/li>\n<li>boulevard Bourdon,<\/li>\n<li>rue Mornay,<\/li>\n<li>rue de Sully,<\/li>\n<li>quai des C\u00e9lestins,<\/li>\n<li>voie Georges Pompidou, souterrain Tuileries,<\/li>\n<li>voie Georges Pompidou, quai des Tuileries,<\/li>\n<li>voie Georges Pompidou, souterrain Concorde.<\/li>\n<\/ul>\n<p class=\" wall-content\">Une interdiction qui ne concerne pas les v\u00e9hicules RATP.<\/p>\n<p class=\" wall-content\"><strong>Dans ces rues, la circulation est interdite dimanche de 7h30 \u00e0 18h45<\/strong>\u2009:<\/p>\n<ul class=\" wall-content\">\n<li>voie Georges Pompidou, souterrain Alma,<\/li>\n<li>avenue de New-York,<\/li>\n<li>place de Varsovie, souterrain I\u00e9na,<\/li>\n<li>avenue de New-York,<\/li>\n<li>avenue du Pr\u00e9sident Kennedy,<\/li>\n<li>place Cl\u00e9ment Ader,<\/li>\n<li>avenue de Versailles,<\/li>\n<li>boulevard Exelmans,<\/li>\n<li>rue Molitor,<\/li>\n<li>place de la Porte Molitor,<\/li>\n<li>boulevard d\u2019Auteuil,<\/li>\n<li>carrefour des Anciens Combattants,<\/li>\n<li>all\u00e9e de la Reine Marguerite,<\/li>\n<li>avenue de l\u2019Hippodrome,<\/li>\n<li>carrefour des Cascades,<\/li>\n<li>route des Lacs \u00e0 Passy,<\/li>\n<li>place de la Porte de Passy,<\/li>\n<li>avenue Ingres,<\/li>\n<li>chauss\u00e9e de la Muette,<\/li>\n<li>avenue Paul Doumer,<\/li>\n<li>place Possoz,<\/li>\n<li>place du Trocad\u00e9ro et du 11\u00a0Novembre,<\/li>\n<li>avenue Raymond Poincar\u00e9,<\/li>\n<li>place Victor Hugo.<\/li>\n<\/ul>\n<p>La circulation invers\u00e9e<\/p>\n<p class=\" wall-content\">Sur le pont Royal, la rue Claude Decaen, entre la rue Cannebi\u00e8re et la rue Tourneux et la rue Cannebi\u00e8re, la circulation sera invers\u00e9e de 7h \u00e0 17h30.<\/p>\n<p>La circulation aussi interdite sur le p\u00e9riph\u00e9rique<\/p>\n<p class=\" wall-content\">Ce dimanche, sur le p\u00e9riph\u00e9rique de 5h30 du matin \u00e0 15h30, la circulation sera interdite sur bretelle de sortie du boulevard p\u00e9riph\u00e9rique ext\u00e9rieur de la porte de Charenton et sur la bretelle de sortie du boulevard p\u00e9riph\u00e9rique int\u00e9rieur de la porte Dor\u00e9e.<\/p>\n<p class=\" wall-content\">Entre 7h et 18h, ce sera sur le boulevard p\u00e9riph\u00e9rique int\u00e9rieur et ext\u00e9rieur\u2009: porte Dauphine, porte de Passy et porte d\u2019Auteuil.<\/p>\n<p class=\" wall-content\">Enfin, la circulation sera interdite sur la bretelle de sortie n\u00b01 de l\u2019autoroute A13 dans le sens Province-Paris de 7h \u00e0 18h.<\/p>\n<p class=\" wall-content\">Suivez toute l\u2019actualit\u00e9 de vos villes et m\u00e9dias favoris en vous inscrivant \u00e0 <a href=\"https:\/\/moncompte.actu.fr\" title=\"D\u00e9couvez Mon Actu\" rel=\"nofollow noopener\" data-trk=\"{&quot;cta&quot;:{&quot;action&quot;:&quot;https:\\\/\\\/moncompte.actu.fr&quot;,&quot;category&quot;:&quot;mon compte&quot;,&quot;from&quot;:&quot;article footer&quot;,&quot;name&quot;:&quot;Mon actu&quot;,&quot;type&quot;:&quot;cta&quot;}}\" target=\"_blank\">Mon Actu<\/a>.<\/p>\n<ul class=\"ac-article-tag wall-content\">\n<li><a href=\"https:\/\/actu.fr\/tag\/prefecture-de-police-de-paris\" data-trk=\"{&quot;cta&quot;:{&quot;action&quot;:&quot;Pr\\u00e9fecture de Police de Paris&quot;,&quot;category&quot;:&quot;tag&quot;,&quot;from&quot;:&quot;article footer&quot;,&quot;name&quot;:&quot;Pr\\u00e9fecture de Police de Paris&quot;,&quot;type&quot;:&quot;cta&quot;}}\" target=\"_blank\" rel=\"noopener\">#Pr\u00e9fecture de Police de Paris<\/a><\/li>\n<\/ul>\n","protected":false},"excerpt":{"rendered":"Par Thibault Nadal Publi\u00e9 le 12 avr. 2025 \u00e0 9h37 Ils seront 55\u2009000. Ce dimanche 13\u00a0avril 2025, \u00e0&hellip;\n","protected":false},"author":2,"featured_media":20308,"comment_status":"","ping_status":"","sticky":false,"template":"","format":"standard","meta":{"footnotes":""},"categories":[1888],"tags":[1111,1928,11,1927,1777,674,1011,27,12,1926,626,1925,1931,25,104],"class_list":{"0":"post-20307","1":"post","2":"type-post","3":"status-publish","4":"format-standard","5":"has-post-thumbnail","7":"category-paris","8":"tag-actu","9":"tag-actu-paris","10":"tag-actualites","11":"tag-actualites-paris","12":"tag-eu","13":"tag-europe","14":"tag-fr","15":"tag-france","16":"tag-news","17":"tag-news-paris","18":"tag-paris","19":"tag-paris-news","20":"tag-prefecture-de-police-de-paris","21":"tag-republique-francaise","22":"tag-societe"},"share_on_mastodon":{"url":"https:\/\/pubeurope.com\/@fr\/114326431670320673","error":""},"_links":{"self":[{"href":"https:\/\/www.europesays.com\/fr\/wp-json\/wp\/v2\/posts\/20307","targetHints":{"allow":["GET"]}}],"collection":[{"href":"https:\/\/www.europesays.com\/fr\/wp-json\/wp\/v2\/posts"}],"about":[{"href":"https:\/\/www.europesays.com\/fr\/wp-json\/wp\/v2\/types\/post"}],"author":[{"embeddable":true,"href":"https:\/\/www.europesays.com\/fr\/wp-json\/wp\/v2\/users\/2"}],"replies":[{"embeddable":true,"href":"https:\/\/www.europesays.com\/fr\/wp-json\/wp\/v2\/comments?post=20307"}],"version-history":[{"count":0,"href":"https:\/\/www.europesays.com\/fr\/wp-json\/wp\/v2\/posts\/20307\/revisions"}],"wp:featuredmedia":[{"embeddable":true,"href":"https:\/\/www.europesays.com\/fr\/wp-json\/wp\/v2\/media\/20308"}],"wp:attachment":[{"href":"https:\/\/www.europesays.com\/fr\/wp-json\/wp\/v2\/media?parent=20307"}],"wp:term":[{"taxonomy":"category","embeddable":true,"href":"https:\/\/www.europesays.com\/fr\/wp-json\/wp\/v2\/categories?post=20307"},{"taxonomy":"post_tag","embeddable":true,"href":"https:\/\/www.europesays.com\/fr\/wp-json\/wp\/v2\/tags?post=20307"}],"curies":[{"name":"wp","href":"https:\/\/api.w.org\/{rel}","templated":true}]}}