{"id":203073,"date":"2025-06-25T11:15:12","date_gmt":"2025-06-25T11:15:12","guid":{"rendered":"https:\/\/www.europesays.com\/fr\/203073\/"},"modified":"2025-06-25T11:15:12","modified_gmt":"2025-06-25T11:15:12","slug":"strasbourg-5-000-manifestants-devant-le-conseil-de-leurope-pour-denoncer-les-violations-des-droits-humains-en-turquie","status":"publish","type":"post","link":"https:\/\/www.europesays.com\/fr\/203073\/","title":{"rendered":"Strasbourg. 5 000 manifestants devant le Conseil de l\u2019Europe pour d\u00e9noncer les violations des droits humains en Turquie"},"content":{"rendered":"<p>Environ 5 000 manifestants, partisans du pr\u00e9dicateur Fethullah G\u00fclen, ex-opposant au pr\u00e9sident turc Erdogan, ont d\u00e9fil\u00e9 ce mercredi 25 juin devant le Conseil de l\u2019Europe \u00e0 Strasbourg.<\/p>\n<p>Sous le slogan \u00ab Justice pour tous ! \u00bb, les manifestants venus de France mais aussi d\u2019Allemagne (Stuttgart, Hanovre, Marbourg), ont d\u00e9nonc\u00e9 la r\u00e9pression en Turquie et <a href=\"https:\/\/www.dna.fr\/faits-divers-justice\/2025\/06\/25\/les-gulenistes-turcs-ont-rendez-vous-devant-le-conseil-de-l-europe\" target=\"_blank\" rel=\"noopener\">exig\u00e9 l\u2019application des arr\u00eats de la Cour europ\u00e9enne des droits de l\u2019Homme<\/a> (CEDH).<\/p>\n<p>Deux courriers en ce sens ont \u00e9t\u00e9 remis par Rumi Unal, coordinateur du collectif D\u00e9fense des droits de l\u2019Homme (DDH), un collectif gul\u00e9niste, au secr\u00e9taire g\u00e9n\u00e9ral du Conseil de l\u2019Europe et au commissaire aux droits de l\u2019Homme.<\/p>\n<p>  Des manifestants masqu\u00e9s et d\u00e9guis\u00e9s pour leur s\u00e9curit\u00e9<\/p>\n<p>Au milieu des ballons jaunes et des pancartes, certains arboraient des masques \u00e0 l\u2019effigie d\u2019opposants embl\u00e9matiques au r\u00e9gime turc, <a href=\"https:\/\/www.dna.fr\/politique\/2025\/03\/23\/le-maire-d-istanbul-ekrem-imamoglu-demis-et-envoye-en-prison-ce-que-l-on-sait\" target=\"_blank\" rel=\"noopener\">comme le maire d\u2019Istanbul Ekrem \u0130mamo\u011flu, d\u00e9mis et emprisonn\u00e9<\/a> par le r\u00e9gime du pr\u00e9sident Recep Tayyip Erdogan, de victimes anonymes, parfois mortes en d\u00e9tention, ou simplement des masques anonymes, pour leur s\u00e9curit\u00e9.<\/p>\n<p>Une sc\u00e8ne a \u00e9t\u00e9 mont\u00e9e sur l\u2019avenue de l\u2019Europe pour accueillir les prises de parole. Sur l\u2019estrade, un Pikachu, le plus c\u00e9l\u00e8bre des Pok\u00e9mon, devenu symbole des manifestations en Turquie. \u00c0 ses pieds, une jeune femme a \u00e9gren\u00e9, en anglais, les noms de victimes de proc\u00e8s arbitraires, dont des adolescentes.<\/p>\n<p>\u00ab Nous demandons des actions concr\u00e8tes du Conseil de l&rsquo;Europe. Nous demandons la lib\u00e9ration de Selahettin Demirta\u015f et d&rsquo;Osman Kaval\u00a0\u00bb, ajoute une jeune femme \u00e0 la tribune. L&rsquo;homme d&rsquo;affaires turc Osman Kavala est emprisonn\u00e9 depuis 2017 en raison de son soutien \u00e0 la minorit\u00e9 kurde. La CEDH a demand\u00e9 sa lib\u00e9ration dans plusieurs arr\u00eats, estimant que sa d\u00e9tention est arbitraire et qu&rsquo;il est un prisonnier politique. \u00ab\u00a0La censure des journalistes, la r\u00e9pression des manifestants, l&rsquo;arrestation d&rsquo;\u00e9tudiants emprisonn\u00e9s pour \u00ab\u00a0terrorisme\u00a0\u00bb montre que la d\u00e9mocratie (turque) ne marche pas\u00a0\u00bb, poursuit-elle.<\/p>\n<p>Le rassemblement a \u00e9t\u00e9 maintenu alors que le Conseil de l&rsquo;Europe doit accueillir en fin de journ\u00e9e le pr\u00e9sident ukrainien Volodymyr Zelensky.<\/p>\n","protected":false},"excerpt":{"rendered":"Environ 5 000 manifestants, partisans du pr\u00e9dicateur Fethullah G\u00fclen, ex-opposant au pr\u00e9sident turc Erdogan, ont d\u00e9fil\u00e9 ce mercredi&hellip;\n","protected":false},"author":2,"featured_media":203074,"comment_status":"","ping_status":"","sticky":false,"template":"","format":"standard","meta":{"footnotes":""},"categories":[2820],"tags":[1111,11,2389,2649,1777,674,274,107,1011,27,775,12,25,801,640],"class_list":{"0":"post-203073","1":"post","2":"type-post","3":"status-publish","4":"format-standard","5":"has-post-thumbnail","7":"category-strasbourg","8":"tag-actu","9":"tag-actualites","10":"tag-alsace","11":"tag-bas-rhin","12":"tag-eu","13":"tag-europe","14":"tag-faits-divers-justice","15":"tag-fil-info","16":"tag-fr","17":"tag-france","18":"tag-grand-est","19":"tag-news","20":"tag-republique-francaise","21":"tag-social","22":"tag-strasbourg"},"share_on_mastodon":{"url":"https:\/\/pubeurope.com\/@fr\/114743720246015272","error":""},"_links":{"self":[{"href":"https:\/\/www.europesays.com\/fr\/wp-json\/wp\/v2\/posts\/203073","targetHints":{"allow":["GET"]}}],"collection":[{"href":"https:\/\/www.europesays.com\/fr\/wp-json\/wp\/v2\/posts"}],"about":[{"href":"https:\/\/www.europesays.com\/fr\/wp-json\/wp\/v2\/types\/post"}],"author":[{"embeddable":true,"href":"https:\/\/www.europesays.com\/fr\/wp-json\/wp\/v2\/users\/2"}],"replies":[{"embeddable":true,"href":"https:\/\/www.europesays.com\/fr\/wp-json\/wp\/v2\/comments?post=203073"}],"version-history":[{"count":0,"href":"https:\/\/www.europesays.com\/fr\/wp-json\/wp\/v2\/posts\/203073\/revisions"}],"wp:featuredmedia":[{"embeddable":true,"href":"https:\/\/www.europesays.com\/fr\/wp-json\/wp\/v2\/media\/203074"}],"wp:attachment":[{"href":"https:\/\/www.europesays.com\/fr\/wp-json\/wp\/v2\/media?parent=203073"}],"wp:term":[{"taxonomy":"category","embeddable":true,"href":"https:\/\/www.europesays.com\/fr\/wp-json\/wp\/v2\/categories?post=203073"},{"taxonomy":"post_tag","embeddable":true,"href":"https:\/\/www.europesays.com\/fr\/wp-json\/wp\/v2\/tags?post=203073"}],"curies":[{"name":"wp","href":"https:\/\/api.w.org\/{rel}","templated":true}]}}