{"id":203075,"date":"2025-06-25T11:16:09","date_gmt":"2025-06-25T11:16:09","guid":{"rendered":"https:\/\/www.europesays.com\/fr\/203075\/"},"modified":"2025-06-25T11:16:09","modified_gmt":"2025-06-25T11:16:09","slug":"la-cfdt-et-la-cgt-de-la-fondation-lenval-entrent-dans-la-danse-et-appellent-a-se-rassembler","status":"publish","type":"post","link":"https:\/\/www.europesays.com\/fr\/203075\/","title":{"rendered":"La CFDT et la CGT de la Fondation Lenval entrent dans la danse et appellent \u00e0 se rassembler"},"content":{"rendered":"<p>\u00ab\u00a0Face aux manipulations, la voix de celles et ceux qu\u2019on ne veut pas entendre r\u00e9sonnera.\u00a0\u00bb Cette formule est issue d\u2019un communiqu\u00e9 de presse publi\u00e9 par la CFDT et la CGT de la Fondation Lenval. Il a vocation \u00e0 annoncer le rassemblement pr\u00e9vu ce jeudi 26 juin 2025 \u00e0 11h45 devant l\u2019h\u00f4pital p\u00e9diatrique. Et c\u2019est loin d\u2019\u00eatre anecdotique car ce mouvement s\u2019inscrit dans le conflit opposant l\u2019\u00e9tablissement et le CHU de Nice. Pour la premi\u00e8re fois, le syndicat majoritaire (la CFDT) descend dans la rue pour r\u00e9pondre aux cinq rassemblements orchestr\u00e9s par FO, la CFE-CGC et la CFTC.<\/p>\n<p>Le rendez-vous \u00ab\u00a0a pour objectif de d\u00e9fendre un mod\u00e8le unique en France: celui d\u2019un centre int\u00e9gr\u00e9 de sant\u00e9 de l\u2019enfant, solidaire, non lucratif, accessible \u00e0 tous et reconnu d\u2019utilit\u00e9 publique depuis 1893\u00a0\u00bb, mart\u00e8lent la CFDT et la CGT qui poursuivent: \u00ab Nous disons OUI \u00e0 la p\u00e9rennit\u00e9 du projet Lenval: un \u00e9tablissement ind\u00e9pendant, transparent et d\u00e9sint\u00e9ress\u00e9; port\u00e9 par plus de 1.500 professionnels engag\u00e9s; qui assure 52% des s\u00e9jours p\u00e9diatriques dans les Alpes-Maritimes; et plus de 50.000 passages annuels aux urgences p\u00e9diatriques.<\/p>\n<p>Nous disons NON \u00e0 sa dilution dans un syst\u00e8me public en crise: menaces d\u2019absorption par le CHU sans concertation; risque de suppression de centaines d\u2019emplois; pr\u00e9carisation des personnels qui se trouveraient sous statut contractuel de la fonction publique sans garanties; campagnes de d\u00e9nigrement sans preuves, accusant \u00e0 tort les soignants de mettre les enfants en danger. Ces accusations gratuites sont une insulte au professionnalisme et \u00e0 l\u2019engagement quotidien de tous les soignants de la Fondation. Si un v\u00e9ritable danger existait, aucun professionnel ne le couvrirait. [&#8230;] <\/p>\n<p>Nous appelons \u00e0 une mobilisation digne, d\u00e9termin\u00e9e et solidaire pour d\u00e9fendre ce que Lenval incarne: la sant\u00e9 de l\u2019enfant comme priorit\u00e9 absolue, au-del\u00e0 des logiques de pouvoir et de tutelle. \u00bb<\/p>\n","protected":false},"excerpt":{"rendered":"\u00ab\u00a0Face aux manipulations, la voix de celles et ceux qu\u2019on ne veut pas entendre r\u00e9sonnera.\u00a0\u00bb Cette formule est&hellip;\n","protected":false},"author":2,"featured_media":203076,"comment_status":"","ping_status":"","sticky":false,"template":"","format":"standard","meta":{"footnotes":""},"categories":[2819],"tags":[1111,11,1777,674,1011,27,802,12,2401,882,25,71,801,3366],"class_list":{"0":"post-203075","1":"post","2":"type-post","3":"status-publish","4":"format-standard","5":"has-post-thumbnail","7":"category-nice","8":"tag-actu","9":"tag-actualites","10":"tag-eu","11":"tag-europe","12":"tag-fr","13":"tag-france","14":"tag-greves-et-mouvements-sociaux","15":"tag-news","16":"tag-nice","17":"tag-provence-alpes-cote-dazur","18":"tag-republique-francaise","19":"tag-sante","20":"tag-social","21":"tag-vie-locale"},"share_on_mastodon":{"url":"https:\/\/pubeurope.com\/@fr\/114743724262215837","error":""},"_links":{"self":[{"href":"https:\/\/www.europesays.com\/fr\/wp-json\/wp\/v2\/posts\/203075","targetHints":{"allow":["GET"]}}],"collection":[{"href":"https:\/\/www.europesays.com\/fr\/wp-json\/wp\/v2\/posts"}],"about":[{"href":"https:\/\/www.europesays.com\/fr\/wp-json\/wp\/v2\/types\/post"}],"author":[{"embeddable":true,"href":"https:\/\/www.europesays.com\/fr\/wp-json\/wp\/v2\/users\/2"}],"replies":[{"embeddable":true,"href":"https:\/\/www.europesays.com\/fr\/wp-json\/wp\/v2\/comments?post=203075"}],"version-history":[{"count":0,"href":"https:\/\/www.europesays.com\/fr\/wp-json\/wp\/v2\/posts\/203075\/revisions"}],"wp:featuredmedia":[{"embeddable":true,"href":"https:\/\/www.europesays.com\/fr\/wp-json\/wp\/v2\/media\/203076"}],"wp:attachment":[{"href":"https:\/\/www.europesays.com\/fr\/wp-json\/wp\/v2\/media?parent=203075"}],"wp:term":[{"taxonomy":"category","embeddable":true,"href":"https:\/\/www.europesays.com\/fr\/wp-json\/wp\/v2\/categories?post=203075"},{"taxonomy":"post_tag","embeddable":true,"href":"https:\/\/www.europesays.com\/fr\/wp-json\/wp\/v2\/tags?post=203075"}],"curies":[{"name":"wp","href":"https:\/\/api.w.org\/{rel}","templated":true}]}}