{"id":203077,"date":"2025-06-25T11:17:10","date_gmt":"2025-06-25T11:17:10","guid":{"rendered":"https:\/\/www.europesays.com\/fr\/203077\/"},"modified":"2025-06-25T11:17:10","modified_gmt":"2025-06-25T11:17:10","slug":"le-nouveau-cra-des-alpes-maritimes-pourrait-finalement-sinstaller-a-grasse","status":"publish","type":"post","link":"https:\/\/www.europesays.com\/fr\/203077\/","title":{"rendered":"Le nouveau CRA des Alpes-Maritimes pourrait finalement s\u2019installer \u00e0 Grasse"},"content":{"rendered":"<p>Tr\u00e8s attendu, le nouveau CRA des Alpes-Maritimes ne pourra pas \u00eatre construit \u00e0 proximit\u00e9 de l\u2019a\u00e9roport de Nice, comme cela \u00e9tait envisag\u00e9 ces derniers mois.<\/p>\n<p class=\"fig-paragraph\">Le nouveau\u00a0<a href=\"http:\/\/www.lefigaro.fr\/actualite-france\/immigration-l-etat-reprend-la-main-dans-les-centres-de-retention-administrative-20250507\" data-fig-type=\"Article\" data-gtm-custom-categorie=\"navigation\" data-gtm-custom-action=\"crossclick\" data-gtm-custom-label=\"Contextuel\" data-gtm-event=\"customEventSPE\" data-fig-domain=\"LEFIGARO\" rel=\"nofollow noopener\" target=\"_blank\">centre de r\u00e9tention administrative (CRA)<\/a>\u00a0des Alpes-Maritimes pourrait finalement \u00eatre construit \u00e0 Grasse, pr\u00e8s de la prison, comme l\u2019a laiss\u00e9 entendre\u00a0<a href=\"http:\/\/www.lefigaro.fr\/politique\/comment-bruno-retailleau-s-appuie-sur-les-prefets-pour-mener-sa-politique-securitaire-20250617\" data-fig-type=\"Article\" data-gtm-custom-categorie=\"navigation\" data-gtm-custom-action=\"crossclick\" data-gtm-custom-label=\"Contextuel\" data-gtm-event=\"customEventSPE\" data-fig-domain=\"LEFIGARO\" rel=\"nofollow noopener\" target=\"_blank\">le ministre de l\u2019Int\u00e9rieur Bruno Retailleau<\/a>\u00a0dans une r\u00e9ponse au d\u00e9put\u00e9 ni\u00e7ois\u00a0<a href=\"http:\/\/www.lefigaro.fr\/politique\/eric-ciotti-la-droite-ne-pourra-plus-jamais-gagner-sans-une-union-claire-avec-le-rassemblement-national-20250605\" data-fig-type=\"Article\" data-gtm-custom-categorie=\"navigation\" data-gtm-custom-action=\"crossclick\" data-gtm-custom-label=\"Contextuel\" data-gtm-event=\"customEventSPE\" data-fig-domain=\"LEFIGARO\" rel=\"nofollow noopener\" target=\"_blank\">\u00c9ric Ciotti<\/a>. \u00abMes services \u00e9tudient actuellement une solution alternative \u00e0 proximit\u00e9 de la maison d\u2019arr\u00eat de Grasse\u00bb, indique dans un courrier le locataire de la place Beauvau, qui assure faire de ce dossier \u00ab[sa] priorit\u00e9\u00bb.<\/p>\n<p class=\"fig-paragraph\">L\u2019actuel CRA se trouve au\u00a0<a href=\"http:\/\/www.lefigaro.fr\/nice\/a-nice-le-commissariat-central-sera-t-il-transforme-en-complexe-sportif-20250515\" data-fig-type=\"NewsFlash\" data-gtm-custom-categorie=\"navigation\" data-gtm-custom-action=\"crossclick\" data-gtm-custom-label=\"Contextuel\" data-gtm-event=\"customEventSPE\" data-fig-domain=\"LEFIGARO\" rel=\"nofollow noopener\" target=\"_blank\">commissariat Auvare de Nice<\/a>\u00a0et ne compte que 40 places, toujours occup\u00e9es, dans des installations jug\u00e9es inadapt\u00e9es. La construction d\u2019un nouveau centre est discut\u00e9e\u00a0<a href=\"http:\/\/www.lefigaro.fr\/nice\/dans-les-alpes-maritimes-le-nouveau-centre-de-retention-administratif-cherche-son-terrain-20230517\" data-fig-type=\"NewsFlash\" data-gtm-custom-categorie=\"navigation\" data-gtm-custom-action=\"crossclick\" data-gtm-custom-label=\"Contextuel\" data-gtm-event=\"customEventSPE\" data-fig-domain=\"LEFIGARO\" rel=\"nofollow noopener\" target=\"_blank\">depuis plusieurs ann\u00e9es<\/a>, sans parvenir \u00e0 trouver un terrain qui convienne \u00e0 toutes les parties. Apr\u00e8s la piste de La Trinit\u00e9 dans la couronne ni\u00e7oise mais qui avait suscit\u00e9 l\u2019opposition du maire, un espace b\u00e2ti \u00e0 c\u00f4t\u00e9 de\u00a0<a href=\"http:\/\/www.lefigaro.fr\/nice\/aeroport-de-nice-franck-goldnadel-reconduit-comme-president-pour-cinq-ans-20250304\" data-fig-type=\"NewsFlash\" data-gtm-custom-categorie=\"navigation\" data-gtm-custom-action=\"crossclick\" data-gtm-custom-label=\"Contextuel\" data-gtm-event=\"customEventSPE\" data-fig-domain=\"LEFIGARO\" rel=\"nofollow noopener\" target=\"_blank\">l\u2019a\u00e9roport de Nice<\/a>\u00a0paraissait le plus plausible et pratique.<\/p>\n<p class=\"fig-paragraph\">Mais alors que ce projet a fait l\u2019objet d\u2019une \u00e9tude \u00e0 la demande de Bruno Retailleau, le ministre a expliqu\u00e9 qu\u2019il ne pourrait pas se faire \u00e0 cet endroit. \u00abIl ressort de cette \u00e9tude de faisabilit\u00e9 qui m\u2019a \u00e9t\u00e9 communiqu\u00e9 par le pr\u00e9fet que plusieurs contraintes de surface et une exposition av\u00e9r\u00e9e au risque d\u2019inondation ne permettraient pas la construction d\u2019un CRA de grande capacit\u00e9\u00bb, d\u00e9taille-t-il.<\/p>\n<p>Aucun projet temporaire<\/p>\n<p class=\"fig-paragraph\">\u00c9ric Ciotti, d\u00e9put\u00e9 de la premi\u00e8re circonscription et pr\u00e9sident de l\u2019UDR, avait interpell\u00e9 Bruno Retailleau concernant un projet temporaire d\u2019un local de r\u00e9tention administrative (LRA), \u00e0 proximit\u00e9 de l\u2019actuel CRA, propos\u00e9 par\u00a0<a href=\"http:\/\/www.lefigaro.fr\/nice\/municipales-2026-a-un-an-des-elections-christian-estrosi-deja-en-mode-campagne-a-nice-20250328\" data-fig-type=\"NewsFlash\" data-gtm-custom-categorie=\"navigation\" data-gtm-custom-action=\"crossclick\" data-gtm-custom-label=\"Contextuel\" data-gtm-event=\"customEventSPE\" data-fig-domain=\"LEFIGARO\" rel=\"nofollow noopener\" target=\"_blank\">le maire de Nice Christian Estrosi (Horizons)<\/a>. \u00abAttentif \u00e0 vos pr\u00e9occupations, je tenais \u00e0 vous informer qu\u2019aucun dossier d\u2019installation de LRA n\u2019est instruit par les services de la pr\u00e9fecture\u00bb, lui a assur\u00e9 Bruno Retailleau, qui occupe d\u00e9sormais son ancienne fonction de pr\u00e9sident des R\u00e9publicains.<\/p>\n<p class=\"fig-paragraph\">\u00abLe ministre, r\u00e9pondant \u00e0 ma question, reconna\u00eet le probl\u00e8me et m\u2019indique qu\u2019un projet est \u00e0 l\u2019\u00e9tude \u00e0 Grasse. Il doit maintenant aboutir au plus vite\u00a0!\u00bb, a r\u00e9agi sur son compte X \u00c9ric Ciotti, d\u00e9non\u00e7ant une \u00abcapacit\u00e9 d\u00e9risoire, indigne des enjeux migratoires que nous affrontons\u00bb.<\/p>\n<p class=\"fig-paragraph\">\u00c0 Grasse, le maire J\u00e9r\u00f4me Viaud (LR) r\u00e9p\u00e8te \u00eatre favorable \u00e0\u00a0<a href=\"http:\/\/www.lefigaro.fr\/nice\/a-grasse-le-maire-pret-a-doubler-la-taille-de-la-prison-20241218\" data-fig-type=\"NewsFlash\" data-gtm-custom-categorie=\"navigation\" data-gtm-custom-action=\"crossclick\" data-gtm-custom-label=\"Contextuel\" data-gtm-event=\"customEventSPE\" data-fig-domain=\"LEFIGARO\" rel=\"nofollow noopener\" target=\"_blank\">un agrandissement de la prison<\/a>, expliquant que des terrains sont disponibles, ce qui pourrait favoriser la construction d\u2019une nouvelle structure. En d\u00e9cembre dernier, il s\u2019est encore dit pr\u00eat \u00e0 doubler la taille de la maison d\u2019arr\u00eat alors qu\u2019elle est d\u00e9j\u00e0 la plus importante du d\u00e9partement avec 574 places. Un objectif de 3000 places en CRA est avanc\u00e9 d\u2019ici 2027. La France, qui a d\u00e9j\u00e0 augment\u00e9 sa capacit\u00e9, n\u2019en compte actuellement que 1869.<\/p>\n","protected":false},"excerpt":{"rendered":"Tr\u00e8s attendu, le nouveau CRA des Alpes-Maritimes ne pourra pas \u00eatre construit \u00e0 proximit\u00e9 de l\u2019a\u00e9roport de Nice,&hellip;\n","protected":false},"author":2,"featured_media":203078,"comment_status":"","ping_status":"","sticky":false,"template":"","format":"standard","meta":{"footnotes":""},"categories":[2819],"tags":[1111,11,2898,2829,2971,2972,2973,2974,1777,674,5341,2975,1011,27,1061,2969,2970,2987,2980,12,2401,2897,2976,2977,2978,2985,2986,2979,2981,2982,2983,2984,2991,2992,2993,2994,2996,2997,2998,2999,3000,3001,3002,2995,3003,3004,3005,3007,2268,806,882,25,2988,2989,2990,2968,3006],"class_list":{"0":"post-203077","1":"post","2":"type-post","3":"status-publish","4":"format-standard","5":"has-post-thumbnail","7":"category-nice","8":"tag-actu","9":"tag-actualites","10":"tag-alpes-maritimes","11":"tag-baumettes","12":"tag-carabacel","13":"tag-caucade","14":"tag-cimiez","15":"tag-cremat","16":"tag-eu","17":"tag-europe","18":"tag-expulsions","19":"tag-fabron","20":"tag-fr","21":"tag-france","22":"tag-immigration","23":"tag-larenas","24":"tag-lariane","25":"tag-le-ray","26":"tag-lingostiere","27":"tag-news","28":"tag-nice","29":"tag-nice-cote-dazur","30":"tag-nice-gairaut","31":"tag-nice-gambetta","32":"tag-nice-jean-medecin","33":"tag-nice-le-piol","34":"tag-nice-le-port","35":"tag-nice-liberation","36":"tag-nice-magnan","37":"tag-nice-mantega-mont-boron","38":"tag-nice-pasteur","39":"tag-nice-pessicart","40":"tag-nice-rue-de-france","41":"tag-nice-saint-antoine","42":"tag-nice-saint-augustin","43":"tag-nice-saint-isidore","44":"tag-nice-saint-maurice","45":"tag-nice-saint-pancrace","46":"tag-nice-saint-philippe","47":"tag-nice-saint-pierre-de-feric","48":"tag-nice-saint-roch","49":"tag-nice-saint-roman-de-bellet","50":"tag-nice-saint-sylvestre","51":"tag-nice-sainte-marguerite","52":"tag-nice-thiers","53":"tag-nice-ventabrun","54":"tag-nice-vernier","55":"tag-nice-vinaigrier","56":"tag-ogc-nice","57":"tag-prison","58":"tag-provence-alpes-cote-dazur","59":"tag-republique-francaise","60":"tag-rimiez","61":"tag-riquier","62":"tag-roquebilliere","63":"tag-sud-est","64":"tag-vieux-nice"},"share_on_mastodon":{"url":"","error":"Validation failed: Text character limit of 500 exceeded"},"_links":{"self":[{"href":"https:\/\/www.europesays.com\/fr\/wp-json\/wp\/v2\/posts\/203077","targetHints":{"allow":["GET"]}}],"collection":[{"href":"https:\/\/www.europesays.com\/fr\/wp-json\/wp\/v2\/posts"}],"about":[{"href":"https:\/\/www.europesays.com\/fr\/wp-json\/wp\/v2\/types\/post"}],"author":[{"embeddable":true,"href":"https:\/\/www.europesays.com\/fr\/wp-json\/wp\/v2\/users\/2"}],"replies":[{"embeddable":true,"href":"https:\/\/www.europesays.com\/fr\/wp-json\/wp\/v2\/comments?post=203077"}],"version-history":[{"count":0,"href":"https:\/\/www.europesays.com\/fr\/wp-json\/wp\/v2\/posts\/203077\/revisions"}],"wp:featuredmedia":[{"embeddable":true,"href":"https:\/\/www.europesays.com\/fr\/wp-json\/wp\/v2\/media\/203078"}],"wp:attachment":[{"href":"https:\/\/www.europesays.com\/fr\/wp-json\/wp\/v2\/media?parent=203077"}],"wp:term":[{"taxonomy":"category","embeddable":true,"href":"https:\/\/www.europesays.com\/fr\/wp-json\/wp\/v2\/categories?post=203077"},{"taxonomy":"post_tag","embeddable":true,"href":"https:\/\/www.europesays.com\/fr\/wp-json\/wp\/v2\/tags?post=203077"}],"curies":[{"name":"wp","href":"https:\/\/api.w.org\/{rel}","templated":true}]}}