{"id":203081,"date":"2025-06-25T11:19:14","date_gmt":"2025-06-25T11:19:14","guid":{"rendered":"https:\/\/www.europesays.com\/fr\/203081\/"},"modified":"2025-06-25T11:19:14","modified_gmt":"2025-06-25T11:19:14","slug":"moses-simon-quitte-le-fc-nantes","status":"publish","type":"post","link":"https:\/\/www.europesays.com\/fr\/203081\/","title":{"rendered":"Moses Simon quitte le FC Nantes"},"content":{"rendered":"<p>            Par<br \/>\n        <strong><br \/>\n            <a href=\"https:\/\/actu.fr\/auteur\/thomas-bernard\" title=\"Consulter tous les articles de Thomas Bernard\" rel=\"nofollow noopener\" target=\"_blank\">Thomas Bernard<\/a><br \/>\n        <\/strong><\/p>\n<p>        Publi\u00e9 le<\/p>\n<p>            25 juin 2025 \u00e0 12h33        <\/p>\n<p>C\u2019\u00e9tait un secret de polichinelle, c\u2019est d\u00e9sormais officiel. Ce mercredi 25\u00a0juin 2025, le FC Nantes a <strong>annonc\u00e9 le d\u00e9part de Moses Simon<\/strong>. L\u2019ailier nig\u00e9rian rejoint le Paris FC, <a href=\"https:\/\/actu.fr\/ile-de-france\/paris_75056\/ambition-stade-psg-que-peut-changer-le-rachat-du-paris-fc-par-la-famille-arnault-et-red-bull_61728368.html\" rel=\"nofollow noopener\" target=\"_blank\">promu ambitieux de Ligue\u00a01<\/a>.<\/p>\n<p>    <a href=\"https:\/\/www.facebook.com\/plugins\/video.php?height=476&amp;href=https%3A%2F%2Fwww.facebook.com%2Ffcnantes%2Fvideos%2F1415045076298308%2F&amp;show_text=false&amp;width=350&amp;t=0\" title=\"Ouvrie le lien\" rel=\"nofollow noopener\" target=\"_blank\">Cliquez ici pour visualiser le contenu<\/a><\/p>\n<p>\u00ab\u2009Vos chants, vos mots, votre passion\u2026 je ne les oublierai jamais\u2009\u00bb<\/p>\n<p class=\" wall-content\">Arriv\u00e9 au FCN en 2019, Moses Simon a remport\u00e9 <a href=\"https:\/\/actu.fr\/pays-de-la-loire\/nantes_44109\/coupe-de-france-22-ans-apres-le-fc-nantes-decroche-enfin-un-trophee_50700823.html\" rel=\"nofollow noopener\" target=\"_blank\">la Coupe de France en 2022<\/a> avec les Canaris. En six saisons, le joueur de 29\u00a0ans a inscrit<strong> 37\u00a0buts en 204 apparitions sous le maillot des Jaune et Vert<\/strong>.<\/p>\n<p class=\" wall-content\">Devenu un des chouchous des supporters, Moses Simon a enflamm\u00e9 la Beaujoire par ses dribbles et ses acc\u00e9l\u00e9rations. L\u2019international nig\u00e9rian a \u00e9t\u00e9 l\u2019une des rares satisfactions du FCN (8\u00a0buts et 10 passes d\u00e9cisives) au cours <a href=\"https:\/\/actu.fr\/pays-de-la-loire\/nantes_44109\/fc-nantes-une-saison-mitige-malgre-le-maintien-les-supporters-font-grise-mine_62651624.html\" rel=\"nofollow noopener\" target=\"_blank\">de la saison derni\u00e8re<\/a>.<\/p>\n<p class=\" wall-content\">Sur ses r\u00e9seaux sociaux, l\u2019ailier a remerci\u00e9 <strong>le club et les supporters<\/strong>. \u00ab\u2009Merci au club, \u00e0 mes co\u00e9quipiers, au staff, \u00e0 ma famille\u2026 Et surtout \u00e0 vous, supporters de la Beaujoire. Vos chants, vos mots, votre passion\u2026 je ne les oublierai jamais\u2009\u00bb, a \u00e9crit Moses Simon.<\/p>\n<p>Vid\u00e9os : en ce moment sur Actu<\/p>\n<p class=\" wall-content\"><a href=\"https:\/\/www.instagram.com\/p\/DLS8Jvvse1P\/embed\" title=\"Ouvrir le lien sur Instagram\" rel=\"nofollow noopener\" target=\"_blank\">Visualiser le contenu sur Instagram<\/a><\/p>\n<p class=\" wall-content\">Celui qui part \u00ab\u2009avec le sentiment du devoir accompli\u2009\u00bb, rejoint le Paris FC, deuxi\u00e8me club de la capitale, qui est entr\u00e9 dans une nouvelle dimension depuis son rachat par la famille Arnault.<\/p>\n<p class=\" wall-content\">Selon <a href=\"https:\/\/www.lequipe.fr\/Football\/Actualites\/Mercato-c-est-officiel-moses-simon-quitte-nantes-pour-le-paris-fc\/1572799\" rel=\"nofollow noopener\" target=\"_blank\">L\u2019\u00c9quipe<\/a>, le club parisien aurait d\u00e9bours\u00e9 <strong>7\u00a0millions d\u2019euros<\/strong> pour s\u2019attacher les services de Moses Simon. Ce dernier s\u2019est <a href=\"https:\/\/parisfc.fr\/equipe-pro\/moses-simon-sengage-avec-le-paris-fc\/\" rel=\"nofollow noopener\" target=\"_blank\">engag\u00e9 jusqu\u2019en 2028 avec son nouveau club<\/a>.<\/p>\n<p class=\" wall-content\">Suivez toute l\u2019actualit\u00e9 de vos villes et m\u00e9dias favoris en vous inscrivant \u00e0 <a href=\"https:\/\/moncompte.actu.fr\" title=\"D\u00e9couvez Mon Actu\" rel=\"nofollow noopener\" data-trk=\"{&quot;cta&quot;:{&quot;action&quot;:&quot;https:\\\/\\\/moncompte.actu.fr&quot;,&quot;category&quot;:&quot;mon compte&quot;,&quot;from&quot;:&quot;article footer&quot;,&quot;name&quot;:&quot;Mon actu&quot;,&quot;type&quot;:&quot;cta&quot;}}\" target=\"_blank\">Mon Actu<\/a>.<\/p>\n<p>                    <script async src=\"\/\/www.instagram.com\/embed.js\"><\/script><\/p>\n","protected":false},"excerpt":{"rendered":"Par Thomas Bernard Publi\u00e9 le 25 juin 2025 \u00e0 12h33 C\u2019\u00e9tait un secret de polichinelle, c\u2019est d\u00e9sormais officiel.&hellip;\n","protected":false},"author":2,"featured_media":203082,"comment_status":"","ping_status":"","sticky":false,"template":"","format":"standard","meta":{"footnotes":""},"categories":[2818],"tags":[1111,11,1777,674,462,63,1011,27,66,1434,766,12,2636,25,60],"class_list":{"0":"post-203081","1":"post","2":"type-post","3":"status-publish","4":"format-standard","5":"has-post-thumbnail","7":"category-nantes","8":"tag-actu","9":"tag-actualites","10":"tag-eu","11":"tag-europe","12":"tag-fc-nantes","13":"tag-football","14":"tag-fr","15":"tag-france","16":"tag-ligue-1","17":"tag-mercato","18":"tag-nantes","19":"tag-news","20":"tag-pays-de-la-loire","21":"tag-republique-francaise","22":"tag-sports"},"share_on_mastodon":{"url":"https:\/\/pubeurope.com\/@fr\/114743736221964345","error":""},"_links":{"self":[{"href":"https:\/\/www.europesays.com\/fr\/wp-json\/wp\/v2\/posts\/203081","targetHints":{"allow":["GET"]}}],"collection":[{"href":"https:\/\/www.europesays.com\/fr\/wp-json\/wp\/v2\/posts"}],"about":[{"href":"https:\/\/www.europesays.com\/fr\/wp-json\/wp\/v2\/types\/post"}],"author":[{"embeddable":true,"href":"https:\/\/www.europesays.com\/fr\/wp-json\/wp\/v2\/users\/2"}],"replies":[{"embeddable":true,"href":"https:\/\/www.europesays.com\/fr\/wp-json\/wp\/v2\/comments?post=203081"}],"version-history":[{"count":0,"href":"https:\/\/www.europesays.com\/fr\/wp-json\/wp\/v2\/posts\/203081\/revisions"}],"wp:featuredmedia":[{"embeddable":true,"href":"https:\/\/www.europesays.com\/fr\/wp-json\/wp\/v2\/media\/203082"}],"wp:attachment":[{"href":"https:\/\/www.europesays.com\/fr\/wp-json\/wp\/v2\/media?parent=203081"}],"wp:term":[{"taxonomy":"category","embeddable":true,"href":"https:\/\/www.europesays.com\/fr\/wp-json\/wp\/v2\/categories?post=203081"},{"taxonomy":"post_tag","embeddable":true,"href":"https:\/\/www.europesays.com\/fr\/wp-json\/wp\/v2\/tags?post=203081"}],"curies":[{"name":"wp","href":"https:\/\/api.w.org\/{rel}","templated":true}]}}