{"id":203087,"date":"2025-06-25T11:22:08","date_gmt":"2025-06-25T11:22:08","guid":{"rendered":"https:\/\/www.europesays.com\/fr\/203087\/"},"modified":"2025-06-25T11:22:08","modified_gmt":"2025-06-25T11:22:08","slug":"lotan-commande-deux-avions-militaires-de-pointe-a-airbus-pour-2028-voici-la-raison","status":"publish","type":"post","link":"https:\/\/www.europesays.com\/fr\/203087\/","title":{"rendered":"L&rsquo;OTAN commande deux avions militaires de pointe \u00e0 Airbus pour 2028 : voici la raison"},"content":{"rendered":"<p>            Par<br \/>\n        <strong><br \/>\n            <a href=\"https:\/\/actu.fr\/auteur\/mareva-laville-actu-fr\" title=\"Consulter tous les articles de Mar\u00e9va Laville\" rel=\"nofollow noopener\" target=\"_blank\">Mar\u00e9va Laville<\/a><br \/>\n        <\/strong><\/p>\n<p>        Publi\u00e9 le<\/p>\n<p>            25 juin 2025 \u00e0 13h15        <\/p>\n<p><a href=\"https:\/\/actu.fr\/monde\/guerre-iran-israel-apres-les-frappes-americaines-est-on-a-l-aube-d-une-troisieme-guerre-mondiale_62811579.html\" rel=\"nofollow noopener\" target=\"_blank\">Dans les temps qui courent,<\/a> c\u2019est une commande qui ne passe pas inaper\u00e7ue. Mardi 24\u00a0juin 2025, l\u2019agence de soutien et d\u2019acquisition des forces arm\u00e9es (NSPA) de l\u2019<strong>OTAN<\/strong> a command\u00e9 <strong>deux avions militaires \u00e0 <a href=\"https:\/\/actu.fr\/airbus\" rel=\"nofollow noopener\" target=\"_blank\">Airbus<\/a><\/strong>, depuis le Forum des industries de d\u00e9fense en marge du sommet de l\u2019OTAN \u00e0 La\u00a0Haye (Pays-Bas). Deux <strong>A330 Multi Role Tanker Transport (MRTT),<\/strong> plus exactement, compl\u00e9teront la flotte multinationale de MRTT sign\u00e9s Airbus que compte la NSPA de l\u2019OTAN. La faisant grimper, d\u00e8s lors, \u00e0 12 appareils.<\/p>\n<p>Deux avions et deux pays adh\u00e9rents suppl\u00e9mentaires<\/p>\n<p class=\" wall-content\">\u00ab\u2009Cette expansion co\u00efncide avec l\u2019adh\u00e9sion officielle de la Su\u00e8de et du Danemark au <strong>programme MMF <\/strong>(flotte multinationale d\u2019avions multir\u00f4les de ravitaillement en vol et de transport, ndlr.)\u2009\u00bb, indique Airbus, dans un communiqu\u00e9.<\/p>\n<p class=\" wall-content\">Ce programme, qui int\u00e8gre les Pays-Bas, le Luxembourg, l\u2019Allemagne, la Belgique, la Norv\u00e8ge et la R\u00e9publique tch\u00e8que, vise \u00e0 renforcer <strong>l\u2019autonomie strat\u00e9gique europ\u00e9enne<\/strong> et les capacit\u00e9s de <strong>d\u00e9fense collective.<\/strong> Il permet notamment \u00e0 tous ces pays d\u2019exploiter les <strong>avions appartenant \u00e0 l\u2019OTAN, <\/strong>dans le cadre d\u2019un accord de mutualisation, pour b\u00e9n\u00e9ficier de moyens de ravitaillement en vol, de transport a\u00e9rien strat\u00e9gique et d\u2019\u00e9vacuation sanitaire a\u00e9rienne. \u00ab\u2009Un parfait exemple de collaboration (entre l\u2019OTAN et l\u2019Union europ\u00e9enne, ndlr.) op\u00e9rationnelle europ\u00e9enne en mati\u00e8re de d\u00e9fense\u2009\u00bb, r\u00e9sume Airbus.<\/p>\n<p>\u00ab\u2009La d\u00e9fense collective\u2009\u00bb en ligne de mire<\/p>\n<p class=\" wall-content\">\u00ab\u2009L\u2019extension de la flotte multinationale MRTT avec deux appareils suppl\u00e9mentaires et l\u2019arriv\u00e9e de la Su\u00e8de et du Danemark au programme soulignent l\u2019engagement de l\u2019Europe en faveur de la d\u00e9fense collective et de l\u2019autonomie strat\u00e9gique\u2009\u00bb, a ajout\u00e9 Jean-Brice Dumont, responsable de la puissance a\u00e9rienne chez <strong>Airbus Defence and Space.<\/strong><\/p>\n<blockquote class=\"ac-article-quote wall-content\">\n<p>Airbus est fier de contribuer \u00e0 cet effort en livrant des A330 MRTT de pointe. Cette collaboration illustre la mani\u00e8re dont l&rsquo;industrie europ\u00e9enne peut r\u00e9pondre efficacement aux d\u00e9fis s\u00e9curitaires en constante \u00e9volution gr\u00e2ce \u00e0 l&rsquo;innovation et \u00e0 la coop\u00e9ration. <\/p>\n<p>    <strong\/>\n            <\/p><\/blockquote>\n<p>Vid\u00e9os : en ce moment sur Actu300 soldats, longue mission et ravitaillement \u00e0 la pointe<\/p>\n<p class=\" wall-content\">L\u2019Airbus A330 MRTT est \u00e0 la pointe puisqu\u2019il int\u00e8gre \u00ab\u2009parfaitement, les capacit\u00e9s de ravitaillement en vol, de transport a\u00e9rien strat\u00e9gique et d\u2019\u00e9vacuation sanitaire\u2009\u00bb n\u00e9cessaire au programme MMF, d\u00e9taille l\u2019avionneur dont le si\u00e8ge mondial se trouve \u00e0 <a href=\"http:\/\/www.actu.fr\/toulouse\" rel=\"nofollow noopener\" target=\"_blank\">Toulouse<\/a>. \u00ab\u2009Son fuselage large lui permet de<strong> transporter jusqu\u2019\u00e0 300 soldats<\/strong> ou une<strong> charge utile allant jusqu\u2019\u00e0 45\u00a0tonnes<\/strong>. L\u2019appareil peut aussi contenir un <strong>kit d\u2019\u00e9vacuation sanitaire<\/strong> d\u00e9di\u00e9 (MEDEVAC) pouvant accueillir des civi\u00e8res et des postes de soins intensifs\u2009\u00bb, \u00e9taye Airbus.<\/p>\n<p class=\" wall-content\">Par ailleurs, la capacit\u00e9 totale de <strong>carburant<\/strong> grimpe <strong>jusqu\u2019\u00e0 111\u00a0tonnes<\/strong>, permettant \u00e0 l\u2019A330 MRTT d\u2019effectuer des missions longue distance, \u00ab\u2009id\u00e9al pour soutenir les op\u00e9rations de l\u2019OTAN en Europe et au-del\u00e0.\u2009\u00bb D\u2019apr\u00e8s Airbus, ce mod\u00e8le a d\u00e9j\u00e0 fait ses preuves dans des op\u00e9rations d\u2019envergure telles que les missions renforc\u00e9es de police a\u00e9rienne et de surveillance a\u00e9rienne pour garantir l\u2019int\u00e9grit\u00e9 territoriale des nations alli\u00e9es.<\/p>\n<p class=\" wall-content\">L\u2019A330 MRTT est aussi le premier avion ravitailleur au monde <strong>certifi\u00e9 pour le ravitaillement en vol automatique par perche (A3R).<\/strong> \u00ab\u2009Ces caract\u00e9ristiques, conjugu\u00e9es \u00e0 ses performances \u00e9prouv\u00e9es, font de l\u2019A330 MRTT un appareil fiable et polyvalent, d\u00e9tenant 90\u2009% du march\u00e9 des avions <strong>ravitailleurs de nouvelle g\u00e9n\u00e9ration<\/strong> hors \u00c9tats-Unis, avec 84 commandes \u00e9manant de 17 clients\u2009\u00bb, souligne Airbus.<\/p>\n<p>Livraison d\u2019ici trois \u00e0 quatre ans<\/p>\n<p class=\" wall-content\">Les deux appareils seront con\u00e7us dans les usines de Toulouse et de Getafe, en Espagne. Date de livraison\u2009? \u00ab\u20092028 et 2029\u2009\u00bb, annonce l\u2019avionneur.<\/p>\n<p class=\" wall-content\">Suivez toute l\u2019actualit\u00e9 de vos villes et m\u00e9dias favoris en vous inscrivant \u00e0 <a href=\"https:\/\/moncompte.actu.fr\" title=\"D\u00e9couvez Mon Actu\" rel=\"nofollow noopener\" data-trk=\"{&quot;cta&quot;:{&quot;action&quot;:&quot;https:\\\/\\\/moncompte.actu.fr&quot;,&quot;category&quot;:&quot;mon compte&quot;,&quot;from&quot;:&quot;article footer&quot;,&quot;name&quot;:&quot;Mon actu&quot;,&quot;type&quot;:&quot;cta&quot;}}\" target=\"_blank\">Mon Actu<\/a>.<\/p>\n","protected":false},"excerpt":{"rendered":"Par Mar\u00e9va Laville Publi\u00e9 le 25 juin 2025 \u00e0 13h15 Dans les temps qui courent, c\u2019est une commande&hellip;\n","protected":false},"author":2,"featured_media":203088,"comment_status":"","ping_status":"","sticky":false,"template":"","format":"standard","meta":{"footnotes":""},"categories":[2816],"tags":[1111,11,36,33,1777,674,1011,27,12,2680,25,2312],"class_list":{"0":"post-203087","1":"post","2":"type-post","3":"status-publish","4":"format-standard","5":"has-post-thumbnail","7":"category-toulouse","8":"tag-actu","9":"tag-actualites","10":"tag-airbus","11":"tag-economie","12":"tag-eu","13":"tag-europe","14":"tag-fr","15":"tag-france","16":"tag-news","17":"tag-occitanie","18":"tag-republique-francaise","19":"tag-toulouse"},"share_on_mastodon":{"url":"https:\/\/pubeurope.com\/@fr\/114743747992522358","error":""},"_links":{"self":[{"href":"https:\/\/www.europesays.com\/fr\/wp-json\/wp\/v2\/posts\/203087","targetHints":{"allow":["GET"]}}],"collection":[{"href":"https:\/\/www.europesays.com\/fr\/wp-json\/wp\/v2\/posts"}],"about":[{"href":"https:\/\/www.europesays.com\/fr\/wp-json\/wp\/v2\/types\/post"}],"author":[{"embeddable":true,"href":"https:\/\/www.europesays.com\/fr\/wp-json\/wp\/v2\/users\/2"}],"replies":[{"embeddable":true,"href":"https:\/\/www.europesays.com\/fr\/wp-json\/wp\/v2\/comments?post=203087"}],"version-history":[{"count":0,"href":"https:\/\/www.europesays.com\/fr\/wp-json\/wp\/v2\/posts\/203087\/revisions"}],"wp:featuredmedia":[{"embeddable":true,"href":"https:\/\/www.europesays.com\/fr\/wp-json\/wp\/v2\/media\/203088"}],"wp:attachment":[{"href":"https:\/\/www.europesays.com\/fr\/wp-json\/wp\/v2\/media?parent=203087"}],"wp:term":[{"taxonomy":"category","embeddable":true,"href":"https:\/\/www.europesays.com\/fr\/wp-json\/wp\/v2\/categories?post=203087"},{"taxonomy":"post_tag","embeddable":true,"href":"https:\/\/www.europesays.com\/fr\/wp-json\/wp\/v2\/tags?post=203087"}],"curies":[{"name":"wp","href":"https:\/\/api.w.org\/{rel}","templated":true}]}}