{"id":20309,"date":"2025-04-12T18:34:17","date_gmt":"2025-04-12T18:34:17","guid":{"rendered":"https:\/\/www.europesays.com\/fr\/20309\/"},"modified":"2025-04-12T18:34:17","modified_gmt":"2025-04-12T18:34:17","slug":"un-proces-pour-meurtres-ordonne-contre-arnaud-mimran-a-paris","status":"publish","type":"post","link":"https:\/\/www.europesays.com\/fr\/20309\/","title":{"rendered":"un proc\u00e8s pour meurtres ordonn\u00e9 contre Arnaud Mimran \u00e0 Paris"},"content":{"rendered":"<p>            Par<br \/>\n        <strong><br \/>\n            <a href=\"https:\/\/actu.fr\/auteur\/redaction-paris\" title=\"Consulter tous les articles de R\u00e9daction Paris\" target=\"_blank\" rel=\"noopener\">R\u00e9daction Paris<\/a><br \/>\n        <\/strong><\/p>\n<p>        Publi\u00e9 le<\/p>\n<p>            11 avr. 2025 \u00e0 16h56        <\/p>\n<p>Apr\u00e8s de longues investigations, enfin un proc\u00e8s\u2009? Ce vendredi 11\u00a0avril 2025, des juges d\u2019instruction ont ordonn\u00e9 la tenue d\u2019un proc\u00e8s aux assises de <a href=\"https:\/\/actu.fr\/paris\/\" target=\"_blank\" rel=\"noopener\">Paris<\/a> \u00e0 l\u2019encontre <strong>d\u2019Arnaud Mimran<\/strong>. La figure de <strong>l\u2019escroquerie \u00e0 la taxe carbone<\/strong> pourrait \u00eatre jug\u00e9e pour <a href=\"https:\/\/actu.fr\/tag\/meurtre\" target=\"_blank\" rel=\"noopener\">deux meurtres<\/a>, une <a href=\"https:\/\/actu.fr\/tag\/assassinat\" target=\"_blank\" rel=\"noopener\">complicit\u00e9 d\u2019assassinat<\/a> et une tentative d\u2019homicide commis entre\u00a02010 et\u00a02014.<\/p>\n<p>Une implication dans plusieurs crimes\u2009?<\/p>\n<p class=\" wall-content\">Arnaud Mimran, en d\u00e9tention provisoire, est soup\u00e7onn\u00e9 notamment d\u2019avoir commandit\u00e9 l\u2019assassinat de son ancien beau-p\u00e8re, <strong>le milliardaire Claude Dray<\/strong>, \u00e0 <a href=\"https:\/\/actu.fr\/ile-de-france\/neuilly-sur-seine_92051\" target=\"_blank\" rel=\"noopener\">Neuilly-sur-Seine<\/a> (<a href=\"https:\/\/actu.fr\/ile-de-france\/hauts-de-seine_92\" target=\"_blank\" rel=\"noopener\">Hauts-de-Seine<\/a>) en octobre\u00a02011. Il lui est aussi reproch\u00e9 d\u2019avoir \u00ab\u2009donn\u00e9 des instructions pour le commettre\u2009\u00bb, d\u2019avoir aid\u00e9 \u00ab\u2009sciemment\u2009\u00bb l\u2019auteur de l\u2019assassinat en \u00ab\u2009fournissant [\u2026] des informations et des moyens indispensables pour en permettre la r\u00e9alisation\u2009\u00bb, a confirm\u00e9 le parquet de Paris. Les juges d\u2019instruction ont aussi ordonn\u00e9 qu\u2019Arnaud Mimran soit jug\u00e9 pour les meurtres en bande organis\u00e9e de <strong>Samy Souied<\/strong>, autre figure de l\u2019escroquerie \u00e0 la taxe carbone, et <strong>Albert Taieb<\/strong>.<\/p>\n<p>En contact avec des hommes de main<\/p>\n<p class=\" wall-content\">\u00ab\u2009M\u00eame si l\u2019information judiciaire n\u2019a pas permis d\u2019identifier avec suffisamment de certitude les individus\u2009\u00bb ayant donn\u00e9 la mort \u00e0 ces trois personnes, \u00ab\u2009il ne pouvait qu\u2019\u00eatre constat\u00e9 qu\u2019Arnaud Mimran \u00e9tait en contact avec des individus susceptibles d\u2019\u00eatre des hommes de main ou de le mettre en relation avec des hommes de main\u2009\u00bb, ont soulign\u00e9 les magistrats dans l\u2019ordonnance dont l\u2019AFP a eu connaissance.<\/p>\n<p class=\" wall-content\">Arnaud Mimran \u00e9tait par ailleurs en \u00ab\u2009mesure d\u2019offrir ou de promettre de tr\u00e8s fortes r\u00e9mun\u00e9rations\u2009\u00bb, rel\u00e8vent les juges. Lors des r\u00e9quisitions, le parquet avait rappel\u00e9 que \u00ab\u2009Samy Souied, une des figures majeures de la c\u00e9l\u00e8bre escroquerie dite \u00e0 la taxe carbone, (avait) \u00e9t\u00e9 assassin\u00e9 de plusieurs balles, porte Maillot, \u00e0 Paris, <strong>par deux individus\u2009\u00bb \u00e0 scooter<\/strong>, le 14\u00a0septembre 2010.<\/p>\n<p class=\" wall-content\">Albert Taieb, lui, a \u00e9t\u00e9 tu\u00e9 en 2014 \u00ab\u2009\u00e0 coups de couteau par deux individus dans le 17e arrondissement de Paris alors qu\u2019il raccompagnait \u00e0 son domicile Cyril Mouly, dont il \u00e9tait en quelque sorte l\u2019homme \u00e0 tout faire\u2009\u00bb, selon le minist\u00e8re public. Les juges d\u2019instruction ont aussi ordonn\u00e9 que M. Mimran soit jug\u00e9 pour une tentative de meurtre sur Cyril Mouly, cousin de Marco Mouly, condamn\u00e9 dans l\u2019affaire de la fraude \u00e0 la taxe carbone.<\/p>\n<p>Vid\u00e9os : en ce moment sur ActuCondamn\u00e9 pour s\u00e9questration<\/p>\n<p class=\" wall-content\">Ancien \u00ab\u2009golden boy\u2009\u00bb, Arnaud Mimran a accumul\u00e9 les ennuis judiciaires depuis sa condamnation en 2016 dans l\u2019affaire li\u00e9e \u00e0 \u00ab\u2009l\u2019escroquerie du si\u00e8cle\u2009\u00bb sur le march\u00e9 des quotas d\u2019\u00e9missions de CO2 en 2008-2009. En d\u00e9cembre\u00a02022, <a href=\"https:\/\/actu.fr\/ile-de-france\/paris_75056\/l-homme-d-affaires-arnaud-mimran-juge-en-appel-pour-avoir-sequestre-un-trader-suisse-a-paris_55706242.html\" target=\"_blank\" rel=\"noopener\">il a \u00e9t\u00e9 condamn\u00e9 en appel<\/a> <strong>\u00e0 treize ans de r\u00e9clusion criminelle<\/strong> pour la s\u00e9questration d\u2019un financier suisse en vue de son extorsion. Il a en revanche \u00e9t\u00e9 relax\u00e9 en mai\u00a02024 par la cour d\u2019appel de Paris <a href=\"https:\/\/actu.fr\/ile-de-france\/fresnes_94034\/corruption-a-la-prison-de-fresnes-quatre-ans-de-prison-pour-l-ancien-directeur-penitentiaire_56517713.html\" target=\"_blank\" rel=\"noopener\">dans une affaire de corruption<\/a> \u00e0 la prison de <a href=\"https:\/\/actu.fr\/ile-de-france\/fresnes_94034\" target=\"_blank\" rel=\"noopener\">Fresnes<\/a> (<a href=\"https:\/\/actu.fr\/ile-de-france\/val-de-marne_94\" target=\"_blank\" rel=\"noopener\">Val-de-Marne<\/a>).<\/p>\n<p class=\" wall-content\">Avec AFP<\/p>\n<p class=\" wall-content\">Suivez toute l\u2019actualit\u00e9 de vos villes et m\u00e9dias favoris en vous inscrivant \u00e0 <a href=\"https:\/\/moncompte.actu.fr\" title=\"D\u00e9couvez Mon Actu\" rel=\"nofollow noopener\" data-trk=\"{&quot;cta&quot;:{&quot;action&quot;:&quot;https:\\\/\\\/moncompte.actu.fr&quot;,&quot;category&quot;:&quot;mon compte&quot;,&quot;from&quot;:&quot;article footer&quot;,&quot;name&quot;:&quot;Mon actu&quot;,&quot;type&quot;:&quot;cta&quot;}}\" target=\"_blank\">Mon Actu<\/a>.<\/p>\n","protected":false},"excerpt":{"rendered":"Par R\u00e9daction Paris Publi\u00e9 le 11 avr. 2025 \u00e0 16h56 Apr\u00e8s de longues investigations, enfin un proc\u00e8s\u2009? Ce&hellip;\n","protected":false},"author":2,"featured_media":16371,"comment_status":"","ping_status":"","sticky":false,"template":"","format":"standard","meta":{"footnotes":""},"categories":[1888],"tags":[11,6744,1777,674,118,1011,27,303,777,12,626,25],"class_list":{"0":"post-20309","1":"post","2":"type-post","3":"status-publish","4":"format-standard","5":"has-post-thumbnail","7":"category-paris","8":"tag-actualites","9":"tag-assassinat","10":"tag-eu","11":"tag-europe","12":"tag-faits-divers","13":"tag-fr","14":"tag-france","15":"tag-justice","16":"tag-meurtre","17":"tag-news","18":"tag-paris","19":"tag-republique-francaise"},"share_on_mastodon":{"url":"https:\/\/pubeurope.com\/@fr\/114326435609068441","error":""},"_links":{"self":[{"href":"https:\/\/www.europesays.com\/fr\/wp-json\/wp\/v2\/posts\/20309","targetHints":{"allow":["GET"]}}],"collection":[{"href":"https:\/\/www.europesays.com\/fr\/wp-json\/wp\/v2\/posts"}],"about":[{"href":"https:\/\/www.europesays.com\/fr\/wp-json\/wp\/v2\/types\/post"}],"author":[{"embeddable":true,"href":"https:\/\/www.europesays.com\/fr\/wp-json\/wp\/v2\/users\/2"}],"replies":[{"embeddable":true,"href":"https:\/\/www.europesays.com\/fr\/wp-json\/wp\/v2\/comments?post=20309"}],"version-history":[{"count":0,"href":"https:\/\/www.europesays.com\/fr\/wp-json\/wp\/v2\/posts\/20309\/revisions"}],"wp:featuredmedia":[{"embeddable":true,"href":"https:\/\/www.europesays.com\/fr\/wp-json\/wp\/v2\/media\/16371"}],"wp:attachment":[{"href":"https:\/\/www.europesays.com\/fr\/wp-json\/wp\/v2\/media?parent=20309"}],"wp:term":[{"taxonomy":"category","embeddable":true,"href":"https:\/\/www.europesays.com\/fr\/wp-json\/wp\/v2\/categories?post=20309"},{"taxonomy":"post_tag","embeddable":true,"href":"https:\/\/www.europesays.com\/fr\/wp-json\/wp\/v2\/tags?post=20309"}],"curies":[{"name":"wp","href":"https:\/\/api.w.org\/{rel}","templated":true}]}}