{"id":203099,"date":"2025-06-25T11:28:11","date_gmt":"2025-06-25T11:28:11","guid":{"rendered":"https:\/\/www.europesays.com\/fr\/203099\/"},"modified":"2025-06-25T11:28:11","modified_gmt":"2025-06-25T11:28:11","slug":"lyon-la-metropole-augmente-cet-impot-et-ca-passe-mal-inopportun-et-brutal","status":"publish","type":"post","link":"https:\/\/www.europesays.com\/fr\/203099\/","title":{"rendered":"Lyon. La M\u00e9tropole augmente cet imp\u00f4t et \u00e7a passe mal : \u00ab\u00a0Inopportun et brutal\u00a0\u00bb"},"content":{"rendered":"<p>            Par<br \/>\n        <strong><br \/>\n            <a href=\"https:\/\/actu.fr\/auteur\/theo-zuili\" title=\"Consulter tous les articles de Th\u00e9o Zuili\" target=\"_blank\" rel=\"noopener\">Th\u00e9o Zuili<\/a><br \/>\n        <\/strong><\/p>\n<p>        Publi\u00e9 le<\/p>\n<p>            25 juin 2025 \u00e0 11h14        <\/p>\n<p>Quelques centimes dont la port\u00e9e symbolique fait craquer l\u2019Union des M\u00e9tiers et des Industries de l\u2019H\u00f4tellerie (Umih) du Rh\u00f4ne, qui sort du silence pour d\u00e9noncer \u00ab\u00a0le m\u00e9pris\u00a0\u00bb auquel les professionnels sont, selon eux, confront\u00e9s \u00e0 <a href=\"https:\/\/actu.fr\/auvergne-rhone-alpes\/lyon_69123\" target=\"_blank\" rel=\"noopener\">Lyon<\/a> et dans le d\u00e9partement.<br \/><strong>L\u2019augmentation de la taxe de s\u00e9jour<\/strong> \u00e0 hauteur de 10 % par nuit\u00e9e doit prendre effet d\u00e8s le 1\u1d49\u02b3 janvier 2026, a act\u00e9 la <a href=\"https:\/\/actu.fr\/tag\/grand-lyon\" target=\"_blank\" rel=\"noopener\">M\u00e9tropole de Lyon<\/a>, accus\u00e9e par l\u2019opposition de mettre en place \u00ab\u00a0une fiscalit\u00e9 punitive qui frappe directement les touristes\u00a0\u00bb.<\/p>\n<p>L\u2019opposition d\u00e9nonce<\/p>\n<p class=\" wall-content\">Cette hausse, dont les recettes doivent permettre de \u00ab\u00a0g\u00e9n\u00e9rer des ressources suppl\u00e9mentaires affect\u00e9es au d\u00e9veloppement touristique\u00a0\u00bb, para\u00eet <strong>minime<\/strong> \u00e0 l\u2019\u00e9chelle d\u2019un touriste. \u00ab\u00a0Pour un h\u00f4tel une \u00e9toile, on passe de 80 centimes \u00e0 88 centimes. Sur les trois \u00e9toiles, on passe de 1,70 \u20ac \u00e0 1,87 \u20ac\u00a0\u00bb, pr\u00e9sente <a href=\"https:\/\/actu.fr\/tag\/bruno-bernard\" target=\"_blank\" rel=\"noopener\">Bruno Bernard<\/a>.<\/p>\n<p class=\" wall-content\">Mich\u00e8le Vullien, membre de l\u2019opposition, y voit \u00ab\u00a0une <strong>fiscalit\u00e9 punitive<\/strong> qui frappe directement les touristes, affaiblit un secteur cl\u00e9 de notre \u00e9conomie, cr\u00e9ateur d\u2019emplois et de richesse. [\u2026] M\u00eame s\u2019il s\u2019agit de sommes relativement modestes, le principe m\u00eame de cette hausse est contestable\u00a0\u00bb, argue-t-elle.<\/p>\n<p class=\" wall-content\">\u00ab\u00a0Vous pensez que l\u2019on va perdre un seul touriste parce qu\u2019on a augment\u00e9 de 17 centimes la taxe de s\u00e9jour sur un h\u00f4tel ? <strong>Un peu de s\u00e9rieux<\/strong>, chers coll\u00e8gues\u00a0\u00bb, r\u00e9pond le pr\u00e9sident du Grand Lyon.<\/p>\n<p>L\u2019union des m\u00e9tiers de l\u2019h\u00f4tellerie rage<\/p>\n<p class=\" wall-content\">L\u2019Umih 69, qui pr\u00e9f\u00e8re habituellement n\u00e9gocier ses int\u00e9r\u00eats plus discr\u00e8tement, a r\u00e9agi mardi 24 juin par voie de communiqu\u00e9 pour d\u00e9noncer le discours de Bruno Bernard, jug\u00e9 \u00ab\u00a0d\u00e9connect\u00e9 de la r\u00e9alit\u00e9 v\u00e9cue par les acteurs de la profession\u00a0\u00bb. L\u2019augmentation de la taxe de s\u00e9jour, elle, est per\u00e7ue comme \u00ab\u00a0une logique budg\u00e9taire <strong>d\u00e9connect\u00e9e de la r\u00e9alit\u00e9<\/strong> entrepreneuriale et sociale\u00a0\u00bb.<\/p>\n<blockquote class=\"ac-article-quote wall-content\">\n<p>Dans un contexte d\u2019extr\u00eame fragilit\u00e9 ; hausse des faillites, poids \u00e9crasant des PGE (pr\u00eats garantis par l&rsquo;\u00c9tat), perte de rep\u00e8res et accessibilit\u00e9 d\u00e9grad\u00e9e de la ville et ses alentours ; cette mesure appara\u00eet comme un coup suppl\u00e9mentaire port\u00e9 \u00e0 des entreprises d\u00e9j\u00e0 \u00e0 genoux.<\/p>\n<p>    <strong>Umih<\/strong>\n            <\/p><\/blockquote>\n<p class=\" wall-content\">L\u2019Union du Rh\u00f4ne voit en la M\u00e9tropole un \u00ab\u00a0ogre de l\u2019imp\u00f4t jamais rassasi\u00e9\u00a0\u00bb et qui r\u00e9pond aux courriers, r\u00e9unions et \u00e9changes r\u00e9p\u00e9t\u00e9s par \u00ab\u00a0le silence, l\u2019indiff\u00e9rence\u00a0\u00bb. Elle d\u00e9crit le secteur comme \u00ab\u00a0\u00e0 bout de souffle\u00a0\u00bb (le constat est <a href=\"https:\/\/www.umih.fr\/medias\/news\/lhotellerie-restauration-europeenne-sonne-lalerte.html\" target=\"_blank\" rel=\"noopener\">le m\u00eame \u00e0 l\u2019\u00e9chelle europ\u00e9enne<\/a>) et appelle la M\u00e9tropole \u00e0 \u00ab\u00a0sortir de l\u2019inertie\u00a0\u00bb.<\/p>\n<p class=\" wall-content\">L\u2019augmentation de la taxe \u00ab\u00a0n\u2019est <strong>pas remise en cause en soi<\/strong>, certes ce ne sont pas les<br \/>quelques centimes d\u2019augmentation qui vont mettre encore plus en danger les h\u00f4teliers,<br \/>le calendrier de cette d\u00e9cision est \u00e0 la fois inopportun et brutal\u00a0\u00bb, \u00e9crivent les professionnels.<\/p>\n<p class=\" wall-content\">Suivez toute l\u2019actualit\u00e9 de vos villes et m\u00e9dias favoris en vous inscrivant \u00e0 <a href=\"https:\/\/moncompte.actu.fr\" title=\"D\u00e9couvez Mon Actu\" rel=\"nofollow noopener\" data-trk=\"{&quot;cta&quot;:{&quot;action&quot;:&quot;https:\\\/\\\/moncompte.actu.fr&quot;,&quot;category&quot;:&quot;mon compte&quot;,&quot;from&quot;:&quot;article footer&quot;,&quot;name&quot;:&quot;Mon actu&quot;,&quot;type&quot;:&quot;cta&quot;}}\" target=\"_blank\">Mon Actu<\/a>.<\/p>\n<ul class=\"ac-article-tag wall-content\">\n<li><a href=\"https:\/\/actu.fr\/tag\/bruno-bernard\" data-trk=\"{&quot;cta&quot;:{&quot;action&quot;:&quot;Bruno Bernard&quot;,&quot;category&quot;:&quot;tag&quot;,&quot;from&quot;:&quot;article footer&quot;,&quot;name&quot;:&quot;Bruno Bernard&quot;,&quot;type&quot;:&quot;cta&quot;}}\" target=\"_blank\" rel=\"noopener\">#Bruno Bernard<\/a><\/li>\n<li><a href=\"https:\/\/actu.fr\/tag\/grand-lyon\" data-trk=\"{&quot;cta&quot;:{&quot;action&quot;:&quot;Grand Lyon&quot;,&quot;category&quot;:&quot;tag&quot;,&quot;from&quot;:&quot;article footer&quot;,&quot;name&quot;:&quot;Grand Lyon&quot;,&quot;type&quot;:&quot;cta&quot;}}\" target=\"_blank\" rel=\"noopener\">#Grand Lyon<\/a><\/li>\n<\/ul>\n","protected":false},"excerpt":{"rendered":"Par Th\u00e9o Zuili Publi\u00e9 le 25 juin 2025 \u00e0 11h14 Quelques centimes dont la port\u00e9e symbolique fait craquer&hellip;\n","protected":false},"author":2,"featured_media":203100,"comment_status":"","ping_status":"","sticky":false,"template":"","format":"standard","meta":{"footnotes":""},"categories":[1889],"tags":[1111,11,2430,5921,1777,674,1011,27,2808,2428,12,25,104],"class_list":{"0":"post-203099","1":"post","2":"type-post","3":"status-publish","4":"format-standard","5":"has-post-thumbnail","7":"category-lyon","8":"tag-actu","9":"tag-actualites","10":"tag-auvergne-rhone-alpes","11":"tag-bruno-bernard","12":"tag-eu","13":"tag-europe","14":"tag-fr","15":"tag-france","16":"tag-grand-lyon","17":"tag-lyon","18":"tag-news","19":"tag-republique-francaise","20":"tag-societe"},"share_on_mastodon":{"url":"https:\/\/pubeurope.com\/@fr\/114743771791233286","error":""},"_links":{"self":[{"href":"https:\/\/www.europesays.com\/fr\/wp-json\/wp\/v2\/posts\/203099","targetHints":{"allow":["GET"]}}],"collection":[{"href":"https:\/\/www.europesays.com\/fr\/wp-json\/wp\/v2\/posts"}],"about":[{"href":"https:\/\/www.europesays.com\/fr\/wp-json\/wp\/v2\/types\/post"}],"author":[{"embeddable":true,"href":"https:\/\/www.europesays.com\/fr\/wp-json\/wp\/v2\/users\/2"}],"replies":[{"embeddable":true,"href":"https:\/\/www.europesays.com\/fr\/wp-json\/wp\/v2\/comments?post=203099"}],"version-history":[{"count":0,"href":"https:\/\/www.europesays.com\/fr\/wp-json\/wp\/v2\/posts\/203099\/revisions"}],"wp:featuredmedia":[{"embeddable":true,"href":"https:\/\/www.europesays.com\/fr\/wp-json\/wp\/v2\/media\/203100"}],"wp:attachment":[{"href":"https:\/\/www.europesays.com\/fr\/wp-json\/wp\/v2\/media?parent=203099"}],"wp:term":[{"taxonomy":"category","embeddable":true,"href":"https:\/\/www.europesays.com\/fr\/wp-json\/wp\/v2\/categories?post=203099"},{"taxonomy":"post_tag","embeddable":true,"href":"https:\/\/www.europesays.com\/fr\/wp-json\/wp\/v2\/tags?post=203099"}],"curies":[{"name":"wp","href":"https:\/\/api.w.org\/{rel}","templated":true}]}}