{"id":20310,"date":"2025-04-12T18:35:14","date_gmt":"2025-04-12T18:35:14","guid":{"rendered":"https:\/\/www.europesays.com\/fr\/20310\/"},"modified":"2025-04-12T18:35:14","modified_gmt":"2025-04-12T18:35:14","slug":"trafic-interrompu-sur-la-ligne-r-entre-paris-gare-de-lyon-et-melun-apres-un-accident-grave-de-personne","status":"publish","type":"post","link":"https:\/\/www.europesays.com\/fr\/20310\/","title":{"rendered":"trafic interrompu sur la ligne R entre Paris gare de Lyon et Melun apr\u00e8s un accident grave de personne"},"content":{"rendered":"<p>            Par<br \/>\n        <strong><br \/>\n            <a href=\"https:\/\/actu.fr\/auteur\/redaction-paris\" title=\"Consulter tous les articles de R\u00e9daction Paris\" target=\"_blank\" rel=\"noopener\">R\u00e9daction Paris<\/a><br \/>\n        <\/strong><\/p>\n<p>        Publi\u00e9 le<\/p>\n<p>            12 avr. 2025 \u00e0 17h43        <\/p>\n<p>Un \u00ab\u00a0<a href=\"https:\/\/actu.fr\/tag\/accident-grave-de-voyageur\" target=\"_blank\" rel=\"noopener\">accident de personne<\/a>\u00a0\u00bb s\u2019est produit ce samedi 12 avril 2025 en gare de Juvisy-sur-Orge (Essonne), a indiqu\u00e9 <a href=\"https:\/\/actu.fr\/tag\/transilien\" target=\"_blank\" rel=\"noopener\">Transilien<\/a>, \u00e0 17h30, sur le compte de la <a href=\"https:\/\/actu.fr\/tag\/ligne-r\" target=\"_blank\" rel=\"noopener\">ligne R<\/a>. Le trafic sur celle-ci est interrompu entre la <a href=\"https:\/\/actu.fr\/tag\/gare-de-lyon\" target=\"_blank\" rel=\"noopener\">gare de Lyon<\/a> \u00e0 Paris et la gare de Melun (Seine-et-Marne) jusqu\u2019\u00e0 19h15. Il est ralenti sur le reste de la ligne except\u00e9 entre Melun et Montereau via H\u00e9ricy.\u00a0<\/p>\n<p class=\" wall-content\">\n<p class=\" wall-content\">Le trafic du <a href=\"https:\/\/actu.fr\/tag\/rer-d\" target=\"_blank\" rel=\"noopener\">RER D<\/a> est \u00e9galement interrompu entre Villeneuve-Saint-Georges et Corbeil-Essonnes dans les deux sens jusqu\u2019\u00e0 19h15.\u00a0<\/p>\n<p class=\" wall-content\">\n<p class=\" wall-content\">Le trafic du <a href=\"https:\/\/actu.fr\/tag\/rer-c\" target=\"_blank\" rel=\"noopener\">RER C<\/a> est ralenti entre Mus\u00e9e d\u2019Orsay et Saint-Martin d\u2019\u00c9tampes et entre Mus\u00e9e d\u2019Orsay et Dourdan dans les deux sens.\u00a0<\/p>\n<p class=\" wall-content\">\n<p class=\" wall-content\">Suivez toute l\u2019actualit\u00e9 de vos villes et m\u00e9dias favoris en vous inscrivant \u00e0 <a href=\"https:\/\/moncompte.actu.fr\" title=\"D\u00e9couvez Mon Actu\" rel=\"nofollow noopener\" data-trk=\"{&quot;cta&quot;:{&quot;action&quot;:&quot;https:\\\/\\\/moncompte.actu.fr&quot;,&quot;category&quot;:&quot;mon compte&quot;,&quot;from&quot;:&quot;article footer&quot;,&quot;name&quot;:&quot;Mon actu&quot;,&quot;type&quot;:&quot;cta&quot;}}\" target=\"_blank\">Mon Actu<\/a>.<\/p>\n","protected":false},"excerpt":{"rendered":"Par R\u00e9daction Paris Publi\u00e9 le 12 avr. 2025 \u00e0 17h43 Un \u00ab\u00a0accident de personne\u00a0\u00bb s\u2019est produit ce samedi&hellip;\n","protected":false},"author":2,"featured_media":20311,"comment_status":"","ping_status":"","sticky":false,"template":"","format":"standard","meta":{"footnotes":""},"categories":[1888],"tags":[7757,11,1777,674,118,1011,27,7758,12,626,25,7759],"class_list":{"0":"post-20310","1":"post","2":"type-post","3":"status-publish","4":"format-standard","5":"has-post-thumbnail","7":"category-paris","8":"tag-accident-grave-de-voyageur","9":"tag-actualites","10":"tag-eu","11":"tag-europe","12":"tag-faits-divers","13":"tag-fr","14":"tag-france","15":"tag-ligne-r","16":"tag-news","17":"tag-paris","18":"tag-republique-francaise","19":"tag-rer-d"},"share_on_mastodon":{"url":"https:\/\/pubeurope.com\/@fr\/114326439419680624","error":""},"_links":{"self":[{"href":"https:\/\/www.europesays.com\/fr\/wp-json\/wp\/v2\/posts\/20310","targetHints":{"allow":["GET"]}}],"collection":[{"href":"https:\/\/www.europesays.com\/fr\/wp-json\/wp\/v2\/posts"}],"about":[{"href":"https:\/\/www.europesays.com\/fr\/wp-json\/wp\/v2\/types\/post"}],"author":[{"embeddable":true,"href":"https:\/\/www.europesays.com\/fr\/wp-json\/wp\/v2\/users\/2"}],"replies":[{"embeddable":true,"href":"https:\/\/www.europesays.com\/fr\/wp-json\/wp\/v2\/comments?post=20310"}],"version-history":[{"count":0,"href":"https:\/\/www.europesays.com\/fr\/wp-json\/wp\/v2\/posts\/20310\/revisions"}],"wp:featuredmedia":[{"embeddable":true,"href":"https:\/\/www.europesays.com\/fr\/wp-json\/wp\/v2\/media\/20311"}],"wp:attachment":[{"href":"https:\/\/www.europesays.com\/fr\/wp-json\/wp\/v2\/media?parent=20310"}],"wp:term":[{"taxonomy":"category","embeddable":true,"href":"https:\/\/www.europesays.com\/fr\/wp-json\/wp\/v2\/categories?post=20310"},{"taxonomy":"post_tag","embeddable":true,"href":"https:\/\/www.europesays.com\/fr\/wp-json\/wp\/v2\/tags?post=20310"}],"curies":[{"name":"wp","href":"https:\/\/api.w.org\/{rel}","templated":true}]}}