{"id":203101,"date":"2025-06-25T11:29:09","date_gmt":"2025-06-25T11:29:09","guid":{"rendered":"https:\/\/www.europesays.com\/fr\/203101\/"},"modified":"2025-06-25T11:29:09","modified_gmt":"2025-06-25T11:29:09","slug":"lol-en-ligue-2-les-politiques-locaux-critiques-mais-aux-cotes-du-club","status":"publish","type":"post","link":"https:\/\/www.europesays.com\/fr\/203101\/","title":{"rendered":"l\u2019OL en Ligue 2, les politiques locaux critiques mais aux c\u00f4t\u00e9s du club"},"content":{"rendered":"<p>\u00ab\u00a0Choc brutal\u00a0\u00bb pour <a href=\"https:\/\/www.leprogres.fr\/p\/bruno-bernard\" target=\"_blank\" rel=\"noopener\">Bruno Bernard<\/a>, le pr\u00e9sident \u00e9cologiste de la M\u00e9tropole de Lyon, \u00ab\u00a0onde de choc pour le club et Lyon\u00a0\u00bb, selon <a href=\"https:\/\/www.leprogres.fr\/p\/thomas-rudigoz\" target=\"_blank\" rel=\"noopener\">Thomas Rudigoz<\/a>, le chef de file de Renaissance \u00e0 Lyon\u2026<\/p>\n<p>Apr\u00e8s l\u2019annonce de la rel\u00e9gation de l\u2019Olympique lyonnais par le gendarme financier du foot fran\u00e7ais, ce mardi, les personnalit\u00e9s politiques locales, si elles sont souvent critiques sur la gestion de <a href=\"https:\/\/www.leprogres.fr\/p\/john-textor\" target=\"_blank\" rel=\"noopener\">John Textor<\/a>, le pr\u00e9sident de l\u2019OL, apportent leur soutien au club et aux supporters.<\/p>\n<p>  \u00ab\u00a0Tous les \u00e9lus doivent \u00eatre au c\u00f4t\u00e9 du club\u00a0\u00bb<\/p>\n<p>\u00ab\u00a0Tous les \u00e9lus doivent \u00eatre au c\u00f4t\u00e9 du club, des joueurs et des supporters dont je comprends la d\u00e9ception. J\u2019esp\u00e8re de tout c\u0153ur que l\u2019appel sera entendu, l\u2019heure n\u2019est pas \u00e0 la pol\u00e9mique\u00a0\u00bb, a r\u00e9agi <a href=\"https:\/\/www.leprogres.fr\/p\/nathalie-perrin-gilbert\" target=\"_blank\" rel=\"noopener\">Nathalie Perrin-Gilbert<\/a>, candidate de gauche (Lyon en commun) \u00e0 la mairie de Lyon.<\/p>\n<p>N\u00e9anmoins, elle souligne que la d\u00e9cision de la Direction nationale du contr\u00f4le de gestion (DNCG) n\u2019est pas une surprise\u00a0: \u00ab\u00a0Le club et ses actionnaires se sont endett\u00e9s, Monsieur Textor n\u2019avait pas les moyens, on paye des d\u00e9cisions malheureuses &#8211; m\u00eame si John Textor a pr\u00e9sent\u00e9 devant le gendarme financier du football des finances assainies\u00a0\u00bb.<\/p>\n<p>Une critique \u00e9galement faite par Bruno Bernard. \u00ab\u00a0La situation du club s\u2019est progressivement fragilis\u00e9e au cours des derni\u00e8res ann\u00e9es avec de nombreux mauvais choix. La fuite en avant depuis trois ans a conduit le club dans l\u2019impasse. J\u2019appelle les actionnaires \u00e0 la responsabilit\u00e9, et \u00e0 apporter les fonds n\u00e9cessaires pour sauver le club\u00a0\u00bb, s\u2019est exprim\u00e9 le pr\u00e9sident \u00e9cologiste de la M\u00e9tropole de Lyon et supporter de toujours de l\u2019Olympique lyonnais, sur les r\u00e9seaux sociaux.<\/p>\n<p>\u00ab\u00a0Profond\u00e9ment inquiet et pr\u00e9occup\u00e9\u00a0\u00bb, <a href=\"https:\/\/www.leprogres.fr\/p\/gregory-doucet\" target=\"_blank\" rel=\"noopener\">Gr\u00e9gory Doucet<\/a> a \u00e9galement r\u00e9agi en marge d\u2019une visite \u00e0 La Duch\u00e8re. \u00ab\u00a0L\u2019OL est un des ciments de notre vivre ensemble sur ce territoire. L\u2019OL f\u00e9d\u00e8re, enthousiasme, c\u2019est une partie de l\u2019histoire de la Ville. L\u2019OL ne peut pas \u00eatre pris \u00e0 la l\u00e9g\u00e8re\u00a0\u00bb, a mis en avant le maire \u00e9cologiste de Lyon, qui a appel\u00e9 \u00ab\u00a0John Textor \u00e0 apporter des r\u00e9ponses concr\u00e8tes. Les probl\u00e9matiques actuelles ont trop dur\u00e9\u00a0\u00bb.<\/p>\n<p>Au-del\u00e0 de l\u2019aspect sportif, quels seraient les impacts d\u2019une rel\u00e9gation sur le territoire\u00a0? On pense \u00e0 la baisse d\u2019attractivit\u00e9 des commerces autour du stade, notamment \u00e0 OL Vall\u00e9e, aux effets sur les nombreux prestataires du club qui pourraient voir leurs contrats r\u00e9duits, et bien s\u00fbr aux cons\u00e9quences sur l\u2019emploi local. Une rel\u00e9gation aurait aussi un impact sur le \u00ab\u00a0tourisme sportif\u00a0\u00bb, avec notamment la fin des grandes affiches qui drainaient des supporters de toute la France et de toute l\u2019Europe.<\/p>\n<p>\u00ab\u00a0Une r\u00e9trogradation serait terrible pour le territoire et pour le football fran\u00e7ais. Je pense \u00e0 toutes celles et ceux qui travaillent au club, aux salari\u00e9s qui ont d\u00e9j\u00e0 subi une r\u00e9duction massive des effectifs et qui se retrouvent aujourd\u2019hui dans l\u2019inconnu\u00a0\u00bb, a aussi appuy\u00e9 Bruno Bernard. C\u2019est tout un territoire qui sera suspendu, ces prochaines semaines, \u00e0 l\u2019appel du club.<\/p>\n","protected":false},"excerpt":{"rendered":"\u00ab\u00a0Choc brutal\u00a0\u00bb pour Bruno Bernard, le pr\u00e9sident \u00e9cologiste de la M\u00e9tropole de Lyon, \u00ab\u00a0onde de choc pour le&hellip;\n","protected":false},"author":2,"featured_media":203102,"comment_status":"","ping_status":"","sticky":false,"template":"","format":"standard","meta":{"footnotes":""},"categories":[1889],"tags":[1111,11,2430,2757,1777,674,107,63,1011,27,2428,2756,12,2755,316,25,2429,517],"class_list":{"0":"post-203101","1":"post","2":"type-post","3":"status-publish","4":"format-standard","5":"has-post-thumbnail","7":"category-lyon","8":"tag-actu","9":"tag-actualites","10":"tag-auvergne-rhone-alpes","11":"tag-edition-lyon-villeurbanne","12":"tag-eu","13":"tag-europe","14":"tag-fil-info","15":"tag-football","16":"tag-fr","17":"tag-france","18":"tag-lyon","19":"tag-lyon-bassin","20":"tag-news","21":"tag-ol-olympique-lyonnais-football","22":"tag-politique","23":"tag-republique-francaise","24":"tag-rhone","25":"tag-sport"},"share_on_mastodon":{"url":"https:\/\/pubeurope.com\/@fr\/114743775713530479","error":""},"_links":{"self":[{"href":"https:\/\/www.europesays.com\/fr\/wp-json\/wp\/v2\/posts\/203101","targetHints":{"allow":["GET"]}}],"collection":[{"href":"https:\/\/www.europesays.com\/fr\/wp-json\/wp\/v2\/posts"}],"about":[{"href":"https:\/\/www.europesays.com\/fr\/wp-json\/wp\/v2\/types\/post"}],"author":[{"embeddable":true,"href":"https:\/\/www.europesays.com\/fr\/wp-json\/wp\/v2\/users\/2"}],"replies":[{"embeddable":true,"href":"https:\/\/www.europesays.com\/fr\/wp-json\/wp\/v2\/comments?post=203101"}],"version-history":[{"count":0,"href":"https:\/\/www.europesays.com\/fr\/wp-json\/wp\/v2\/posts\/203101\/revisions"}],"wp:featuredmedia":[{"embeddable":true,"href":"https:\/\/www.europesays.com\/fr\/wp-json\/wp\/v2\/media\/203102"}],"wp:attachment":[{"href":"https:\/\/www.europesays.com\/fr\/wp-json\/wp\/v2\/media?parent=203101"}],"wp:term":[{"taxonomy":"category","embeddable":true,"href":"https:\/\/www.europesays.com\/fr\/wp-json\/wp\/v2\/categories?post=203101"},{"taxonomy":"post_tag","embeddable":true,"href":"https:\/\/www.europesays.com\/fr\/wp-json\/wp\/v2\/tags?post=203101"}],"curies":[{"name":"wp","href":"https:\/\/api.w.org\/{rel}","templated":true}]}}