{"id":203105,"date":"2025-06-25T11:31:13","date_gmt":"2025-06-25T11:31:13","guid":{"rendered":"https:\/\/www.europesays.com\/fr\/203105\/"},"modified":"2025-06-25T11:31:13","modified_gmt":"2025-06-25T11:31:13","slug":"orages-en-ile-de-france-alerte-meteo-orange-ce-mercredi-25-juin-2025-en-soiree","status":"publish","type":"post","link":"https:\/\/www.europesays.com\/fr\/203105\/","title":{"rendered":"Orages en Ile-de-France\u00a0: alerte m\u00e9t\u00e9o orange ce mercredi 25 juin 2025 en soir\u00e9e"},"content":{"rendered":"<p><a href=\"https:\/\/94.citoyens.com\/2025\/orages-en-ile-de-france-alerte-meteo-orange,13-06-2025.html\" title=\"Orages en Ile-de-France\u00a0: alerte m\u00e9t\u00e9o orange\" class=\"visuel\" rel=\"nofollow noopener\" target=\"_blank\"> <img decoding=\"async\" src=\"https:\/\/www.europesays.com\/fr\/wp-content\/uploads\/2025\/06\/orage-pixabay-umkreisel-app-380x173.jpg\"  class=\"attachment-home-article wp-post-image lazyload\" alt=\"Orages en Ile-de-France\u00a0: alerte m\u00e9t\u00e9o orange\"\/>  \u00a9 Umkreisel App\t <\/a> <a href=\"https:\/\/94.citoyens.com\/2025\/orages-en-ile-de-france-alerte-meteo-orange,13-06-2025.html\" title=\"Orages en Ile-de-France\u00a0: alerte m\u00e9t\u00e9o orange\" rel=\"nofollow noopener\" target=\"_blank\"> Orages en Ile-de-France\u00a0: alerte m\u00e9t\u00e9o orange\t<\/a><\/p>\n<p>Jaune ce matin, l\u2019alerte vigilance de M\u00e9t\u00e9o France a vir\u00e9 au orange d\u00e8s 10 heures ce matin. Alors que le temps s\u2019est subitement alourdi et r\u00e9chauff\u00e9, de violents orages sont pr\u00e9vus ce vendredi 13 au soir, dans toute l\u2019agglom\u00e9ration parisienne (Paris, Hauts-de-Seine, Val-de-Marne et Seine-Saint-Denis) ainsi que dans les Yvelines et en Val d\u2019Oise. Seine-et-Marne\u2026<\/p>\n<p><a href=\"https:\/\/94.citoyens.com\/2025\/municipales-2026-49-chefs-de-file-pour-horizons-en-ile-de-france,12-06-2025.html\" title=\"Municipales 2026\u00a0: 49 chefs de file pour Horizons en Ile-de-France\" class=\"visuel\" rel=\"nofollow noopener\" target=\"_blank\"> <img decoding=\"async\" src=\"https:\/\/www.europesays.com\/fr\/wp-content\/uploads\/2025\/06\/elections-380x173.jpg\"  class=\"attachment-home-article wp-post-image lazyload\" alt=\"Municipales 2026\u00a0: 49 chefs de file pour Horizons en Ile-de-France\"\/>  \u00a9 Manon Henry\t <\/a> <a href=\"https:\/\/94.citoyens.com\/2025\/municipales-2026-49-chefs-de-file-pour-horizons-en-ile-de-france,12-06-2025.html\" title=\"Municipales 2026\u00a0: 49 chefs de file pour Horizons en Ile-de-France\" rel=\"nofollow noopener\" target=\"_blank\"> Municipales 2026\u00a0: 49 chefs de file pour Horizons en Ile-de-France\t<\/a><\/p>\n<p>Le parti dans l\u2019ancien premier ministre \u00c9douard Philippe a d\u00e9sign\u00e9 130 premiers chefs de file pour les \u00e9lections municipales. 49 noms sont sortis en Ile-de-France, dont seulement 10 femmes. Paris ne figure pas pour l\u2019instant sur cette liste.<\/p>\n<p><a href=\"https:\/\/94.citoyens.com\/2025\/prolongement-de-la-18-vers-nanterre-et-boissy-saint-leger-nouvelle-ligne-19-le-metro-prepare-sa-boucle-de-grande-couronne-en-ile-de-france,22-06-2025.html\" title=\"Prolongement de la 18 vers Nanterre et Boissy-Saint-L\u00e9ger, nouvelle ligne 19\u2026 le m\u00e9tro pr\u00e9pare sa boucle de grande couronne en Ile-de-France\" class=\"visuel\" rel=\"nofollow noopener\" target=\"_blank\"> <img decoding=\"async\" src=\"https:\/\/www.europesays.com\/fr\/wp-content\/uploads\/2025\/06\/francois-durovray-olivier-capitanio-ligne-18-mathys-gautier-380x173.jpg\"  class=\"attachment-home-article wp-post-image lazyload\" alt=\"Prolongement de la 18 vers Nanterre et Boissy-Saint-L\u00e9ger, nouvelle ligne 19\u2026 le m\u00e9tro pr\u00e9pare sa boucle de grande couronne en Ile-de-France\"\/>  \u00a9 MG\t <\/a> <a class=\"lien-icone-article-payant\" href=\"https:\/\/94.citoyens.com\/gestion-abonnement\/paiement-abonnement?level=1\" title=\"Article r\u00e9serv\u00e9 aux abonn\u00e9s\" rel=\"nofollow noopener\" target=\"_blank\">  <img decoding=\"async\" class=\"icone-article-payant\" alt=\"Article r\u00e9serv\u00e9 aux abonn\u00e9s\" src=\"https:\/\/www.europesays.com\/fr\/wp-content\/uploads\/2025\/04\/sans_contour_32x32_couleur_originale.png\"\/>  <\/a> <a href=\"https:\/\/94.citoyens.com\/2025\/prolongement-de-la-18-vers-nanterre-et-boissy-saint-leger-nouvelle-ligne-19-le-metro-prepare-sa-boucle-de-grande-couronne-en-ile-de-france,22-06-2025.html\" title=\"Prolongement de la 18 vers Nanterre et Boissy-Saint-L\u00e9ger, nouvelle ligne 19\u2026 le m\u00e9tro pr\u00e9pare sa boucle de grande couronne en Ile-de-France\" rel=\"nofollow noopener\" target=\"_blank\"> Prolongement de la 18 vers Nanterre et Boissy-Saint-L\u00e9ger, nouvelle ligne 19\u2026 le m\u00e9tro pr\u00e9pare sa boucle de grande couronne en Ile-de-France\t<\/a><\/p>\n<p>Alors que les premiers essais des rames de la ligne 18 sont sur le point de d\u00e9buter, les Pr\u00e9sidents des d\u00e9partements du Val-de-Marne et de l\u2019Essonne livrent les r\u00e9sultats d\u2019une \u00e9tude portant sur le prolongement du trac\u00e9 jusqu\u2019\u00e0 Boissy-Saint-L\u00e9ger. Ce nouveau parcours (axe Versailles &#8211; Orly &#8211; Boissy) rem\u00e9dierait \u00e0 l\u2019exclusion d\u2019un territoire jusque-l\u00e0 oubli\u00e9 des projets du Grand Paris. Reste \u00e0 en financer la r\u00e9alisation. D\u00e9cryptage.<\/p>\n<p><a href=\"https:\/\/94.citoyens.com\/2025\/wauquiez-ou-retailleau-comment-ont-vote-les-electeurs-republicains-dile-de-france,20-05-2025.html\" title=\"Wauquiez ou Retailleau\u00a0: comment ont vot\u00e9 les \u00e9lecteurs R\u00e9publicains d\u2019Ile-de-France\" class=\"visuel\" rel=\"nofollow noopener\" target=\"_blank\"> <img decoding=\"async\" src=\"https:\/\/www.europesays.com\/fr\/wp-content\/uploads\/2025\/06\/wauiez-retailleau-wcc-380x173.jpg\"  class=\"attachment-home-article wp-post-image lazyload\" alt=\"Wauquiez ou Retailleau\u00a0: comment ont vot\u00e9 les \u00e9lecteurs R\u00e9publicains d\u2019Ile-de-France\"\/>  \u00a9 WCC Gone JB Doat\t <\/a>  <img decoding=\"async\" class=\"icone-article-payant\" alt=\"Article r\u00e9serv\u00e9 aux abonn\u00e9s\" src=\"https:\/\/www.europesays.com\/fr\/wp-content\/uploads\/2025\/04\/sans_contour_32x32_couleur_originale.png\"\/>  <a href=\"https:\/\/94.citoyens.com\/2025\/wauquiez-ou-retailleau-comment-ont-vote-les-electeurs-republicains-dile-de-france,20-05-2025.html\" title=\"Wauquiez ou Retailleau\u00a0: comment ont vot\u00e9 les \u00e9lecteurs R\u00e9publicains d\u2019Ile-de-France\" rel=\"nofollow noopener\" target=\"_blank\"> Wauquiez ou Retailleau\u00a0: comment ont vot\u00e9 les \u00e9lecteurs R\u00e9publicains d\u2019Ile-de-France\t<\/a><\/p>\n<p>En Ile-de-France, 26 072 \u00e9lecteurs R\u00e9publicains ont vot\u00e9 ce week-end pour le nouveau pr\u00e9sident de leur f\u00e9d\u00e9ration, soit pr\u00e8s de 36% des \u00e9lecteurs LR du pays. Les 8 d\u00e9partements ont largement positionn\u00e9 l\u2019actuel ministre de l\u2019Int\u00e9rieur, Bruno Retailleau, en t\u00eate. D\u00e9tails.<\/p>\n","protected":false},"excerpt":{"rendered":"\u00a9 Umkreisel App Orages en Ile-de-France\u00a0: alerte m\u00e9t\u00e9o orange Jaune ce matin, l\u2019alerte vigilance de M\u00e9t\u00e9o France a&hellip;\n","protected":false},"author":2,"featured_media":203106,"comment_status":"","ping_status":"","sticky":false,"template":"","format":"standard","meta":{"footnotes":""},"categories":[1592],"tags":[1111,11,30855,34240,1936,14774,1777,674,28341,1011,27,3314,662,2487,2357,12,4594,626,23090,25,18341,1937,1945,2292,1938],"class_list":{"0":"post-203105","1":"post","2":"type-post","3":"status-publish","4":"format-standard","5":"has-post-thumbnail","7":"category-ile-de-france","8":"tag-actu","9":"tag-actualites","10":"tag-alerte-meteo","11":"tag-alerte-orange","12":"tag-essonne","13":"tag-est-parisien-2","14":"tag-eu","15":"tag-europe","16":"tag-fortes-pluies","17":"tag-fr","18":"tag-france","19":"tag-hauts-de-seine","20":"tag-ile-de-france","21":"tag-meteo","22":"tag-meteo-france","23":"tag-news","24":"tag-orages","25":"tag-paris","26":"tag-petite-couronne","27":"tag-republique-francaise","28":"tag-saint-denis","29":"tag-seine-et-marne","30":"tag-seine-saint-denis","31":"tag-val-doise","32":"tag-yvelines"},"share_on_mastodon":{"url":"https:\/\/pubeurope.com\/@fr\/114743783505208890","error":""},"_links":{"self":[{"href":"https:\/\/www.europesays.com\/fr\/wp-json\/wp\/v2\/posts\/203105","targetHints":{"allow":["GET"]}}],"collection":[{"href":"https:\/\/www.europesays.com\/fr\/wp-json\/wp\/v2\/posts"}],"about":[{"href":"https:\/\/www.europesays.com\/fr\/wp-json\/wp\/v2\/types\/post"}],"author":[{"embeddable":true,"href":"https:\/\/www.europesays.com\/fr\/wp-json\/wp\/v2\/users\/2"}],"replies":[{"embeddable":true,"href":"https:\/\/www.europesays.com\/fr\/wp-json\/wp\/v2\/comments?post=203105"}],"version-history":[{"count":0,"href":"https:\/\/www.europesays.com\/fr\/wp-json\/wp\/v2\/posts\/203105\/revisions"}],"wp:featuredmedia":[{"embeddable":true,"href":"https:\/\/www.europesays.com\/fr\/wp-json\/wp\/v2\/media\/203106"}],"wp:attachment":[{"href":"https:\/\/www.europesays.com\/fr\/wp-json\/wp\/v2\/media?parent=203105"}],"wp:term":[{"taxonomy":"category","embeddable":true,"href":"https:\/\/www.europesays.com\/fr\/wp-json\/wp\/v2\/categories?post=203105"},{"taxonomy":"post_tag","embeddable":true,"href":"https:\/\/www.europesays.com\/fr\/wp-json\/wp\/v2\/tags?post=203105"}],"curies":[{"name":"wp","href":"https:\/\/api.w.org\/{rel}","templated":true}]}}