{"id":203113,"date":"2025-06-25T11:35:11","date_gmt":"2025-06-25T11:35:11","guid":{"rendered":"https:\/\/www.europesays.com\/fr\/203113\/"},"modified":"2025-06-25T11:35:11","modified_gmt":"2025-06-25T11:35:11","slug":"municipales-a-paris-dans-lombre-de-rachida-dati-francis-szpiner-fait-un-pas-de-plus-vers-une-candidature","status":"publish","type":"post","link":"https:\/\/www.europesays.com\/fr\/203113\/","title":{"rendered":"Municipales \u00e0 Paris\u00a0: dans l\u2019ombre de Rachida Dati, Francis Szpiner fait un pas de plus vers une candidature"},"content":{"rendered":"<p class=\"paragraph text_align_left lp-f-body-02\">Francis Szpiner le conc\u00e8de bien volontiers, il n\u2019est pas un grand amateur de sondages. En 1998, <a href=\"https:\/\/www.leparisien.fr\/paris-75\/francis-szpiner-elu-senateur-mairie-du-xvie-cherche-remplacant-pas-trop-encombrant-25-09-2023-UZNUFN5MOJELXKISV7OZFK2AL4.php\" target=\"_blank\" rel=\"noreferrer nofollow noopener\">le t\u00e9nor du barreau<\/a> avait m\u00eame co\u00e9crit un petit ouvrage en forme de pamphlet, intitul\u00e9 \u00ab Les Moutons de panel : contre les sondages. \u00bb Presque trente ans plus tard, la r\u00e9cente enqu\u00eate Elabe pour La Tribune Dimanche et BFMTV ne risque pas de le r\u00e9concilier avec eux. Et pour cause, dans cette enqu\u00eate consacr\u00e9e aux <a href=\"https:\/\/www.leparisien.fr\/elections\/municipales\/municipales-paris\/\" target=\"_blank\" rel=\"noreferrer nofollow noopener\">\u00e9lections municipales parisiennes<\/a>, <a href=\"https:\/\/www.leparisien.fr\/paris-75\/paris-le-maire-du-xvie-francis-szpiner-sapprete-a-ceder-sa-place-a-son-premier-adjoint-dans-la-douleur-05-11-2023-RRNRGFECSFE2BI3OAYK7FIVYDY.php\" target=\"_blank\" rel=\"noreferrer nofollow noopener\">l\u2019ancien maire du XVIe arrondissement<\/a>, pourtant candidat d\u00e9clar\u00e9, n\u2019est m\u00eame pas \u00ab test\u00e9 \u00bb\u2026<\/p>\n<p class=\"paragraph text_align_left lp-f-body-02\">\u00ab Un journal macroniste \u00bb, \u00e9vacue, un brin agac\u00e9, le s\u00e9nateur (LR), qui a r\u00e9uni ses troupes \u2014 quelque 200 personnes \u2014 lundi soir dans l\u2019auditorium de l\u2019H\u00f4tel de Ville (IVe). L\u2019occasion pour l\u2019avocat de faire un pas de plus vers une candidature pour porter les couleurs des R\u00e9publicains, \u00ab fer de lance de l\u2019opposition \u00bb lors <a href=\"https:\/\/www.leparisien.fr\/elections\/municipales\/municipales-paris\/\" target=\"_self\" rel=\"nofollow noopener\">des municipales<\/a>.<\/p>\n","protected":false},"excerpt":{"rendered":"Francis Szpiner le conc\u00e8de bien volontiers, il n\u2019est pas un grand amateur de sondages. En 1998, le t\u00e9nor&hellip;\n","protected":false},"author":2,"featured_media":203114,"comment_status":"","ping_status":"","sticky":false,"template":"","format":"standard","meta":{"footnotes":""},"categories":[1888],"tags":[11,5949,1777,674,1011,27,3554,12,626,316,25],"class_list":{"0":"post-203113","1":"post","2":"type-post","3":"status-publish","4":"format-standard","5":"has-post-thumbnail","7":"category-paris","8":"tag-actualites","9":"tag-elections","10":"tag-eu","11":"tag-europe","12":"tag-fr","13":"tag-france","14":"tag-municipales","15":"tag-news","16":"tag-paris","17":"tag-politique","18":"tag-republique-francaise"},"share_on_mastodon":{"url":"https:\/\/pubeurope.com\/@fr\/114743799486222062","error":""},"_links":{"self":[{"href":"https:\/\/www.europesays.com\/fr\/wp-json\/wp\/v2\/posts\/203113","targetHints":{"allow":["GET"]}}],"collection":[{"href":"https:\/\/www.europesays.com\/fr\/wp-json\/wp\/v2\/posts"}],"about":[{"href":"https:\/\/www.europesays.com\/fr\/wp-json\/wp\/v2\/types\/post"}],"author":[{"embeddable":true,"href":"https:\/\/www.europesays.com\/fr\/wp-json\/wp\/v2\/users\/2"}],"replies":[{"embeddable":true,"href":"https:\/\/www.europesays.com\/fr\/wp-json\/wp\/v2\/comments?post=203113"}],"version-history":[{"count":0,"href":"https:\/\/www.europesays.com\/fr\/wp-json\/wp\/v2\/posts\/203113\/revisions"}],"wp:featuredmedia":[{"embeddable":true,"href":"https:\/\/www.europesays.com\/fr\/wp-json\/wp\/v2\/media\/203114"}],"wp:attachment":[{"href":"https:\/\/www.europesays.com\/fr\/wp-json\/wp\/v2\/media?parent=203113"}],"wp:term":[{"taxonomy":"category","embeddable":true,"href":"https:\/\/www.europesays.com\/fr\/wp-json\/wp\/v2\/categories?post=203113"},{"taxonomy":"post_tag","embeddable":true,"href":"https:\/\/www.europesays.com\/fr\/wp-json\/wp\/v2\/tags?post=203113"}],"curies":[{"name":"wp","href":"https:\/\/api.w.org\/{rel}","templated":true}]}}