{"id":203119,"date":"2025-06-25T11:38:09","date_gmt":"2025-06-25T11:38:09","guid":{"rendered":"https:\/\/www.europesays.com\/fr\/203119\/"},"modified":"2025-06-25T11:38:09","modified_gmt":"2025-06-25T11:38:09","slug":"sommet-des-affaires-usa-afrique-karim-zidane-sentretient-a-luanda-avec-plusieurs-de-ses-homologues","status":"publish","type":"post","link":"https:\/\/www.europesays.com\/fr\/203119\/","title":{"rendered":"Sommet des affaires USA-Afrique : Karim Zidane s&rsquo;entretient \u00e0 Luanda avec plusieurs de ses homologues"},"content":{"rendered":"<p>M. Zidane s\u2019\u00e9tait ainsi entretenu notamment avec Jos\u00e9 de Lima Massano, ministre d\u2019\u00c9tat charg\u00e9 de la coordination \u00e9conomique, Rui Migu\u00eans de Oliveira, ministre de l\u2019Industrie et du Commerce et Isaac Francisco Maria dos Anjos, ministre de l\u2019Agriculture et des For\u00eats de la R\u00e9publique d\u2019Angola.<\/p>\n<p>Il s\u2019est \u00e9galement entretenu avec Mohamed Chimi, ministre \u00e9gyptien du Secteur public des affaires de la R\u00e9publique arabe d\u2019\u00c9gypte.<\/p>\n<p>Ces \u00e9changes ont confirm\u00e9 une volont\u00e9 partag\u00e9e de renforcer des partenariats dynamiques et structurants, notamment dans les secteurs strat\u00e9giques de l\u2019investissement, de l\u2019industrie, de l\u2019agriculture et du commerce.<\/p>\n<p>M. Zidane a r\u00e9affirm\u00e9, \u00e0 cette occasion, que conform\u00e9ment aux Hautes Orientations de Sa Majest\u00e9 le Roi Mohammed VI, que Dieu L\u2019assiste, le Maroc \u0153uvre pour une coop\u00e9ration Sud-Sud durable, inclusive et mutuellement b\u00e9n\u00e9fique, s\u2019appuyant sur son positionnement dans les cha\u00eenes de valeur r\u00e9gionales et mondiales et sur son cadre attractif en mati\u00e8re d\u2019investissement.<\/p>\n<p>Initi\u00e9 sous le th\u00e8me \u00abLes voies de la prosp\u00e9rit\u00e9 : une vision commune du partenariat entre les \u00c9tats-Unis et l\u2019Afrique\u00bb, le 17\u00e8 Sommet des affaires USA-Afrique a officiellement ouvert ses travaux lundi dans la capitale angolaise, en pr\u00e9sence de chefs d\u2019Etat, de hauts responsables de gouvernements et de d\u00e9l\u00e9gations de plusieurs pays, dont le Maroc.<\/p>\n<p>Organis\u00e9 en pr\u00e9sence de plus de 1.500 participants, ce rassemblement constitue une plateforme majeure pour le dialogue \u00e9conomique et la construction de partenariats strat\u00e9giques durables entre les \u00c9tats-Unis et les pays africains.<\/p>\n<p><img loading=\"lazy\" decoding=\"async\" class=\"alignnone wp-image-414556 size-full\" src=\"https:\/\/www.europesays.com\/fr\/wp-content\/uploads\/2025\/06\/Karim-Zidane.jpg\" alt=\"\" width=\"1280\" height=\"960\"  \/><\/p>\n","protected":false},"excerpt":{"rendered":"M. Zidane s\u2019\u00e9tait ainsi entretenu notamment avec Jos\u00e9 de Lima Massano, ministre d\u2019\u00c9tat charg\u00e9 de la coordination \u00e9conomique,&hellip;\n","protected":false},"author":2,"featured_media":203120,"comment_status":"","ping_status":"","sticky":false,"template":"","format":"standard","meta":{"footnotes":""},"categories":[1589],"tags":[15201,11,15205,73,1866,4662,15202,15204,2223,12,15203,1864,1865,1863,308],"class_list":{"0":"post-203119","1":"post","2":"type-post","3":"status-publish","4":"format-standard","5":"has-post-thumbnail","7":"category-etats-unis","8":"tag-actualite-maroc","9":"tag-actualites","10":"tag-akhbar","11":"tag-etats-unis","12":"tag-etats-unis-damerique","13":"tag-journal","14":"tag-journal-maroc","15":"tag-lavieeco","16":"tag-maroc","17":"tag-news","18":"tag-press-maroc","19":"tag-united-states","20":"tag-united-states-of-america","21":"tag-us","22":"tag-usa"},"share_on_mastodon":{"url":"https:\/\/pubeurope.com\/@fr\/114743810892575103","error":""},"_links":{"self":[{"href":"https:\/\/www.europesays.com\/fr\/wp-json\/wp\/v2\/posts\/203119","targetHints":{"allow":["GET"]}}],"collection":[{"href":"https:\/\/www.europesays.com\/fr\/wp-json\/wp\/v2\/posts"}],"about":[{"href":"https:\/\/www.europesays.com\/fr\/wp-json\/wp\/v2\/types\/post"}],"author":[{"embeddable":true,"href":"https:\/\/www.europesays.com\/fr\/wp-json\/wp\/v2\/users\/2"}],"replies":[{"embeddable":true,"href":"https:\/\/www.europesays.com\/fr\/wp-json\/wp\/v2\/comments?post=203119"}],"version-history":[{"count":0,"href":"https:\/\/www.europesays.com\/fr\/wp-json\/wp\/v2\/posts\/203119\/revisions"}],"wp:featuredmedia":[{"embeddable":true,"href":"https:\/\/www.europesays.com\/fr\/wp-json\/wp\/v2\/media\/203120"}],"wp:attachment":[{"href":"https:\/\/www.europesays.com\/fr\/wp-json\/wp\/v2\/media?parent=203119"}],"wp:term":[{"taxonomy":"category","embeddable":true,"href":"https:\/\/www.europesays.com\/fr\/wp-json\/wp\/v2\/categories?post=203119"},{"taxonomy":"post_tag","embeddable":true,"href":"https:\/\/www.europesays.com\/fr\/wp-json\/wp\/v2\/tags?post=203119"}],"curies":[{"name":"wp","href":"https:\/\/api.w.org\/{rel}","templated":true}]}}