{"id":203123,"date":"2025-06-25T11:40:24","date_gmt":"2025-06-25T11:40:24","guid":{"rendered":"https:\/\/www.europesays.com\/fr\/203123\/"},"modified":"2025-06-25T11:40:24","modified_gmt":"2025-06-25T11:40:24","slug":"bkw-investit-dans-une-installation-de-batteries-en-allemagne","status":"publish","type":"post","link":"https:\/\/www.europesays.com\/fr\/203123\/","title":{"rendered":"BKW investit dans une installation de batteries en Allemagne"},"content":{"rendered":"<p class=\"lede\">Un v\u00e9hicule roulant \u00e0 contresens sur l&rsquo;autoroute A9 entre le tunnel de Glion et Villeneuve (VD) a \u00e9t\u00e9 signal\u00e9 par plusieurs t\u00e9moins mardi vers 02h10. Il a fini par \u00eatre intercept\u00e9 par la gendarmerie et son conducteur contr\u00f4l\u00e9 positif au test d\u2019alcool\u00e9mie. Aucun bless\u00e9 n\u2019est \u00e0 d\u00e9plorer.<\/p>\n<p>Ce v\u00e9hicule circulait sur la chauss\u00e9e c\u00f4t\u00e9 montagne en direction du Valais, alors que deux portions \u2013 notamment une dans le tunnel \u2013 \u00e9taient r\u00e9duites \u00e0 une seule voie en raison de travaux. A la hauteur du Centre de gendarmerie mobile de Rennaz, les gendarmes ont utilis\u00e9 une herse pour le stopper, a communiqu\u00e9 la police cantonale mercredi.<\/p>\n<p>Malgr\u00e9 cette intervention, le conducteur a poursuivi sa route en direction d\u2019Aigle avant de s\u2019arr\u00eater quelques kilom\u00e8tres plus loin pour effectuer un demi-tour. Il a \u00e9t\u00e9 interpell\u00e9 \u00e0 ce moment par une patrouille de gendarmerie. Personne n\u2019a \u00e9t\u00e9 bless\u00e9 lors de ces \u00e9v\u00e9nements.<\/p>\n<p>L\u2019automobiliste italien \u00e2g\u00e9 de 59 ans a \u00e9t\u00e9 emmen\u00e9 au CGM de Rennaz pour la suite de la proc\u00e9dure. Un contr\u00f4le d\u2019alcool\u00e9mie a r\u00e9v\u00e9l\u00e9 un taux de 1.16 mg\/l, soit 2.32 \u2030. Le conducteur a \u00e9t\u00e9 d\u00e9nonc\u00e9 aupr\u00e8s du Minist\u00e8re public et son permis de conduire a \u00e9t\u00e9 saisi sur-le-champ.<\/p>\n<p>En cas d\u2019annonce d\u2019un contresens sur l\u2019autoroute, la police demande aux automobilistes de se rabattre imp\u00e9rativement sur la voie droite, de ne d\u00e9passer sous aucun pr\u00e9texte, de quitter l\u2019autoroute \u00e0 la prochaine sortie et de se plier aux \u00e9ventuelles injonctions de la police.<\/p>\n<p>Cet article a \u00e9t\u00e9 publi\u00e9 automatiquement. Source : ats<\/p>\n","protected":false},"excerpt":{"rendered":"Un v\u00e9hicule roulant \u00e0 contresens sur l&rsquo;autoroute A9 entre le tunnel de Glion et Villeneuve (VD) a \u00e9t\u00e9&hellip;\n","protected":false},"author":2,"featured_media":203124,"comment_status":"","ping_status":"","sticky":false,"template":"","format":"standard","meta":{"footnotes":""},"categories":[1587],"tags":[11,672,1804,1805,1803,1777,674,1801,12,1802],"class_list":{"0":"post-203123","1":"post","2":"type-post","3":"status-publish","4":"format-standard","5":"has-post-thumbnail","7":"category-allemagne","8":"tag-actualites","9":"tag-allemagne","10":"tag-bundesrepublik-deutschland","11":"tag-de","12":"tag-deutschland","13":"tag-eu","14":"tag-europe","15":"tag-germany","16":"tag-news","17":"tag-republique-federale-dallemagne"},"share_on_mastodon":{"url":"https:\/\/pubeurope.com\/@fr\/114743818749966582","error":""},"_links":{"self":[{"href":"https:\/\/www.europesays.com\/fr\/wp-json\/wp\/v2\/posts\/203123","targetHints":{"allow":["GET"]}}],"collection":[{"href":"https:\/\/www.europesays.com\/fr\/wp-json\/wp\/v2\/posts"}],"about":[{"href":"https:\/\/www.europesays.com\/fr\/wp-json\/wp\/v2\/types\/post"}],"author":[{"embeddable":true,"href":"https:\/\/www.europesays.com\/fr\/wp-json\/wp\/v2\/users\/2"}],"replies":[{"embeddable":true,"href":"https:\/\/www.europesays.com\/fr\/wp-json\/wp\/v2\/comments?post=203123"}],"version-history":[{"count":0,"href":"https:\/\/www.europesays.com\/fr\/wp-json\/wp\/v2\/posts\/203123\/revisions"}],"wp:featuredmedia":[{"embeddable":true,"href":"https:\/\/www.europesays.com\/fr\/wp-json\/wp\/v2\/media\/203124"}],"wp:attachment":[{"href":"https:\/\/www.europesays.com\/fr\/wp-json\/wp\/v2\/media?parent=203123"}],"wp:term":[{"taxonomy":"category","embeddable":true,"href":"https:\/\/www.europesays.com\/fr\/wp-json\/wp\/v2\/categories?post=203123"},{"taxonomy":"post_tag","embeddable":true,"href":"https:\/\/www.europesays.com\/fr\/wp-json\/wp\/v2\/tags?post=203123"}],"curies":[{"name":"wp","href":"https:\/\/api.w.org\/{rel}","templated":true}]}}