{"id":203125,"date":"2025-06-25T11:41:08","date_gmt":"2025-06-25T11:41:08","guid":{"rendered":"https:\/\/www.europesays.com\/fr\/203125\/"},"modified":"2025-06-25T11:41:08","modified_gmt":"2025-06-25T11:41:08","slug":"un-plan-a-70-milliards-deuros-pour-relancer-sa-tech","status":"publish","type":"post","link":"https:\/\/www.europesays.com\/fr\/203125\/","title":{"rendered":"un plan \u00e0 70 milliards d&rsquo;euros pour relancer sa tech"},"content":{"rendered":"<p>Si on pouvait critiquer l\u2019Europe pour son retard pris dans le num\u00e9rique face \u00e0 la Chine et aux Etats-Unis, <strong>la tendance pourrait-elle s\u2019inverser \u00e0 terme&amp;nbsp?<\/strong><\/p>\n<p>Bien qu\u2019il soit encore trop t\u00f4t pour l\u2019affirmer avec certitude, les actions autour des investissements dans la tech ne cessent de se multiplier\u2026<\/p>\n<p>Une souverainet\u00e9 num\u00e9rique plus que n\u00e9cessaire&amp;nbsp?<\/p>\n<p>Alors que les Etats-Unis se concentrent davantage autour de l\u2019intelligence artificielle, <a href=\"https:\/\/siecledigital.fr\/2025\/01\/23\/stargate-un-ambitieux-projet-ia-de-500-milliards-de-dollars-orchestre-par-softbank-openai-et-oracle-avec-lappui-de-donald-trump\/\" rel=\"nofollow noopener\" target=\"_blank\">notamment avec le projet Stargate<\/a> annonc\u00e9 apr\u00e8s la seconde investiture de Donald Trump, l\u2019Europe semble d\u00e9termin\u00e9e \u00e0 se forger une nouvelle place dans l\u2019univers de la tech.<\/p>\n<p>En effet, le contexte g\u00e9opolitique \u00e9tant tr\u00e8s incertain, les projets qui pourraient permettre d\u2019apporter une <strong>souverainet\u00e9 num\u00e9rique<\/strong> au niveau europ\u00e9en n\u2019ont jamais \u00e9t\u00e9 aussi nombreux\u2026<\/p>\n<p>Il y a quelques jours, on apprenait d\u00e9j\u00e0 que le <strong>projet Je choisis la French Tech<\/strong> venait de franchir le milliard d\u2019euros investis, et viserait d\u00e9sormais \u00e0 <a href=\"https:\/\/siecledigital.fr\/2025\/06\/16\/je-choisis-la-french-tech-le-programme-franchit-le-cap-du-milliard-deuros-et-vise-leurope\/\" rel=\"nofollow noopener\" target=\"_blank\">se positionner sur toute l\u2019Europe<\/a> selon <strong>Clara Chappaz<\/strong>, Ministre d\u00e9l\u00e9gu\u00e9e charg\u00e9e de l\u2019Intelligence artificielle et du Num\u00e9rique.<\/p>\n<p>N\u00e9anmoins, c\u2019est une autre annonce qui vient tout juste d\u2019\u00eatre rendue publique qui pourrait bien <strong>faire acc\u00e9l\u00e9rer la tech europ\u00e9enne<\/strong>\u2026<\/p>\n<p>TechEU, le nouveau programme de financement de la tech europ\u00e9enne<\/p>\n<p>C\u2019est une d\u00e9cision historique que le <strong>Groupe BEI<\/strong> (Banque Europ\u00e9enne d\u2019Investissement) vient de prendre, et qui pourrait changer l\u2019avenir de la tech europ\u00e9enne. Et si <strong>le projet doit encore \u00eatre approuv\u00e9 par les 27 \u00c9tats membres de l\u2019Union Europ\u00e9enne<\/strong>, la proc\u00e9dure semble tr\u00e8s bien engag\u00e9e.<\/p>\n<p>Dans un <a href=\"https:\/\/www.eib.org\/fr\/press\/news\/president-calvino-tech-firms-innovators-handelsblatt\" target=\"_blank\" rel=\"noopener nofollow\">entretien avec Nadia Calvi\u00f1o<\/a>, pr\u00e9sidente du groupe, on apprend qu\u2019un <strong>financement de 70 milliards d\u2019euros<\/strong> serait en cours pour les start-up europ\u00e9ennes, avec 2027 comme horizon.<\/p>\n<p>Avec un lancement pr\u00e9vu avant la fin de l\u2019ann\u00e9e, le programme TechEU permettra aux entreprises europ\u00e9ennes d\u2019<strong>exprimer leurs besoins financiers plus facilement<\/strong>, gr\u00e2ce \u00e0 une collaboration avec la <strong>Commission europ\u00e9enne<\/strong> et des <strong>banques europ\u00e9ennes<\/strong>.<\/p>\n<p>Un moyen d\u2019attirer les investisseurs priv\u00e9s&amp;nbsp?<\/p>\n<p>M\u00eame si le premier objectif de ce projet reste la comp\u00e9titivit\u00e9 de l\u2019Europe <strong>face \u00e0 un contexte \u00e9conomique tr\u00e8s incertain<\/strong>, le Groupe BEI souhaite \u00e9galement attirer les investisseurs priv\u00e9s avec TechEU.<\/p>\n<p>Dans une entrevue <a href=\"https:\/\/www.handelsblatt.com\/politik\/international\/eu-foerderbank-eib-will-70-milliarden-fuer-tech-firmen-und-forscher-bereitstellen\/100127812.html\" target=\"_blank\" rel=\"noopener nofollow\">publi\u00e9e sur le journal allemand Handelsblatt<\/a>, Nadia Calvi\u00f1o affirme que ce projet devrait apporter un <strong>investissement massif de 250 milliards d\u2019euros<\/strong> de la part d\u2019investisseurs.<\/p>\n<p>Et si certains analystes am\u00e9ricains estiment que les derni\u00e8res d\u00e9cisions de Donald Trump pourraient amener \u00e0 une \u00ab\u00a0<strong>fuite des cerveaux<\/strong>\u00a0\u00bb am\u00e9ricains, comme on peut le lire dans un <a href=\"https:\/\/www.foreignaffairs.com\/united-states\/trump-universities-war-america-coming-brain-drain\" target=\"_blank\" rel=\"noopener nofollow\">article de Foreign Affairs<\/a> mentionn\u00e9 dans le communiqu\u00e9 du Groupe BEI, l\u2019Europe pourrait \u00eatre un nouveau terrain de jeu pour la tech\u2026<\/p>\n","protected":false},"excerpt":{"rendered":"Si on pouvait critiquer l\u2019Europe pour son retard pris dans le num\u00e9rique face \u00e0 la Chine et aux&hellip;\n","protected":false},"author":2,"featured_media":203126,"comment_status":"","ping_status":"","sticky":false,"template":"","format":"standard","meta":{"footnotes":""},"categories":[1586],"tags":[11,1777,674,1011,27,12,25,675],"class_list":{"0":"post-203125","1":"post","2":"type-post","3":"status-publish","4":"format-standard","5":"has-post-thumbnail","7":"category-europe","8":"tag-actualites","9":"tag-eu","10":"tag-europe","11":"tag-fr","12":"tag-france","13":"tag-news","14":"tag-republique-francaise","15":"tag-start-up"},"share_on_mastodon":{"url":"https:\/\/pubeurope.com\/@fr\/114743822701241593","error":""},"_links":{"self":[{"href":"https:\/\/www.europesays.com\/fr\/wp-json\/wp\/v2\/posts\/203125","targetHints":{"allow":["GET"]}}],"collection":[{"href":"https:\/\/www.europesays.com\/fr\/wp-json\/wp\/v2\/posts"}],"about":[{"href":"https:\/\/www.europesays.com\/fr\/wp-json\/wp\/v2\/types\/post"}],"author":[{"embeddable":true,"href":"https:\/\/www.europesays.com\/fr\/wp-json\/wp\/v2\/users\/2"}],"replies":[{"embeddable":true,"href":"https:\/\/www.europesays.com\/fr\/wp-json\/wp\/v2\/comments?post=203125"}],"version-history":[{"count":0,"href":"https:\/\/www.europesays.com\/fr\/wp-json\/wp\/v2\/posts\/203125\/revisions"}],"wp:featuredmedia":[{"embeddable":true,"href":"https:\/\/www.europesays.com\/fr\/wp-json\/wp\/v2\/media\/203126"}],"wp:attachment":[{"href":"https:\/\/www.europesays.com\/fr\/wp-json\/wp\/v2\/media?parent=203125"}],"wp:term":[{"taxonomy":"category","embeddable":true,"href":"https:\/\/www.europesays.com\/fr\/wp-json\/wp\/v2\/categories?post=203125"},{"taxonomy":"post_tag","embeddable":true,"href":"https:\/\/www.europesays.com\/fr\/wp-json\/wp\/v2\/tags?post=203125"}],"curies":[{"name":"wp","href":"https:\/\/api.w.org\/{rel}","templated":true}]}}