{"id":203133,"date":"2025-06-25T11:45:11","date_gmt":"2025-06-25T11:45:11","guid":{"rendered":"https:\/\/www.europesays.com\/fr\/203133\/"},"modified":"2025-06-25T11:45:11","modified_gmt":"2025-06-25T11:45:11","slug":"vers-un-financement-de-lotan-a-hauteur-de-5-du-pib-a-quoi-ca-correspond-a-lechelle-de-la-france","status":"publish","type":"post","link":"https:\/\/www.europesays.com\/fr\/203133\/","title":{"rendered":"Vers un financement de l&rsquo;Otan \u00e0 hauteur de 5% du PIB, \u00e0 quoi \u00e7a correspond \u00e0 l\u2019\u00e9chelle de la France ?"},"content":{"rendered":"<ul class=\"jsx-862013697 ArticleChapo__List\">\n<li class=\"jsx-862013697 ArticleChapo__List_Item flex\">Les 32 pays de l&rsquo;Otan se sont accord\u00e9s dimanche 22 juin pour fixer \u00e0 5 % de leur PIB leur objectif de d\u00e9penses annuelles en mati\u00e8re de d\u00e9fense et de s\u00e9curit\u00e9, d&rsquo;ici \u00e0 2035.<\/li>\n<li class=\"jsx-862013697 ArticleChapo__List_Item flex\">Ce compromis a \u00e9t\u00e9 trouv\u00e9 face \u00e0 l&rsquo;insistance des \u00c9tats-Unis de Donald Trump.<\/li>\n<li class=\"jsx-862013697 ArticleChapo__List_Item flex\">\u00c0 quoi cela correspondrait pour la France ?<\/li>\n<\/ul>\n<p data-module=\"article-paragraph\" class=\"jsx-3046738180 Paragraph\">Un objectif ambitieux pour contenter Donald Trump. Face \u00e0 la pression mise par le pr\u00e9sident r\u00e9publicain, sous peine de voir les \u00c9tats-Unis quitter l&rsquo;alliance, les 32 pays de l&rsquo;Otan ont accept\u00e9 de porter \u00e0 5 % de leur PIB, d&rsquo;ici \u00e0 2035, leur objectif de d\u00e9penses annuelles en mati\u00e8re de d\u00e9fense et de s\u00e9curit\u00e9. \u00ab\u00a0C&rsquo;est une grande victoire pour tout le monde\u00a0\u00bb, s&rsquo;est f\u00e9licit\u00e9 Donald Trump, mercredi 25 juin, lors du sommet de l&rsquo;organisation militaire \u00e0 La Haye. \u00ab\u00a0Je leur (aux pays europ\u00e9ens et au Canada, ndlr) demande de passer \u00e0 5% depuis des ann\u00e9es, et ils passent \u00e0 5%. C&rsquo;est \u00e9norme (&#8230;). L&rsquo;Otan va devenir tr\u00e8s forte avec nous\u00a0\u00bb, a-t-il encore lanc\u00e9.\u00a0<\/p>\n<p data-module=\"article-paragraph\" class=\"jsx-3046738180 Paragraph Paragraph__End\">Dans les faits, un petit tour de passe-passe comptable devrait permettre d&rsquo;adoucir les contraintes pesant sur les pays de l&rsquo;UE : l&rsquo;accord pr\u00e9voit des d\u00e9penses militaires stricto sensu \u00e0 3,5 % du PIB, compl\u00e9t\u00e9es par celles pour s\u00e9curit\u00e9 au sens large (1,5%), c&rsquo;est-\u00e0-dire tout ce qui a trait aux forces de l&rsquo;ordre, mais aussi \u00e0 la <a href=\"https:\/\/www.tf1info.fr\/high-tech\/cybersecurite-la-cnil-tire-la-sonnette-d-alarme-face-aux-violations-de-donnees-d-une-ampleur-inedite-2367786.html\" target=\"_blank\" rel=\"noopener\">cybers\u00e9curit\u00e9<\/a>, au soutien \u00e0 l&rsquo;industrie ou encore aux investissements en termes d&rsquo;infrastructures. Mais \u00e0 quoi cela correspondrait pour la France ?\u00a0<\/p>\n<p>La France au-dessus des 2% du PIB pour la d\u00e9fense mais&#8230;<\/p>\n<p data-module=\"article-paragraph\" class=\"jsx-3046738180 Paragraph\">En 2024, derni\u00e8re ann\u00e9e pour laquelle les donn\u00e9es sont disponibles, le PIB de la France en valeur (ajust\u00e9 en fonction de l&rsquo;\u00e9volution g\u00e9n\u00e9rale des prix, donc de l&rsquo;inflation) s&rsquo;\u00e9levait \u00e0 2.917,4 milliards d&rsquo;euros. En partant de ce chiffre, une part de 5% repr\u00e9senterait un peu plus de 145 milliards d&rsquo;euros. \u00c0 titre de comparaison, sur cette m\u00eame ann\u00e9e, 140 milliards d&rsquo;euros ont \u00e9t\u00e9 d\u00e9pens\u00e9s par la France dans les divers remboursements, 133 milliards d&rsquo;euros pour les avances aux collectivit\u00e9s territoriales, 87 milliards d&rsquo;euros pour l&rsquo;enseignement scolaire ou encore 24 milliards d&rsquo;euros pour l&rsquo;\u00e9cologie, selon les<a href=\"https:\/\/www.budget.gouv.fr\/budget-etat\/mission?annee=143&amp;loi_finances=47&amp;type_budget=all&amp;mission=&amp;type_donnee_budget=ae&amp;op=Valider\" target=\"_blank\" rel=\"noopener\"> donn\u00e9es du minist\u00e8re du Budget<\/a>.\u00a0<\/p>\n<p data-module=\"article-paragraph\" class=\"jsx-3046738180 Paragraph Paragraph__End\">Regardons d\u00e9sormais ce qu&rsquo;il en est de la d\u00e9fense. Toujours en 2024 et toujours selon les donn\u00e9es du gouvernement, 68 milliards d&rsquo;euros ont \u00e9t\u00e9 consacr\u00e9s \u00e0 la d\u00e9fense (\u00ab\u00a0soutien de la politique de la d\u00e9fense\u00a0\u00bb, \u00ab\u00a0\u00e9quipement des forces\u00a0\u00bb et \u00ab\u00a0pr\u00e9paration\/emploi de forces\u00a0\u00bb), soit 2,33% du <a href=\"https:\/\/www.tf1info.fr\/international\/depenses-militaires-emmanuel-macron-refuse-d-aller-au-dela-de-3-5-du-pib-comme-le-reclament-les-etats-unis-2371398.html\" target=\"_blank\" rel=\"noopener\">PIB<\/a>. \u00c0 cela, il faut ajouter les pensions militaires. Les pensions militaires repr\u00e9sentent \u00ab\u00a0environ 15 % des d\u00e9penses totales du programme des pensions civiles et militaires de retraite en France\u00a0\u00bb, rapporte le site de la<a href=\"https:\/\/formation-publique.com\/retraite-des-militaires-combien-coutent-elles-a-letat\/\" rel=\"nofollow noopener\" target=\"_blank\"> Formation publique<\/a>. En 2024, cela repr\u00e9sente donc environ 10 milliards d&rsquo;euros, soit 0,34%. On parle ainsi d&rsquo;un total de 2,7% du PIB pour la d\u00e9fense. \u00ab\u00a0La France est un alli\u00e9 fiable. Elle a rempli l&rsquo;engagement pris en 2014 et consacre en 2024 plus de 2% du PIB \u00e0 l&rsquo;effort de d\u00e9fense\u00a0\u00bb, s&rsquo;est r\u00e9joui en f\u00e9vrier dernier le ministre des Arm\u00e9es, S\u00e9bastien Lecornu. En comparaison, l\u2019effort europ\u00e9en (UE-27) atteignait 1,9 % sur cette p\u00e9riode.\u00a0<\/p>\n<p><a href=\"https:\/\/www.tf1info.fr\/international\/guerre-en-ukraine-russie-mark-rutte-le-danger-ne-disparaitra-pas-le-patron-de-l-otan-veut-augmenter-de-400-ses-capacites-de-defense-aerienne-2375842.html\" rel=\"noopener\" class=\"jsx-3308031228 Link flex\" target=\"_blank\"><img decoding=\"async\" src=\"https:\/\/www.europesays.com\/fr\/wp-content\/uploads\/2025\/06\/mark-rutte-15-mai-2025-turquie-453095-0@1x.jpeg\" alt=\"AFP\" loading=\"lazy\" importance=\"low\" fetchpriority=\"low\" class=\"\"\/><\/p>\n<p class=\"jsx-3657663356 ReadMoreArticle__Title\">Lire aussi<\/p>\n<p class=\"jsx-3657663356\">\u00ab\u00a0Le danger ne dispara\u00eetra pas\u00a0\u00bb : le patron de l&rsquo;Otan veut augmenter de 400% les capacit\u00e9s de d\u00e9fense a\u00e9rienne<\/p>\n<p><\/a><\/p>\n<p data-module=\"article-paragraph\" class=\"jsx-3046738180 Paragraph Paragraph__End\">En parall\u00e8le, la France investit quelque 25 milliards d&rsquo;euros dans les \u00ab\u00a0s\u00e9curit\u00e9s\u00a0\u00bb, une cat\u00e9gorie qui regroupe \u00ab\u00a0gendarmerie nationale\u00a0\u00bb, \u00ab\u00a0s\u00e9curit\u00e9 civile\u00a0\u00bb et \u00ab\u00a0police nationale\u00a0\u00bb. En rapportant au PIB, l&rsquo;impact est relativement mineur (0,86%). \u00c0 cela, il faut sans doute ajouter diverses d\u00e9penses, comme la cybers\u00e9curit\u00e9, dont le d\u00e9tail n&rsquo;appara\u00eet pas sur le site du minist\u00e8re du Budget. De quoi certainement atteindre le seuil de 1%. Toujours est-il que si l&rsquo;Hexagone est bien engag\u00e9 dans une trajectoire de forts investissements en mati\u00e8re de d\u00e9fense, il reste encore une marge assez importante pour arriver \u00e0 l&rsquo;objectif des 5% en 2035. Or, il ne sera pas ais\u00e9 d&rsquo;atteindre cette marque dans un contexte budg\u00e9taire ultra-tendu, o\u00f9 l&rsquo;ex\u00e9cutif multiplie les pistes pour\u00a0tenter de trouver 40 milliards d&rsquo;\u00e9conomies pour l&rsquo;ann\u00e9e 2026. Et la France n&rsquo;est sans doute pas le seul pays dans une telle situation.\u00a0<\/p>\n<p>M.G<\/p>\n","protected":false},"excerpt":{"rendered":"Les 32 pays de l&rsquo;Otan se sont accord\u00e9s dimanche 22 juin pour fixer \u00e0 5 % de leur&hellip;\n","protected":false},"author":2,"featured_media":203134,"comment_status":"","ping_status":"","sticky":false,"template":"","format":"standard","meta":{"footnotes":""},"categories":[4],"tags":[1111,11,1921,75,73,1011,27,1922,12,136,25,11067,364,133,1920],"class_list":{"0":"post-203133","1":"post","2":"type-post","3":"status-publish","4":"format-standard","5":"has-post-thumbnail","7":"category-france","8":"tag-actu","9":"tag-actualites","10":"tag-article-video","11":"tag-donald-trump","12":"tag-etats-unis","13":"tag-fr","14":"tag-france","15":"tag-info","16":"tag-news","17":"tag-otan","18":"tag-republique-francaise","19":"tag-sebastien-lecornu","20":"tag-union-europeenne","21":"tag-video","22":"tag-video-international"},"share_on_mastodon":{"url":"https:\/\/pubeurope.com\/@fr\/114743838133430171","error":""},"_links":{"self":[{"href":"https:\/\/www.europesays.com\/fr\/wp-json\/wp\/v2\/posts\/203133","targetHints":{"allow":["GET"]}}],"collection":[{"href":"https:\/\/www.europesays.com\/fr\/wp-json\/wp\/v2\/posts"}],"about":[{"href":"https:\/\/www.europesays.com\/fr\/wp-json\/wp\/v2\/types\/post"}],"author":[{"embeddable":true,"href":"https:\/\/www.europesays.com\/fr\/wp-json\/wp\/v2\/users\/2"}],"replies":[{"embeddable":true,"href":"https:\/\/www.europesays.com\/fr\/wp-json\/wp\/v2\/comments?post=203133"}],"version-history":[{"count":0,"href":"https:\/\/www.europesays.com\/fr\/wp-json\/wp\/v2\/posts\/203133\/revisions"}],"wp:featuredmedia":[{"embeddable":true,"href":"https:\/\/www.europesays.com\/fr\/wp-json\/wp\/v2\/media\/203134"}],"wp:attachment":[{"href":"https:\/\/www.europesays.com\/fr\/wp-json\/wp\/v2\/media?parent=203133"}],"wp:term":[{"taxonomy":"category","embeddable":true,"href":"https:\/\/www.europesays.com\/fr\/wp-json\/wp\/v2\/categories?post=203133"},{"taxonomy":"post_tag","embeddable":true,"href":"https:\/\/www.europesays.com\/fr\/wp-json\/wp\/v2\/tags?post=203133"}],"curies":[{"name":"wp","href":"https:\/\/api.w.org\/{rel}","templated":true}]}}