{"id":203150,"date":"2025-06-25T11:57:11","date_gmt":"2025-06-25T11:57:11","guid":{"rendered":"https:\/\/www.europesays.com\/fr\/203150\/"},"modified":"2025-06-25T11:57:11","modified_gmt":"2025-06-25T11:57:11","slug":"charnay-les-macon-le-marche-du-livre-doccasion-a-encore-eu-du-succes","status":"publish","type":"post","link":"https:\/\/www.europesays.com\/fr\/203150\/","title":{"rendered":"Charnay-l\u00e8s-M\u00e2con. Le march\u00e9 du livre d\u2019occasion a encore eu du succ\u00e8s"},"content":{"rendered":"<p>Comme les ann\u00e9es pr\u00e9c\u00e9dentes, le march\u00e9 du livre d\u2019occasion organis\u00e9 par la Ville a eu lieu dimanche 22\u00a0juin, sur la place Mommessin. Il a connu une belle fr\u00e9quentation avec quelque 70 exposants qui proposaient des ouvrages jeunesse, des bandes dessin\u00e9es, des romans, des documentaires et des revues \u00e0 petits prix. L\u2019occasion de faire de belles affaires.<\/p>\n","protected":false},"excerpt":{"rendered":"Comme les ann\u00e9es pr\u00e9c\u00e9dentes, le march\u00e9 du livre d\u2019occasion organis\u00e9 par la Ville a eu lieu dimanche 22\u00a0juin,&hellip;\n","protected":false},"author":2,"featured_media":203151,"comment_status":"","ping_status":"","sticky":false,"template":"","format":"standard","meta":{"footnotes":""},"categories":[1357],"tags":[1379,5738,11679,8448,1687,58,3718,59,107,1011,27,1380,5981,3365],"class_list":{"0":"post-203150","1":"post","2":"type-post","3":"status-publish","4":"format-standard","5":"has-post-thumbnail","7":"category-livres","8":"tag-books","9":"tag-bourses","10":"tag-brocantes","11":"tag-charnay-les-macon","12":"tag-culture-loisirs","13":"tag-divertissement","14":"tag-edition-macon","15":"tag-entertainment","16":"tag-fil-info","17":"tag-fr","18":"tag-france","19":"tag-livres","20":"tag-macon-bassin","21":"tag-vide-greniers"},"share_on_mastodon":{"url":"https:\/\/pubeurope.com\/@fr\/114743885395278305","error":""},"_links":{"self":[{"href":"https:\/\/www.europesays.com\/fr\/wp-json\/wp\/v2\/posts\/203150","targetHints":{"allow":["GET"]}}],"collection":[{"href":"https:\/\/www.europesays.com\/fr\/wp-json\/wp\/v2\/posts"}],"about":[{"href":"https:\/\/www.europesays.com\/fr\/wp-json\/wp\/v2\/types\/post"}],"author":[{"embeddable":true,"href":"https:\/\/www.europesays.com\/fr\/wp-json\/wp\/v2\/users\/2"}],"replies":[{"embeddable":true,"href":"https:\/\/www.europesays.com\/fr\/wp-json\/wp\/v2\/comments?post=203150"}],"version-history":[{"count":0,"href":"https:\/\/www.europesays.com\/fr\/wp-json\/wp\/v2\/posts\/203150\/revisions"}],"wp:featuredmedia":[{"embeddable":true,"href":"https:\/\/www.europesays.com\/fr\/wp-json\/wp\/v2\/media\/203151"}],"wp:attachment":[{"href":"https:\/\/www.europesays.com\/fr\/wp-json\/wp\/v2\/media?parent=203150"}],"wp:term":[{"taxonomy":"category","embeddable":true,"href":"https:\/\/www.europesays.com\/fr\/wp-json\/wp\/v2\/categories?post=203150"},{"taxonomy":"post_tag","embeddable":true,"href":"https:\/\/www.europesays.com\/fr\/wp-json\/wp\/v2\/tags?post=203150"}],"curies":[{"name":"wp","href":"https:\/\/api.w.org\/{rel}","templated":true}]}}