{"id":203158,"date":"2025-06-25T12:01:10","date_gmt":"2025-06-25T12:01:10","guid":{"rendered":"https:\/\/www.europesays.com\/fr\/203158\/"},"modified":"2025-06-25T12:01:10","modified_gmt":"2025-06-25T12:01:10","slug":"le-chikungunya-circule-a-un-niveau-jamais-vu-en-metropole-aussi-tot-dans-lannee-actualites","status":"publish","type":"post","link":"https:\/\/www.europesays.com\/fr\/203158\/","title":{"rendered":"Le chikungunya circule \u00e0 un niveau jamais vu en m\u00e9tropole aussi t\u00f4t dans l&rsquo;ann\u00e9e : Actualit\u00e9s"},"content":{"rendered":"<p class=\"lead \">Le chikungunya circule \u00e0 un niveau sans pr\u00e9c\u00e9dent aussi t\u00f4t dans l&rsquo;ann\u00e9e en m\u00e9tropole, avec huit cas autochtones d\u00e9tect\u00e9s pour l&rsquo;heure, a signal\u00e9 mercredi l&rsquo;agence de sant\u00e9 publique, \u00e9tablissant un lien clair avec l&rsquo;\u00e9pid\u00e9mie en cours depuis plusieurs mois \u00e0 La R\u00e9union.<\/p>\n<p class=\"lead \">\u00ab\u00a0Ces cas autochtones, dont les premiers sympt\u00f4mes sont apparus entre le 27 mai et le 19 juin, sont les plus pr\u00e9coces jamais identifi\u00e9s en France hexagonale\u00a0\u00bb, souligne Sant\u00e9 publique France dans un bilan hebdomadaire.<\/p>\n<p class=\"lead \">Un cas autochtone signifie que la contamination a eu lieu sur place et non hors du territoire. Cela veut donc dire que le virus du chikungunya, qui se transmet via des piq\u00fbres de moustiques tigres, circule activement dans l&rsquo;Hexagone.<\/p>\n<p class=\"lead \">Pour l&rsquo;heure, huit cas autochtones ont \u00e9t\u00e9 d\u00e9tect\u00e9s, tous dans le Sud du pays: dans l&rsquo;H\u00e9rault, le Var, les Bouches-du-Rh\u00f4ne, la Dr\u00f4me, le Gard et en Corse.<\/p>\n<p class=\"lead \">\u00ab\u00a0Une telle pr\u00e9cocit\u00e9 dans la saison d&rsquo;activit\u00e9 du moustique et un nombre aussi \u00e9lev\u00e9 d&rsquo;\u00e9pisodes n&rsquo;avaient jamais \u00e9t\u00e9 observ\u00e9s jusqu&rsquo;\u00e0 pr\u00e9sent\u00a0\u00bb, insiste Sant\u00e9 publique France.<\/p>\n<p class=\"lead \">L&rsquo;agence avait d\u00e9j\u00e0 pr\u00e9venu la semaine derni\u00e8re que les premiers cas \u00e9taient les plus pr\u00e9coces jamais identifi\u00e9s en m\u00e9tropole, mais, avec cette acc\u00e9l\u00e9ration, elle se montre cette fois encore plus affirmative sur le caract\u00e8re sans pr\u00e9c\u00e9dent de cette ann\u00e9e.<\/p>\n<p class=\"lead \">De plus, Sant\u00e9 publique France dit avoir \u00e9tabli un lien clair entre plusieurs cas apparus en m\u00e9tropole et l&rsquo;\u00e9pid\u00e9mie actuellement en cours outre-mer \u00e0 La R\u00e9union, o\u00f9 quelque 200.000 habitants ont \u00e9t\u00e9 contamin\u00e9s depuis mars pour une vingtaine de d\u00e9c\u00e8s.<\/p>\n<p class=\"lead \">\u00ab\u00a0Pour au moins deux cas autochtones, l\u2019identification de cas vir\u00e9miques en provenance de La R\u00e9union (est) probablement \u00e0 l&rsquo;origine de la transmission locale\u00a0\u00bb, souligne l&rsquo;agence.<\/p>\n<p class=\"lead \">M\u00eame si l&rsquo;on ne peut pas parler \u00e0 ce stade d&rsquo;\u00e9pid\u00e9mie en m\u00e9tropole, ce constat alimente la crainte d&rsquo;une transmission \u00e9pid\u00e9mique entre La R\u00e9union et l&rsquo;Hexagone. Ce risque est \u00e9voqu\u00e9 depuis plusieurs semaines par les autorit\u00e9s sanitaires.<\/p>\n<p class=\"lead \">Il est d&rsquo;autant plus accru avec le retour des fortes chaleurs en m\u00e9tropole. Les temp\u00e9ratures \u00e9lev\u00e9es contribuent en effet \u00e0 la circulation du moustique tigre, un ph\u00e9nom\u00e8ne accentu\u00e9 par le r\u00e9chauffement climatique.<\/p>\n<p class=\"lead \">Parall\u00e8lement \u00e0 La R\u00e9union, o\u00f9 l&rsquo;\u00e9pid\u00e9mie s&rsquo;att\u00e9nue d\u00e9sormais franchement avec l&rsquo;arriv\u00e9e de l&rsquo;hiver austral, une autre \u00e9pid\u00e9mie de chikungunya est par ailleurs en cours \u00e0 Mayotte. Mais son ampleur est difficile \u00e0 d\u00e9terminer, les autorit\u00e9s jugeant que le nombre de cas d\u00e9clar\u00e9s est probablement inf\u00e9rieur \u00e0 la r\u00e9alit\u00e9.<\/p>\n<p class=\"small font-weight-bold text-gray3 \"> publi\u00e9 le 25 juin \u00e0 12h11, AFP<\/p>\n<p>                             Partager<\/p>\n","protected":false},"excerpt":{"rendered":"Le chikungunya circule \u00e0 un niveau sans pr\u00e9c\u00e9dent aussi t\u00f4t dans l&rsquo;ann\u00e9e en m\u00e9tropole, avec huit cas autochtones&hellip;\n","protected":false},"author":2,"featured_media":203159,"comment_status":"","ping_status":"","sticky":false,"template":"","format":"standard","meta":{"footnotes":""},"categories":[10],"tags":[4009,1129,1011,27,72,585,71,5336],"class_list":{"0":"post-203158","1":"post","2":"type-post","3":"status-publish","4":"format-standard","5":"has-post-thumbnail","7":"category-sante","8":"tag-pidmie","9":"tag-climat","10":"tag-fr","11":"tag-france","12":"tag-health","13":"tag-sant","14":"tag-sante","15":"tag-virus"},"share_on_mastodon":{"url":"https:\/\/pubeurope.com\/@fr\/114743901186460508","error":""},"_links":{"self":[{"href":"https:\/\/www.europesays.com\/fr\/wp-json\/wp\/v2\/posts\/203158","targetHints":{"allow":["GET"]}}],"collection":[{"href":"https:\/\/www.europesays.com\/fr\/wp-json\/wp\/v2\/posts"}],"about":[{"href":"https:\/\/www.europesays.com\/fr\/wp-json\/wp\/v2\/types\/post"}],"author":[{"embeddable":true,"href":"https:\/\/www.europesays.com\/fr\/wp-json\/wp\/v2\/users\/2"}],"replies":[{"embeddable":true,"href":"https:\/\/www.europesays.com\/fr\/wp-json\/wp\/v2\/comments?post=203158"}],"version-history":[{"count":0,"href":"https:\/\/www.europesays.com\/fr\/wp-json\/wp\/v2\/posts\/203158\/revisions"}],"wp:featuredmedia":[{"embeddable":true,"href":"https:\/\/www.europesays.com\/fr\/wp-json\/wp\/v2\/media\/203159"}],"wp:attachment":[{"href":"https:\/\/www.europesays.com\/fr\/wp-json\/wp\/v2\/media?parent=203158"}],"wp:term":[{"taxonomy":"category","embeddable":true,"href":"https:\/\/www.europesays.com\/fr\/wp-json\/wp\/v2\/categories?post=203158"},{"taxonomy":"post_tag","embeddable":true,"href":"https:\/\/www.europesays.com\/fr\/wp-json\/wp\/v2\/tags?post=203158"}],"curies":[{"name":"wp","href":"https:\/\/api.w.org\/{rel}","templated":true}]}}