{"id":203168,"date":"2025-06-25T12:06:12","date_gmt":"2025-06-25T12:06:12","guid":{"rendered":"https:\/\/www.europesays.com\/fr\/203168\/"},"modified":"2025-06-25T12:06:12","modified_gmt":"2025-06-25T12:06:12","slug":"larriere-pensee-flagrante-de-jean-luc-melenchon-au-moment-de-feliciter-le-candidat-democrate-a-new-york","status":"publish","type":"post","link":"https:\/\/www.europesays.com\/fr\/203168\/","title":{"rendered":"L\u2019arri\u00e8re-pens\u00e9e (flagrante) de Jean-Luc M\u00e9lenchon au moment de f\u00e9liciter le candidat d\u00e9mocrate \u00e0 New York"},"content":{"rendered":"<p>        <img decoding=\"async\" loading=\"lazy\" src=\"https:\/\/www.europesays.com\/fr\/wp-content\/uploads\/2025\/06\/adfa87f_1685973144549-000-33be4u3-1.jpg\"  width=\"728\" height=\"409\" alt=\"Jean-Luc M\u00e9lenchon salue la victoire de Zohran Mamdani \u00e0 la primaire d\u00e9mocrate de New York.\"\/>  <\/p>\n<p>EMMANUEL DUNAND \/ AFP<\/p>\n<p>Jean-Luc M\u00e9lenchon salue la victoire de Zohran Mamdani \u00e0 la primaire d\u00e9mocrate de New York.<\/p>\n<p class=\"asset asset-text\">POLITIQUE &#8211; Une petite victoire au go\u00fbt de lendemains qui chantent\u00a0? En s\u2019imposant largement \u00e0 <a href=\"https:\/\/www.huffingtonpost.fr\/international\/video\/a-new-york-zohran-mamdani-est-devenu-le-chouchou-de-la-gen-z-pour-la-mairie-sur-tiktok_251698.html\" target=\"_blank\" rel=\"noopener\">la primaire d\u00e9mocrate pour la mairie de New York<\/a>, Zohran Mamdani a d\u00e9jou\u00e9 tous les sondages. Personne ne le voyait sortir vainqueur face \u00e0 l\u2019ancien gouverneur de l\u2019\u00c9tat, le tr\u00e8s mod\u00e9r\u00e9 (mais beaucoup plus connu) Andrew Cuomo.<\/p>\n<p class=\"asset asset-text\">Sur une ligne tr\u00e8s \u00e0 gauche, <a href=\"https:\/\/www.huffingtonpost.fr\/international\/article\/a-new-york-zohran-mamdani-remporte-la-primaire-democrate-pour-la-mairie-apres-une-campagne-sensation_251781.html\" target=\"_blank\" rel=\"noopener\">Zohran Mamdani<\/a> a d\u00e9nonc\u00e9 au cours de sa campagne \u00ab\u00a0le g\u00e9nocide en cours \u00e0 Gaza\u00a0\u00bb et s\u2019est emport\u00e9 contre les accusations d\u2019antis\u00e9mitisme dont il a fait l\u2019objet. L\u2019homme de 33\u00a0ans, qui se d\u00e9finit comme \u00ab\u00a0progressiste et musulman\u00a0\u00bb, fait partie d\u2019une organisation socialiste. Une raret\u00e9 aux \u00c9tats-Unis. Il est soutenu par des figures tr\u00e8s identifi\u00e9es comme le s\u00e9nateur <a href=\"https:\/\/www.huffingtonpost.fr\/international\/video\/sur-la-scene-de-coachella-bernie-sanders-appelle-les-jeunes-a-se-battre-pour-la-justice-face-a-donald-trump_248746.html\" target=\"_blank\" rel=\"noopener\">Bernie Sanders<\/a> ou Alexandria Ocasio-Cortez, et a fait campagne essentiellement contre la vie ch\u00e8re et pour la taxation des hauts revenus.<\/p>\n<p class=\"asset asset-text\">Ce qui lui vaut, de l\u2019autre c\u00f4t\u00e9 de l\u2019Atlantique, les louanges des cadres de La France insoumise. \u00ab\u00a0Zohran Mamdani a fait un score bien sup\u00e9rieur aux pr\u00e9visions des sondages. Il l\u2019a emport\u00e9 face \u00e0 un ponte de \u201ccentre-gauche\u201d soutenu par les chefs locaux du Parti d\u00e9mocrate tricheur\u00a0\u00bb, estime <a href=\"https:\/\/www.huffingtonpost.fr\/politique\/video\/ce-qu-a-vraiment-dit-jean-luc-melenchon-sur-la-langue-francaise-et-pourquoi-ca-fait-polemique_251739.html\" target=\"_blank\" rel=\"noopener\">Jean-Luc M\u00e9lenchon<\/a>.<\/p>\n<p class=\"asset asset-text\">Le parall\u00e8le avec la situation politique fran\u00e7aise saute aux yeux. Comment ne pas voir que l\u2019ex-candidat \u00e0 la pr\u00e9sidentielle parle un peu de lui-m\u00eame quand il salue Zohran Mamdani pour son r\u00e9sultat \u00ab\u00a0sup\u00e9rieur aux pr\u00e9visions des sondages\u00a0\u00bb\u00a0? On se souvient qu\u2019en 2022, il avait fustig\u00e9 les instituts qui l\u2019ont tous sous-estim\u00e9. En 2024, lors des \u00e9lections l\u00e9gislatives anticip\u00e9es, aucune grande maison n\u2019avait donn\u00e9 le Nouveau Front populaire en t\u00eate.<\/p>\n<p>                     \u00ab\u00a0Ne croyez pas les sondages\u00a0\u00bb, dit Manuel Bompard    <\/p>\n<p class=\"asset asset-text\">\u00ab\u00a0Les sondages lui donnaient 1\u00a0% en f\u00e9vrier, 10\u00a0% en mars, 20\u00a0% en mai et 32\u00a0% la semaine derni\u00e8re. Zohran Mamdani vient de r\u00e9aliser plus de 43\u00a0%. Ne croyez pas les sondages\u00a0\u00bb, soutient son bras droit, Manuel Bompard, dans un clin d\u2019\u0153il\u00a0\u00e9vident \u00e0 la France.<\/p>\n<p class=\"asset asset-text\">Quant \u00e0 la victoire par KO sur le centre-gauche, c\u2019est aussi un vieux r\u00eave de Jean-Luc M\u00e9lenchon, trop heureux d\u2019avoir r\u00e9uni 22\u00a0% des voix en 2022, soit onze fois plus que la candidate du Parti socialiste <a href=\"https:\/\/www.huffingtonpost.fr\/politique\/video\/resultats-presidentielle-2022-meme-a-paris-hidalgo-a-du-mal-a-passer-la-barre-des-2_194793.html\" target=\"_blank\" rel=\"noopener\">Anne Hidalgo<\/a>. Dans la bataille pour le leadership interne \u00e0 la gauche, toute victoire (m\u00eame \u00e0 des milliers de kilom\u00e8tres) sert de point d\u2019appui. Le m\u00eame refrain a d\u2019ailleurs \u00e9t\u00e9 repris par ses plus proches.<\/p>\n<p class=\"asset asset-text\">\u00ab\u00a0Face \u00e0 l\u2019extr\u00eame droite, seule une gauche claire, populaire et d\u00e9termin\u00e9e peut gagner. Partout\u00a0\u00bb, se r\u00e9jouit la d\u00e9put\u00e9e europ\u00e9enne Manon Aubry, quand la vice-pr\u00e9sidente LFI de l\u2019Assembl\u00e9e nationale Cl\u00e9mence Guett\u00e9 parle d\u2019une \u00ab\u00a0excellente nouvelle\u00a0\u00bb. La victoire interne de Zohran Mamdani, qui doit encore se confirmer le 4\u00a0novembre \u00e0 l\u2019occasion des \u00e9lections municipales, n\u2019est pas une \u00ab\u00a0surprise\u00a0\u00bb pour Mathilde Panot.<\/p>\n<p>                     \u00ab\u00a0Travail de fond\u00a0\u00bb et \u00ab\u00a0programme de rupture\u00a0\u00bb    <\/p>\n<p class=\"asset asset-text\">La pr\u00e9sidente du groupe LFI \u00e0 l\u2019Assembl\u00e9e estime que le socialiste am\u00e9ricain a op\u00e9r\u00e9 un \u00ab\u00a0travail de fond\u00a0\u00bb, d\u00e9fendu un \u00ab\u00a0programme de rupture\u00a0\u00bb sans \u00ab\u00a0compromission\u00a0\u00bb, fait \u00ab\u00a0campagne avec les gens plut\u00f4t qu\u2019avec l\u2019argent\u00a0\u00bb et permis, gr\u00e2ce \u00e0 un patient \u00ab\u00a0porte-\u00e0-porte\u00a0\u00bb de \u00ab\u00a0rallumer l\u2019espoir\u00a0\u00bb. \u00ab\u00a0C\u2019est la seule recette pour gagner face au n\u00e9olib\u00e9ralisme, \u00e0 l\u2019extr\u00eame droite et \u00e0 la r\u00e9signation\u00a0\u00bb, assure-t-elle.<\/p>\n<p class=\"asset asset-text\">Ce n\u2019est pas la premi\u00e8re fois que les insoumis tirent des le\u00e7ons (parfois h\u00e2tivement) de scrutins organis\u00e9s \u00e0 l\u2019\u00e9tranger. Apr\u00e8s la d\u00e9faite de Kamala Harris face \u00e0 Donald Trump, ils avaient reproch\u00e9 \u00e0 la candidate d\u00e9mocrate un manque de clart\u00e9 sur le fond\u00a0: l\u2019ancienne vice-pr\u00e9sidente de Joe Biden avait fait <a href=\"https:\/\/www.huffingtonpost.fr\/politique\/article\/apres-la-victoire-de-donald-trump-la-gauche-francaise-se-divise-sur-le-resultat-des-elections_241867.html\" target=\"_blank\" rel=\"noopener\">une campagne trop mod\u00e9r\u00e9e \u00e0 leurs yeux<\/a>. Lors de son p\u00e9riple aux \u00c9tats-Unis en avril, Jean-Luc M\u00e9lenchon s\u2019\u00e9tait entretenu avec Bernie Sanders.<\/p>\n","protected":false},"excerpt":{"rendered":"EMMANUEL DUNAND \/ AFP Jean-Luc M\u00e9lenchon salue la victoire de Zohran Mamdani \u00e0 la primaire d\u00e9mocrate de New&hellip;\n","protected":false},"author":2,"featured_media":203169,"comment_status":"","ping_status":"","sticky":false,"template":"","format":"standard","meta":{"footnotes":""},"categories":[5],"tags":[11,73,1011,27,14,3081,1023,415,12,316,28],"class_list":{"0":"post-203168","1":"post","2":"type-post","3":"status-publish","4":"format-standard","5":"has-post-thumbnail","7":"category-international","8":"tag-actualites","9":"tag-etats-unis","10":"tag-fr","11":"tag-france","12":"tag-international","13":"tag-jean-luc-melenchon","14":"tag-la-france-insoumise-lfi","15":"tag-new-york","16":"tag-news","17":"tag-politique","18":"tag-world"},"share_on_mastodon":{"url":"https:\/\/pubeurope.com\/@fr\/114743920869592144","error":""},"_links":{"self":[{"href":"https:\/\/www.europesays.com\/fr\/wp-json\/wp\/v2\/posts\/203168","targetHints":{"allow":["GET"]}}],"collection":[{"href":"https:\/\/www.europesays.com\/fr\/wp-json\/wp\/v2\/posts"}],"about":[{"href":"https:\/\/www.europesays.com\/fr\/wp-json\/wp\/v2\/types\/post"}],"author":[{"embeddable":true,"href":"https:\/\/www.europesays.com\/fr\/wp-json\/wp\/v2\/users\/2"}],"replies":[{"embeddable":true,"href":"https:\/\/www.europesays.com\/fr\/wp-json\/wp\/v2\/comments?post=203168"}],"version-history":[{"count":0,"href":"https:\/\/www.europesays.com\/fr\/wp-json\/wp\/v2\/posts\/203168\/revisions"}],"wp:featuredmedia":[{"embeddable":true,"href":"https:\/\/www.europesays.com\/fr\/wp-json\/wp\/v2\/media\/203169"}],"wp:attachment":[{"href":"https:\/\/www.europesays.com\/fr\/wp-json\/wp\/v2\/media?parent=203168"}],"wp:term":[{"taxonomy":"category","embeddable":true,"href":"https:\/\/www.europesays.com\/fr\/wp-json\/wp\/v2\/categories?post=203168"},{"taxonomy":"post_tag","embeddable":true,"href":"https:\/\/www.europesays.com\/fr\/wp-json\/wp\/v2\/tags?post=203168"}],"curies":[{"name":"wp","href":"https:\/\/api.w.org\/{rel}","templated":true}]}}