{"id":203174,"date":"2025-06-25T12:09:12","date_gmt":"2025-06-25T12:09:12","guid":{"rendered":"https:\/\/www.europesays.com\/fr\/203174\/"},"modified":"2025-06-25T12:09:12","modified_gmt":"2025-06-25T12:09:12","slug":"municipales-a-saint-etienne-le-rn-a-sa-tete-de-liste-pour-2026","status":"publish","type":"post","link":"https:\/\/www.europesays.com\/fr\/203174\/","title":{"rendered":"Municipales\u00a0\u00e0 Saint-Etienne : le RN a sa t\u00eate de liste pour 2026"},"content":{"rendered":"<p class=\"is-style-chapo\">A la fois Parisien et St\u00e9phanois o\u00f9 il a grandi et vit en partie, le nouveau d\u00e9l\u00e9gu\u00e9 d\u00e9partemental du RN, le jeune Corentin Jousserand m\u00e8nera une liste pour son parti aux Municipales 2026 \u00e0 Saint-Etienne. Il est le seul pour l\u2019instant \u2013 officiellement -, la d\u00e9claration d\u2019Eric Le Jaou\u00ebn pour Horizons \u00e9tant \u00e0 r\u00e9interroger depuis l\u2019annonce de l\u2019alliance de 7 partis \u00e0 droite et au centre le mois dernier. Tandis que cette union \u00e0 gauche reste \u00e0 concr\u00e9tiser avant m\u00eame de fixer une \u00e9ventuelle t\u00eate de liste commune.<\/p>\n<p><img fetchpriority=\"high\" decoding=\"async\" width=\"1024\" height=\"576\" src=\"https:\/\/www.europesays.com\/fr\/wp-content\/uploads\/2025\/06\/a2-1-1024x576.jpg\" alt=\"\" class=\"wp-image-79901\"  \/>La carri\u00e8re de Corentin Jousserand dans les coulisses de l\u2019Etat puis de la politique s\u2019est orient\u00e9e sur les questions \u00e9conomiques. \u00a9If M\u00e9dia \/ Xavier Alix<\/p>\n<p>En manque de \u00ab\u00a0profils cadre\u00a0\u00bb, ici, et comme souvent ailleurs, le Rassemblement National (RN) vient d\u2019en trouver un pour Saint-Etienne \u2013 et la Loire, puisqu\u2019il a succ\u00e9d\u00e9 il y a <a href=\"https:\/\/www.if-saint-etienne.fr\/breves\/au-rn-loire-corentin-jousserand-succede-a-michel-lucas\" target=\"_blank\" rel=\"noreferrer noopener\">peu<\/a> \u00e0 Michel Lucas en tant que d\u00e9l\u00e9gu\u00e9 d\u00e9partemental \u2013 en la personne de Corentin Jousserand. 28 ans seulement mais t\u00e9moignant d\u2019un minimum d\u2019exp\u00e9rience \u2013 certes relative mais pour son \u00e2ge \u2013 quant \u00e0 la \u00ab\u00a0chose publique\u00a0\u00bb, \u00e0 d\u00e9faut d\u2019afficher celle d\u2019un mandat \u00e9lectif. Natif dit-il de Saint-Etienne \u2013 \u00ab\u00a0j\u2019y ai grandi jusqu\u2019\u00e0 mes 18 ans\u00a0\u00bb -, ayant fr\u00e9quent\u00e9 le lyc\u00e9e Fauriel, le jeune homme est dipl\u00f4m\u00e9 de Sciences Po et d\u2019HEC (2017 \/ 21 avec une ann\u00e9e \u00e0 Austin au Texas) mais a manqu\u00e9 le concours qui en aurait fait un \u00e9narque. Parcours suffisant cependant pour int\u00e9grer les coulisses de l\u2019Etat. Via, d\u2019abord, un stage au cabinet du pr\u00e9fet d\u2019Evence Richard entre les \u00e9pisodes I et II du Covid.<\/p>\n<p>Puis un second, l\u2019automne suivant \u00e0 l\u2019Assembl\u00e9e nationale, aupr\u00e8s du pr\u00e9sident de la commission des finances avant un v\u00e9ritable poste en tant que charg\u00e9 de mission \u00ab\u00a0Relocalisation Industrie de Sant\u00e9\u00a0\u00bb \u00e0 la DGE du minist\u00e8re de l\u2019Economie et des Finances de janvier \u00e0 ao\u00fbt 2021. La ligne suivante du CV l\u2019emm\u00e8ne chez la start-up devenue licorne <a href=\"https:\/\/www.challenges.fr\/entreprise\/tech-numerique\/cette-start-up-veut-remplacer-les-big-pharma_886110\" target=\"_blank\" rel=\"noreferrer noopener\">Owkin<\/a> d\u2019octobre 2022 \u00e0 juin 2023 en tant que responsable de projet. Il fait alors son retour \u00e0 Bercy en tant que chef de projets \u00ab\u00a0Economie des territoires\u00a0\u00bb o\u00f9 il a travaill\u00e9 sur les probl\u00e9matiques de commerces et d\u2019attractivit\u00e9 des centres-villes (dispositifs Actions C\u0153ur de Ville et Petites Villes de demain) de juin 2023 \u00e0 septembre 2024. Il est depuis collaborateur parlementaire non en tant qu\u2019attach\u00e9 d\u2019un d\u00e9put\u00e9 RN mais comme employ\u00e9 par l\u2019ensemble du groupe RN \u00e0 l\u2019Assembl\u00e9e nationale, affect\u00e9 plus particuli\u00e8rement \u00e0 la commission des finances.<\/p>\n<p>Une attractivit\u00e9 \u00e0 restaurer<\/p>\n<p>\u00ab\u00a0Je passe 4 jours \u00e0 Paris et 3 ici, \u00e0 Saint-Etienne \u00bb, assure Corentin Jousserand qui avait fait ses d\u00e9buts politiques du c\u00f4t\u00e9 de Reconqu\u00eate et d\u2019\u00c9ric Zemmour qu\u2019il alimentait en \u00e9crits pour des \u00e9ditoriaux \u00e0 teneur \u00e9conomique\u2026 \u00ab\u00a0J\u2019ai poursuivi ce travail avec Reconqu\u00eate jusqu\u2019\u00e0 quelques mois avant la pr\u00e9sidentielle 2022 mais par la suite j\u2019ai quitt\u00e9 ce parti par d\u00e9saccord politique. J\u2019ai une fibre sociale\u00a0: et la position d\u2019Eric Zemmour sur la r\u00e9forme des retraites (le pr\u00e9sident de Reconqu\u00eate en revendique la paternit\u00e9, souhaitant m\u00eame augmenter encore l\u2019\u00e2ge de d\u00e9part,\u00a0Ndlr) ne me convenait pas.\u00a0\u00bb Corentin Jousserand poursuit alors son engagement politique avec le Rassemblement National (RN) au point donc de devenir son leader d\u00e9partemental. Et de se pr\u00e9senter \u2013 seul \u2013 face \u00e0 la presse locale il y a 10 jours comme, l\u2019unique t\u00eate de liste certaine d\u2019une formation aux <a href=\"https:\/\/www.if-saint-etienne.fr\/?s=municipales+2026\" target=\"_blank\" rel=\"noreferrer noopener\">Municipales 2026<\/a> \u00e0 Saint-Etienne (Eric Le Jaou\u00ebn l\u2019avait <a href=\"https:\/\/www.if-saint-etienne.fr\/breves\/municipales-2026-eric-le-jaouen-candidat\" target=\"_blank\" rel=\"noreferrer noopener\">annonc\u00e9<\/a> il y a plus de 4 mois et a commenc\u00e9 sa campagne pour Horizons mais son ralliement \u00e0 <a href=\"https:\/\/www.if-saint-etienne.fr\/politique-societe\/municipales-2026-a-saint-etienne-a-droite-et-au-centre-sept-dun-coup\" target=\"_blank\" rel=\"noreferrer noopener\">l\u2019alliance<\/a> de la droite et des centres remet en jeu cette attribution).<\/p>\n<p>C\u2019est un \u00ab\u00a0faisceau de facteurs\u00a0\u00bb qui l\u2019a motiv\u00e9 \u00e0 vouloir prendre en main ce qui a \u00e9t\u00e9 et reste sa ville. A commencer, pointe-t-il par restaure son \u00ab\u00a0attractivit\u00e9 tr\u00e8s clairement perdue ces derni\u00e8res ann\u00e9es. Je vois la diff\u00e9rence avec mes 18 ans\u2026 Il y a les si\u00e8ges sociaux qui partent, il y a toutes ces devantures de commerces ferm\u00e9es\u00a0: il suffit de se promener dans le centre-ville\u2026 La Municipalit\u00e9 affiche des chiffres (ceux de la CCI, Ndlr) contradictoires\u00a0? Ok\u2026 Il doit y avoir une forme de d\u00e9nis parce que tous les St\u00e9phanois et les commer\u00e7ants avec qui on \u00e9change voient autre chose\u2026\u00a0\u00bb Le fruit d\u2019une politique \u00e0 ses yeux, bien aggrav\u00e9e par \u00ab\u00a0l\u2019affaire\u00a0\u00bb de chantage dont 2026 doit lib\u00e9rer Saint-Etienne\u00a0: \u00ab\u00a0J\u2019ai travaill\u00e9 dans les minist\u00e8res et oui, h\u00e9las, cela un impact\u00a0: refus de visite de tel ministre, telle agence, d\u2019accorder telle enveloppe\u2026 C\u2019est sanctionner 400\u00a0000 st\u00e9phanois et m\u00e9tropolitains mais c\u2019est ainsi. Il faut redorer notre blason.\u00a0Il y a pourtant tellement de choses \u00e0 faire, un potentiel\u2026 Sur le tourisme, on n\u2019y est toujours pas\u00a0! \u00bb<\/p>\n<p>\u00ab Oui, nous pouvons prendre cette ville\u00a0\u00bb<\/p>\n<p>La \u00ab\u00a0s\u00e9curit\u00e9\u00a0\u00bb, th\u00e8me cher au RN, sera bien s\u00fbr de la partie. \u00ab\u00a0Les chiffres prouvant l\u2019explosion de la d\u00e9linquance sont l\u00e0, \u00e0 l\u2019\u00e9chelle de la Loire comme pour Saint-Etienne.\u00a0\u00bb Faut-il recruter massivement des policiers municipaux apr\u00e8s le doublement de leur effectif depuis 2014\u00a0? Y consacrer encore plus de cam\u00e9ras, une part du budget plus cons\u00e9quente\u00a0? \u00ab\u00a0Trop t\u00f4t\u00a0\u00bb pour r\u00e9pondre, le programme en cours d\u2019\u00e9laboration sera pr\u00e9sent\u00e9 apr\u00e8s l\u2019\u00e9t\u00e9, dans ses grandes lignes. Probablement une liste de noms arr\u00eat\u00e9e avec, aux \u00ab\u00a0profils diff\u00e9rents, de tous \u00e2ges et de toutes professions.\u00a0S\u2019il fallait l\u2019enregistrer demain \u00e0 la pr\u00e9fecture, ce serait possible. Mais nous prenons notre temps pour accentuer toujours des motivations les plus fortes possibles et des comp\u00e9tences qui sont d\u00e9j\u00e0 l\u00e0.\u00a0\u00bb Avec le concours de Debout la France, de l\u2019UDR, voire les restes de Reconqu\u00eate\u00a0? Contacts pris mais alliance (s) pas encore scell\u00e9es, r\u00e9pond C. Jousserand qui les voient mal jouer la concurrence.<\/p>\n<p>Dans un contexte incertain, sans doute comme jamais, (<a href=\"https:\/\/www.if-saint-etienne.fr\/immobilier-vie-juridique\/affaire-de-chantage-a-la-mairie-stephanoise-les-dates-du-proces-sont-tombees\" target=\"_blank\" rel=\"noreferrer noopener\">pr\u00e9sence<\/a> de Ga\u00ebl Perdriau, \u00ab\u00a0celui qui a permis de chasser l\u2019extr\u00eame droite du conseil municipal\u00a0\u00bb, comme il s\u2019est qualifi\u00e9 lui m\u00eame en conseil municipal ? Sinon, quelles alliance (s) \u00e0 gauche\u00a0?), croit-il r\u00e9ellement en ses chances\u00a0? Il le clame\u00a0: \u00ab Oui, nous pouvons prendre cette ville\u00a0\u00bb. Ou cette \u00e9lection de 2026 est-elle SA rampe de lancement\u00a0? Le score du RN en 2020 ne plaide pas pour la premi\u00e8re hypoth\u00e8se\u00a0: 9,24 % des suffrages exprim\u00e9s (2020 2\u00a0560 voix) \u00e0 Sophie Robert contre 18,9 % au 1er tour en <a href=\"https:\/\/www.archives-resultats-elections.interieur.gouv.fr\/resultats\/MN2014\/042\/042218.php\" target=\"_blank\" rel=\"noreferrer noopener\">2014<\/a> \u00e0 Gabriel de Peyrecave. Mais \u00e0 l\u2019image du tout petit score de LFI et associ\u00e9s il y a 5 ans (3,14 % pour Andr\u00e9e Taurinya), de l\u2019eau a coul\u00e9 sur tous les fronts\u00a0: 10\u202f623 voix, 24,65\u00a0% des exprim\u00e9es \u00e0 Saint-Etienne, aux <a href=\"https:\/\/www.archives-resultats-elections.interieur.gouv.fr\/resultats\/europeennes2024\/ensemble_geographique\/84\/42\/42218\/index.php\" target=\"_blank\" rel=\"noreferrer noopener\">Europ\u00e9ennes<\/a> 2024, \u00ab\u00a0plus haut score dans une cit\u00e9 de plus de 150\u00a0000 habitants hors Paca\u00a0\u00bb. 30 % si on ajoute les autres formations d\u2019extr\u00eame droite\u2026<\/p>\n<p>Les l\u00e9gislatives 2024 n\u2019ont pas d\u00e9menti la tendance m\u00eame s\u2019il convient de rappeler que les 1\u00e8re (6 328 voix ; 26,92  des <a href=\"https:\/\/www.archives-resultats-elections.interieur.gouv.fr\/resultats\/legislatives2024\/ensemble_geographique\/84\/42\/4201\/42218\/index.php\" target=\"_blank\" rel=\"noreferrer noopener\">exprim\u00e9es<\/a> au 1er tour) et 2e (8 595 voix ; 27,13 % des <a href=\"https:\/\/www.archives-resultats-elections.interieur.gouv.fr\/resultats\/legislatives2024\/ensemble_geographique\/84\/42\/4202\/index.php\" target=\"_blank\" rel=\"noreferrer noopener\">exprim\u00e9s<\/a> au 1er tour) circonscriptions de Saint-Etienne n\u2019arr\u00eatent pas leurs p\u00e9rim\u00e8tres \u00e0 la ville centre. Aussi bien \u00e0 la faveur qu\u2019\u00e0 la d\u00e9faveur du RN. L\u2019automne devrait lever \u00e0 Saint-Etienne cette bousculade d\u2019inconnues dont Corentin Jousserand, quel que soit, le scenario, pourrait clairement s\u2019extraire\u2026<\/p>\n","protected":false},"excerpt":{"rendered":"A la fois Parisien et St\u00e9phanois o\u00f9 il a grandi et vit en partie, le nouveau d\u00e9l\u00e9gu\u00e9 d\u00e9partemental&hellip;\n","protected":false},"author":2,"featured_media":203175,"comment_status":"","ping_status":"","sticky":false,"template":"","format":"standard","meta":{"footnotes":""},"categories":[9653],"tags":[1111,11,2430,31141,15916,2761,15917,1777,674,1011,27,12,34243,25,34244,4001],"class_list":{"0":"post-203174","1":"post","2":"type-post","3":"status-publish","4":"format-standard","5":"has-post-thumbnail","7":"category-saint-etienne","8":"tag-actu","9":"tag-actualites","10":"tag-auvergne-rhone-alpes","11":"tag-corentin-jousserand","12":"tag-electif","13":"tag-elections-municipales-2026","14":"tag-elections-municipales-saint-etienne","15":"tag-eu","16":"tag-europe","17":"tag-fr","18":"tag-france","19":"tag-news","20":"tag-rassemblement-national-loire","21":"tag-republique-francaise","22":"tag-rn-loire","23":"tag-saint-etienne"},"share_on_mastodon":{"url":"https:\/\/pubeurope.com\/@fr\/114743932571804242","error":""},"_links":{"self":[{"href":"https:\/\/www.europesays.com\/fr\/wp-json\/wp\/v2\/posts\/203174","targetHints":{"allow":["GET"]}}],"collection":[{"href":"https:\/\/www.europesays.com\/fr\/wp-json\/wp\/v2\/posts"}],"about":[{"href":"https:\/\/www.europesays.com\/fr\/wp-json\/wp\/v2\/types\/post"}],"author":[{"embeddable":true,"href":"https:\/\/www.europesays.com\/fr\/wp-json\/wp\/v2\/users\/2"}],"replies":[{"embeddable":true,"href":"https:\/\/www.europesays.com\/fr\/wp-json\/wp\/v2\/comments?post=203174"}],"version-history":[{"count":0,"href":"https:\/\/www.europesays.com\/fr\/wp-json\/wp\/v2\/posts\/203174\/revisions"}],"wp:featuredmedia":[{"embeddable":true,"href":"https:\/\/www.europesays.com\/fr\/wp-json\/wp\/v2\/media\/203175"}],"wp:attachment":[{"href":"https:\/\/www.europesays.com\/fr\/wp-json\/wp\/v2\/media?parent=203174"}],"wp:term":[{"taxonomy":"category","embeddable":true,"href":"https:\/\/www.europesays.com\/fr\/wp-json\/wp\/v2\/categories?post=203174"},{"taxonomy":"post_tag","embeddable":true,"href":"https:\/\/www.europesays.com\/fr\/wp-json\/wp\/v2\/tags?post=203174"}],"curies":[{"name":"wp","href":"https:\/\/api.w.org\/{rel}","templated":true}]}}