{"id":203180,"date":"2025-06-25T12:12:11","date_gmt":"2025-06-25T12:12:11","guid":{"rendered":"https:\/\/www.europesays.com\/fr\/203180\/"},"modified":"2025-06-25T12:12:11","modified_gmt":"2025-06-25T12:12:11","slug":"un-nouveau-modele-ferroviaire-pour-le-train-du-quotidien","status":"publish","type":"post","link":"https:\/\/www.europesays.com\/fr\/203180\/","title":{"rendered":"un nouveau mod\u00e8le ferroviaire pour le train du quotidien"},"content":{"rendered":"<p>Apr\u00e8s neuf ans de fermeture, la liaison TER num\u00e9ro\u00a014 entre Nancy et Contrex\u00e9ville est remise sur les rails \u00e0 la faveur d\u2019un contrat in\u00e9dit en France. La R\u00e9gion Grand Est, qui vient de reprendre la propri\u00e9t\u00e9 d\u2019une partie de <a href=\"https:\/\/www.estrepublicain.fr\/politique\/2024\/05\/24\/la-ligne-ferroviaire-14-reliant-nancy-a-contrexeville-va-rouvrir-en-decembre-2027\" target=\"_blank\" rel=\"noopener\">l\u2019infrastructure, va laisser un prestataire<\/a> unique exploiter, \u00e0 la fois, le service ferroviaire et la gestion du rail entre ces deux villes de Meurthe-et-Moselle et des Vosges. \u00ab\u00a0Apr\u00e8s la fermeture d\u2019une portion de la ligne en 2016, l\u2019enjeu \u00e9tait de rassembler des acteurs capables de faire rouler des trains et d\u2019assurer les travaux\u00a0\u00bb, explique David Valence, pr\u00e9sident de la commission transport, d\u00e9placement et infrastructure \u00e0 la R\u00e9gion Grand Est. Exit SNCF\u00a0: le prestataire retenu est la soci\u00e9t\u00e9 Nova 14 qui est compos\u00e9e de NGE (Nouvelles G\u00e9n\u00e9rations d\u2019Entrepreneurs), Transdev et de la Banque des territoires.<\/p>\n<p>70\u00a0km de rail \u00e0 refaire<\/p>\n<p>Cette sorte de partenariat public-priv\u00e9, entre la R\u00e9gion et Nova 14, a \u00e9t\u00e9 rendue possible par le nouveau pacte ferroviaire de 2018 qui a&#8230;<\/p>\n","protected":false},"excerpt":{"rendered":"Apr\u00e8s neuf ans de fermeture, la liaison TER num\u00e9ro\u00a014 entre Nancy et Contrex\u00e9ville est remise sur les rails&hellip;\n","protected":false},"author":2,"featured_media":203181,"comment_status":"","ping_status":"","sticky":false,"template":"","format":"standard","meta":{"footnotes":""},"categories":[9635],"tags":[1111,11,4749,4406,130,33,33522,1777,674,1011,27,329,775,3457,1702,12,3456,25,2803,216],"class_list":{"0":"post-203180","1":"post","2":"type-post","3":"status-publish","4":"format-standard","5":"has-post-thumbnail","7":"category-nancy","8":"tag-actu","9":"tag-actualites","10":"tag-btp-et-chantiers","11":"tag-commerce-et-services","12":"tag-consommation","13":"tag-economie","14":"tag-enquete-hors-service","15":"tag-eu","16":"tag-europe","17":"tag-fr","18":"tag-france","19":"tag-france-monde","20":"tag-grand-est","21":"tag-meurthe-et-moselle","22":"tag-nancy","23":"tag-news","24":"tag-region-lorraine","25":"tag-republique-francaise","26":"tag-transport","27":"tag-vie-des-entreprises"},"share_on_mastodon":{"url":"https:\/\/pubeurope.com\/@fr\/114743944354036628","error":""},"_links":{"self":[{"href":"https:\/\/www.europesays.com\/fr\/wp-json\/wp\/v2\/posts\/203180","targetHints":{"allow":["GET"]}}],"collection":[{"href":"https:\/\/www.europesays.com\/fr\/wp-json\/wp\/v2\/posts"}],"about":[{"href":"https:\/\/www.europesays.com\/fr\/wp-json\/wp\/v2\/types\/post"}],"author":[{"embeddable":true,"href":"https:\/\/www.europesays.com\/fr\/wp-json\/wp\/v2\/users\/2"}],"replies":[{"embeddable":true,"href":"https:\/\/www.europesays.com\/fr\/wp-json\/wp\/v2\/comments?post=203180"}],"version-history":[{"count":0,"href":"https:\/\/www.europesays.com\/fr\/wp-json\/wp\/v2\/posts\/203180\/revisions"}],"wp:featuredmedia":[{"embeddable":true,"href":"https:\/\/www.europesays.com\/fr\/wp-json\/wp\/v2\/media\/203181"}],"wp:attachment":[{"href":"https:\/\/www.europesays.com\/fr\/wp-json\/wp\/v2\/media?parent=203180"}],"wp:term":[{"taxonomy":"category","embeddable":true,"href":"https:\/\/www.europesays.com\/fr\/wp-json\/wp\/v2\/categories?post=203180"},{"taxonomy":"post_tag","embeddable":true,"href":"https:\/\/www.europesays.com\/fr\/wp-json\/wp\/v2\/tags?post=203180"}],"curies":[{"name":"wp","href":"https:\/\/api.w.org\/{rel}","templated":true}]}}