{"id":203182,"date":"2025-06-25T12:13:09","date_gmt":"2025-06-25T12:13:09","guid":{"rendered":"https:\/\/www.europesays.com\/fr\/203182\/"},"modified":"2025-06-25T12:13:09","modified_gmt":"2025-06-25T12:13:09","slug":"a-toulon-des-cambrioleurs-geolocalises-grace-a-un-telephone-vole-le-matin-meme-2","status":"publish","type":"post","link":"https:\/\/www.europesays.com\/fr\/203182\/","title":{"rendered":"\u00c0 Toulon, des cambrioleurs g\u00e9olocalis\u00e9s&#8230; gr\u00e2ce \u00e0 un t\u00e9l\u00e9phone vol\u00e9 le matin-m\u00eame"},"content":{"rendered":"<p>Trois cambrioleurs ont \u00e9t\u00e9 interpell\u00e9s par la brigade anticriminalit\u00e9 (Bac) de Toulon quelques heures apr\u00e8s un vol par effraction, commis au pr\u00e9judice d\u2019un restaurant de plage, a-t-on appris aupr\u00e8s de la police ce mercredi 25 juin.<\/p>\n<p>C\u2019est la g\u00e9olocalisation d\u2019un t\u00e9l\u00e9phone portable vol\u00e9 qui a permis de les appr\u00e9hender.<\/p>\n<p>Les faits remontent \u00e0 la nuit du samedi 21 au dimanche 22 juin, alors que l\u2019\u00e9tablissement avait baiss\u00e9 le rideau apr\u00e8s la f\u00eate de la musique.<\/p>\n<p>Le propri\u00e9taire du restaurant a \u00e9t\u00e9 alert\u00e9 par une soci\u00e9t\u00e9 de t\u00e9l\u00e9surveillance. Des enregistrements vid\u00e9o ont montr\u00e9 que trois individus ont forc\u00e9 une porte vitr\u00e9e, avant de se diriger vers le comptoir.<\/p>\n<p>Les malfaiteurs ont emport\u00e9 un fond de caisse, des bouteilles d\u2019alcool et quatre t\u00e9l\u00e9phones portables.<\/p>\n<p>La Bac et la police technique et scientifique ont \u00e9t\u00e9 mobilis\u00e9es d\u00e8s que la victime a donn\u00e9 l\u2019alerte dimanche matin.<\/p>\n<p>                                Prison avec sursis et travaux d\u2019int\u00e9r\u00eat g\u00e9n\u00e9ral<\/p>\n<p>La description des suspects et la g\u00e9olocalisation de l\u2019un des t\u00e9l\u00e9phones ont permis aux policiers de la Bac de remonter jusqu\u2019\u00e0 l\u2019un des suspects dans l\u2019apr\u00e8s-midi.<\/p>\n<p>Dans un v\u00e9hicule qui a pu servir \u00e0 commettre les faits, les policiers ont trouv\u00e9 des bouteilles d\u2019alcool et des outils.<\/p>\n<p>Les deux autres individus ont pu \u00eatre interpell\u00e9s quelques heures plus tard. Quatre t\u00e9l\u00e9phones portables et 500 euros en num\u00e9raire ont \u00e9t\u00e9 saisis.<\/p>\n<p>Les trois mis en cause \u00e2g\u00e9s d\u2019une vingtaine d\u2019ann\u00e9es ont \u00e9t\u00e9 condamn\u00e9s \u00e0 6 mois de prison avec sursis et \u00e0 des travaux d\u2019int\u00e9r\u00eat g\u00e9n\u00e9ral, pr\u00e9cise-t-on de source polici\u00e8re.<\/p>\n","protected":false},"excerpt":{"rendered":"Trois cambrioleurs ont \u00e9t\u00e9 interpell\u00e9s par la brigade anticriminalit\u00e9 (Bac) de Toulon quelques heures apr\u00e8s un vol par&hellip;\n","protected":false},"author":2,"featured_media":203053,"comment_status":"","ping_status":"","sticky":false,"template":"","format":"standard","meta":{"footnotes":""},"categories":[9619],"tags":[1111,11,1777,674,118,1011,27,303,12,882,25,2310],"class_list":{"0":"post-203182","1":"post","2":"type-post","3":"status-publish","4":"format-standard","5":"has-post-thumbnail","7":"category-toulon","8":"tag-actu","9":"tag-actualites","10":"tag-eu","11":"tag-europe","12":"tag-faits-divers","13":"tag-fr","14":"tag-france","15":"tag-justice","16":"tag-news","17":"tag-provence-alpes-cote-dazur","18":"tag-republique-francaise","19":"tag-toulon"},"share_on_mastodon":{"url":"https:\/\/pubeurope.com\/@fr\/114743948378437196","error":""},"_links":{"self":[{"href":"https:\/\/www.europesays.com\/fr\/wp-json\/wp\/v2\/posts\/203182","targetHints":{"allow":["GET"]}}],"collection":[{"href":"https:\/\/www.europesays.com\/fr\/wp-json\/wp\/v2\/posts"}],"about":[{"href":"https:\/\/www.europesays.com\/fr\/wp-json\/wp\/v2\/types\/post"}],"author":[{"embeddable":true,"href":"https:\/\/www.europesays.com\/fr\/wp-json\/wp\/v2\/users\/2"}],"replies":[{"embeddable":true,"href":"https:\/\/www.europesays.com\/fr\/wp-json\/wp\/v2\/comments?post=203182"}],"version-history":[{"count":0,"href":"https:\/\/www.europesays.com\/fr\/wp-json\/wp\/v2\/posts\/203182\/revisions"}],"wp:featuredmedia":[{"embeddable":true,"href":"https:\/\/www.europesays.com\/fr\/wp-json\/wp\/v2\/media\/203053"}],"wp:attachment":[{"href":"https:\/\/www.europesays.com\/fr\/wp-json\/wp\/v2\/media?parent=203182"}],"wp:term":[{"taxonomy":"category","embeddable":true,"href":"https:\/\/www.europesays.com\/fr\/wp-json\/wp\/v2\/categories?post=203182"},{"taxonomy":"post_tag","embeddable":true,"href":"https:\/\/www.europesays.com\/fr\/wp-json\/wp\/v2\/tags?post=203182"}],"curies":[{"name":"wp","href":"https:\/\/api.w.org\/{rel}","templated":true}]}}