{"id":203183,"date":"2025-06-25T12:14:12","date_gmt":"2025-06-25T12:14:12","guid":{"rendered":"https:\/\/www.europesays.com\/fr\/203183\/"},"modified":"2025-06-25T12:14:12","modified_gmt":"2025-06-25T12:14:12","slug":"le-toulonnais-accuse-par-sa-belle-famille-dun-suicide-force-definitivement-blanchi","status":"publish","type":"post","link":"https:\/\/www.europesays.com\/fr\/203183\/","title":{"rendered":"Le Toulonnais accus\u00e9 par sa belle-famille d\u2019un \u00ab\u00a0suicide forc\u00e9\u00a0\u00bb d\u00e9finitivement blanchi"},"content":{"rendered":"<p>L\u2019une des premi\u00e8res plaintes d\u00e9pos\u00e9e en France pour \u00ab\u00a0suicide forc\u00e9\u00a0\u00bb n\u2019a pas r\u00e9sist\u00e9 aux conclusions de l\u2019enqu\u00eate ouverte \u00e0 Toulon. Plus de quatre ans apr\u00e8s la mort d\u2019Odile, retrouv\u00e9e agonisante sur la plage de La Mitre, son mari a b\u00e9n\u00e9fici\u00e9 d\u2019un non-lieu pour insuffisance de charges. Pendant l\u2019instruction, il n\u2019avait pas \u00e9t\u00e9 mis en examen et avait \u00e9t\u00e9 seulement plac\u00e9 sous le statut de t\u00e9moin assist\u00e9.<\/p>\n<p>C\u2019est l\u2019\u00e9pilogue d\u2019une affaire qui avait eu un certain \u00e9cho m\u00e9diatique. \u00a0\u00bb Quand on vous dit le lundi matin \u201ctiens, il y a Dany Boon qui a parl\u00e9 de toi (sans le nommer, Ndlr) chez L\u00e9a Salam\u00e9\u00a0\u00bb, c\u2019est dur\u00a0\u00bb, soupire Me Bertrand Pin, l\u2019avocat de l\u2019\u00e9poux mis hors de cause, alors que <a href=\"https:\/\/www.varmatin.com\/faits-de-societe\/elle-setait-suicidee-sur-une-plage-de-toulon-dany-boon-rend-hommage-a-odile-841856?t=1750342098\" rel=\"nofollow noopener\" target=\"_blank\">l\u2019humoriste avait lu un texte soutenant la th\u00e8se d\u2019un f\u00e9minicide<\/a> dans un talk-show du samedi soir.<\/p>\n<p>\u00a0\u00bb Mon client a v\u00e9cu tr\u00e8s difficilement cette p\u00e9riode, il va enfin pouvoir faire son deuil\u00a0\u00bb, poursuit le p\u00e9naliste toulonnais. Et de r\u00e9sumer ainsi ce dossier: \u00a0\u00bb Quatre ans et demi de proc\u00e9dure pour rien, pour s\u2019acharner sur un homme qui a d\u00fb se d\u00e9fendre pour prouver que les accusations \u00e9taient fantaisistes et mensong\u00e8res.\u00a0\u00bb<\/p>\n<p>                                <strong>Pas de faits d\u00e9montr\u00e9s et une fragilit\u00e9 psychologique<\/strong><\/p>\n<p>Quatre membres de la famille d\u2019Odile, qui a mis fin \u00e0 ses jours en absorbant une dose massive de m\u00e9dicaments le 1er janvier 2021, avaient obtenu <a href=\"https:\/\/www.varmatin.com\/faits-divers\/la-famille-dodile-morte-a-toulon-obtient-louverture-dune-enquete-pour-suicide-force-711783?t=1750354031\" rel=\"nofollow noopener\" target=\"_blank\">l\u2019ouverture d\u2019une information judiciaire<\/a> pour \u00ab\u00a0harc\u00e8lement moral par conjoint ayant entra\u00een\u00e9 le suicide de la victime\u00a0\u00bb, un d\u00e9lit reconnu par la loi depuis 2020.<\/p>\n<p>Les plaignants soutenaient qu\u2019Odile s\u2019\u00e9tait \u00e9loign\u00e9e d\u2019eux \u00e0 cause de l\u2019homme qu\u2019elle avait \u00e9pous\u00e9 en 2011. Les liens ont ainsi \u00e9t\u00e9 rompus pendant pr\u00e8s de dix ans. Selon eux, Odile \u00e9tait sous l\u2019emprise psychologique de son mari d\u00e9peint comme un tyran domestique. Plusieurs t\u00e9moins avaient corrobor\u00e9 ce portrait <a href=\"https:\/\/www.varmatin.com\/faits-divers\/accuse-publiquement-davoir-pousse-son-epouse-au-suicide-un-toulonnais-se-defend-706935\" rel=\"nofollow noopener\" target=\"_blank\">contest\u00e9 par le mis en cause<\/a>.<\/p>\n<p>\u00ab\u00a0La majorit\u00e9 des d\u00e9positions repose sur des impressions ou des t\u00e9moignages indirects (&#8230;) Aucun t\u00e9moignage ne pr\u00e9sente de faits concrets d\u00e9montrant des actes de harc\u00e8lement moral exerc\u00e9s de mani\u00e8re syst\u00e9matique\u00a0\u00bb, a cependant relev\u00e9 l\u2019enqu\u00eate. \u00ab\u00a0Il y a eu des tensions comme dans tous les couples, mais pas d\u2019actes intentionnels r\u00e9p\u00e9t\u00e9s et d\u00e9gradants\u00a0\u00bb, enfonce Me Pin.<\/p>\n<p>Le dossier m\u00e9dical de la d\u00e9funte et les expertises judiciaires ont en outre mis en relief la fragilit\u00e9 psychiatrique d\u2019Odile, sous traitement psychotrope lourd. Les experts ont point\u00e9 <strong>les troubles dont elle souffrait \u00ab\u00a0depuis l\u2019adolescence\u00a0\u00bb<\/strong>. De quoi constituer, au regard de la justice, \u00ab\u00a0le facteur principal et autonome de son passage \u00e0 l\u2019acte\u00a0\u00bb.<\/p>\n","protected":false},"excerpt":{"rendered":"L\u2019une des premi\u00e8res plaintes d\u00e9pos\u00e9e en France pour \u00ab\u00a0suicide forc\u00e9\u00a0\u00bb n\u2019a pas r\u00e9sist\u00e9 aux conclusions de l\u2019enqu\u00eate ouverte&hellip;\n","protected":false},"author":2,"featured_media":203184,"comment_status":"","ping_status":"","sticky":false,"template":"","format":"standard","meta":{"footnotes":""},"categories":[9619],"tags":[1111,11,1777,674,118,1011,27,303,12,882,25,2310],"class_list":{"0":"post-203183","1":"post","2":"type-post","3":"status-publish","4":"format-standard","5":"has-post-thumbnail","7":"category-toulon","8":"tag-actu","9":"tag-actualites","10":"tag-eu","11":"tag-europe","12":"tag-faits-divers","13":"tag-fr","14":"tag-france","15":"tag-justice","16":"tag-news","17":"tag-provence-alpes-cote-dazur","18":"tag-republique-francaise","19":"tag-toulon"},"share_on_mastodon":{"url":"https:\/\/pubeurope.com\/@fr\/114743952248564226","error":""},"_links":{"self":[{"href":"https:\/\/www.europesays.com\/fr\/wp-json\/wp\/v2\/posts\/203183","targetHints":{"allow":["GET"]}}],"collection":[{"href":"https:\/\/www.europesays.com\/fr\/wp-json\/wp\/v2\/posts"}],"about":[{"href":"https:\/\/www.europesays.com\/fr\/wp-json\/wp\/v2\/types\/post"}],"author":[{"embeddable":true,"href":"https:\/\/www.europesays.com\/fr\/wp-json\/wp\/v2\/users\/2"}],"replies":[{"embeddable":true,"href":"https:\/\/www.europesays.com\/fr\/wp-json\/wp\/v2\/comments?post=203183"}],"version-history":[{"count":0,"href":"https:\/\/www.europesays.com\/fr\/wp-json\/wp\/v2\/posts\/203183\/revisions"}],"wp:featuredmedia":[{"embeddable":true,"href":"https:\/\/www.europesays.com\/fr\/wp-json\/wp\/v2\/media\/203184"}],"wp:attachment":[{"href":"https:\/\/www.europesays.com\/fr\/wp-json\/wp\/v2\/media?parent=203183"}],"wp:term":[{"taxonomy":"category","embeddable":true,"href":"https:\/\/www.europesays.com\/fr\/wp-json\/wp\/v2\/categories?post=203183"},{"taxonomy":"post_tag","embeddable":true,"href":"https:\/\/www.europesays.com\/fr\/wp-json\/wp\/v2\/tags?post=203183"}],"curies":[{"name":"wp","href":"https:\/\/api.w.org\/{rel}","templated":true}]}}