{"id":203189,"date":"2025-06-25T12:20:17","date_gmt":"2025-06-25T12:20:17","guid":{"rendered":"https:\/\/www.europesays.com\/fr\/203189\/"},"modified":"2025-06-25T12:20:17","modified_gmt":"2025-06-25T12:20:17","slug":"nominations-xavier-rabanel-amelie-clement-stephane-richard-les-mouvements-du-jour","status":"publish","type":"post","link":"https:\/\/www.europesays.com\/fr\/203189\/","title":{"rendered":"Nominations. Xavier Rabanel, Am\u00e9lie Cl\u00e9ment, St\u00e9phane Richard&#8230; : les mouvements du jour"},"content":{"rendered":"<p>  &#13;<br \/>\n      <a href=\"https:\/\/cdn-s-www.ledauphine.com\/images\/891dcdf8-bbb2-496b-9550-151fe1051681\/NW_raw\/avec-nomination-premier-service-d-informations-sur-les-decideurs-en-france-de-veille-strategique-et-de-mise-en-relation-business-to-business-1747303097.jpg\" title=\"Avec Nomination, premier service d&#039;informations sur les d\u00e9cideurs en France, de veille strat\u00e9gique et de mise en relation Business-to-Business.\" class=\"chocolat-image GA-tracking\" data-ga_type=\"click\" data-ga_category=\"D\u00e9tail\" data-ga_action=\"zoomer\" data-ga_label=\"agrandir image\" target=\"_blank\" rel=\"noopener\">&#13;<br \/>\n          <img loading=\"lazy\" decoding=\"async\" src=\"https:\/\/www.europesays.com\/fr\/wp-content\/uploads\/2025\/06\/avec-nomination-premier-service-d-informations-sur-les-decideurs-en-france-de-veille-strategique-et-.jpeg\" data-mobile=\"NW_listC_M|1747303097\" data-base=\"NW_listC|1747303097\" alt=\"Avec Nomination, premier service d'informations sur les d\u00e9cideurs en France, de veille strat\u00e9gique et de mise en relation Business-to-Business.\"\/>&#13;<br \/>\n      <\/a>&#13;<\/p>\n<p>Avec Nomination, premier service d&rsquo;informations sur les d\u00e9cideurs en France, de veille strat\u00e9gique et de mise en relation Business-to-Business.<\/p>\n<p>&#13;<\/p>\n<p>  R\u00e9gion\u00a0: Xavier Rabanel \u00e9lu pr\u00e9sident du p\u00f4le de comp\u00e9titivit\u00e9 Tenerrdis<\/p>\n<p id=\"block-jde2-article-metadata\">Le Conseil d\u2019administration de Tenerrdis a d\u00e9sign\u00e9 Xavier Rabanel, d\u00e9l\u00e9gu\u00e9 industrie et territoire Auvergne-Rh\u00f4ne-Alpes pour EDF, comme nouveau pr\u00e9sident du p\u00f4le de comp\u00e9titivit\u00e9.<\/p>\n<p>Ing\u00e9nieur depuis plus de 20 ans dans les secteurs de l\u2019\u00e9nergie et de l\u2019industrie, ce dernier poss\u00e8de une\u00a0longue exp\u00e9rience dans les enjeux de transition \u00e9nerg\u00e9tique et le d\u00e9veloppement d\u2019activit\u00e9s.<\/p>\n<p>\u00ab Tenerrdis est centr\u00e9 sur un enjeu crucial : la transition \u00e9nerg\u00e9tique pour un avenir bas carbone. Sur ce sujet complexe, exigeant et porteur d\u2019innovation, les entreprises ont plus que jamais besoin d\u2019\u00eatre f\u00e9d\u00e9r\u00e9es, anim\u00e9es, inform\u00e9es et accompagn\u00e9es. Le r\u00f4le que joue Tenerrdis pour mobiliser les acteurs et catalyser les projets est essentiel. Mon engagement sera guid\u00e9 par une ambition claire : faire de Tenerrdis un levier toujours plus efficace au service de l\u2019innovation et de l\u2019impact concret sur les territoires \u00bb, confie notamment Xavier Rabanel, qui prend la suite de Julien Fran\u00e7ais, qui a pass\u00e9 10 ans \u00e0 la t\u00eate du conseil d\u2019administration p\u00f4le.<\/p>\n","protected":false},"excerpt":{"rendered":"&#13; &#13; &#13; &#13; Avec Nomination, premier service d&rsquo;informations sur les d\u00e9cideurs en France, de veille strat\u00e9gique et&hellip;\n","protected":false},"author":2,"featured_media":185082,"comment_status":"","ping_status":"","sticky":false,"template":"","format":"standard","meta":{"footnotes":""},"categories":[9566],"tags":[1111,11,2430,9810,33,1777,674,1011,27,2731,12,9350,25,216],"class_list":{"0":"post-203189","1":"post","2":"type-post","3":"status-publish","4":"format-standard","5":"has-post-thumbnail","7":"category-grenoble","8":"tag-actu","9":"tag-actualites","10":"tag-auvergne-rhone-alpes","11":"tag-direct-entreprises","12":"tag-economie","13":"tag-eu","14":"tag-europe","15":"tag-fr","16":"tag-france","17":"tag-grenoble","18":"tag-news","19":"tag-nominations","20":"tag-republique-francaise","21":"tag-vie-des-entreprises"},"share_on_mastodon":{"url":"https:\/\/pubeurope.com\/@fr\/114743975988607753","error":""},"_links":{"self":[{"href":"https:\/\/www.europesays.com\/fr\/wp-json\/wp\/v2\/posts\/203189","targetHints":{"allow":["GET"]}}],"collection":[{"href":"https:\/\/www.europesays.com\/fr\/wp-json\/wp\/v2\/posts"}],"about":[{"href":"https:\/\/www.europesays.com\/fr\/wp-json\/wp\/v2\/types\/post"}],"author":[{"embeddable":true,"href":"https:\/\/www.europesays.com\/fr\/wp-json\/wp\/v2\/users\/2"}],"replies":[{"embeddable":true,"href":"https:\/\/www.europesays.com\/fr\/wp-json\/wp\/v2\/comments?post=203189"}],"version-history":[{"count":0,"href":"https:\/\/www.europesays.com\/fr\/wp-json\/wp\/v2\/posts\/203189\/revisions"}],"wp:featuredmedia":[{"embeddable":true,"href":"https:\/\/www.europesays.com\/fr\/wp-json\/wp\/v2\/media\/185082"}],"wp:attachment":[{"href":"https:\/\/www.europesays.com\/fr\/wp-json\/wp\/v2\/media?parent=203189"}],"wp:term":[{"taxonomy":"category","embeddable":true,"href":"https:\/\/www.europesays.com\/fr\/wp-json\/wp\/v2\/categories?post=203189"},{"taxonomy":"post_tag","embeddable":true,"href":"https:\/\/www.europesays.com\/fr\/wp-json\/wp\/v2\/tags?post=203189"}],"curies":[{"name":"wp","href":"https:\/\/api.w.org\/{rel}","templated":true}]}}