{"id":203195,"date":"2025-06-25T12:24:12","date_gmt":"2025-06-25T12:24:12","guid":{"rendered":"https:\/\/www.europesays.com\/fr\/203195\/"},"modified":"2025-06-25T12:24:12","modified_gmt":"2025-06-25T12:24:12","slug":"la-meinau-est-en-fete-ce-samedi","status":"publish","type":"post","link":"https:\/\/www.europesays.com\/fr\/203195\/","title":{"rendered":"la Meinau est en f\u00eate ce samedi"},"content":{"rendered":"<p>Deux \u00e9v\u00e9nements pour le prix d\u2019un\u00a0! Ce samedi 28\u00a0juin, la Jeep et le CSC Meinau organisent sur le parvis du centre socioculturel une nouvelle \u00e9dition du <a href=\"https:\/\/www.dna.fr\/culture-loisirs\/2022\/07\/07\/premiere-edition-du-festival-des-talents-a-la-meinau\" target=\"_blank\" rel=\"nofollow noopener\">Festival des talents<\/a> et de la Meinau en f\u00eate. <\/p>\n<p>Le premier d\u00e9butera \u00e0 14\u00a0h avec un floril\u00e8ge d\u2019animations et de concours, entre foot, corde \u00e0 sauter et jeux coop\u00e9ratifs. Apr\u00e8s une remise des prix \u00e0 17 h, pour f\u00e9liciter les gagnants, des d\u00e9monstrations de chant, rap, musique et danse seront propos\u00e9es de 18\u00a0h \u00e0 20\u00a0h. Il sera \u00e9galement possible de d\u00e9couvrir des expositions artistiques toute l\u2019apr\u00e8s-midi.<\/p>\n<p>Ce contenu est bloqu\u00e9 car vous n&rsquo;avez pas accept\u00e9 les cookies et autres traceurs.<\/p>\n<p>En cliquant sur \u00ab J\u2019accepte \u00bb, les cookies et autres traceurs seront d\u00e9pos\u00e9s et vous pourrez visualiser les contenus  (<a href=\"\" class=\"consentModule_policy\" target=\"_blank\" title=\"Consulter la politique de protection des donn\u00e9es du fournisseur\">plus d&rsquo;informations<\/a>).<\/p>\n<p>En cliquant sur \u00ab J\u2019accepte tous les cookies \u00bb, vous autorisez des d\u00e9p\u00f4ts de cookies et autres traceurs pour le stockage de vos donn\u00e9es sur nos sites et applications \u00e0 des fins de personnalisation et de ciblage publicitaire.<\/p>\n<p class=\"consentModule_secondaryText\">Vous gardez la possibilit\u00e9 de retirer votre consentement \u00e0 tout moment en consultant notre <a href=\"https:\/\/www.dna.fr\/protection-des-donnees\" target=\"_blank\" title=\"Consulter notre politique de protection des donn\u00e9es\" rel=\"nofollow noopener\">politique de protection des donn\u00e9es<\/a>. <br \/>&#13;<br \/>\n            <a href=\"https:\/\/www.dna.fr\/culture-loisirs\/2025\/06\/25\/javascript:Didomi.notice.show()\" class=\"consentModule_cmp\" rel=\"nofollow noopener\" target=\"_blank\">G\u00e9rer mes choix<\/a>&#13;\n        <\/p>\n<p>&#13;<br \/>\n                        J&rsquo;accepte&#13;<br \/>\n            J&rsquo;accepte tous les cookies&#13;\n        <\/p>\n<p>En parall\u00e8le, la Meinau en f\u00eate proposera une kermesse pour les enfants de 16\u00a0h \u00e0 20\u00a0h. S\u2019ensuivra une soir\u00e9e dansante et musicale pour petits et grands. De la restauration sera propos\u00e9e sur place. Une nouvelle occasion de profiter du quartier en famille ou entre amis apr\u00e8s la f\u00eate du parc Schulmeister.<\/p>\n","protected":false},"excerpt":{"rendered":"Deux \u00e9v\u00e9nements pour le prix d\u2019un\u00a0! Ce samedi 28\u00a0juin, la Jeep et le CSC Meinau organisent sur le&hellip;\n","protected":false},"author":2,"featured_media":203196,"comment_status":"","ping_status":"","sticky":false,"template":"","format":"standard","meta":{"footnotes":""},"categories":[2820],"tags":[1111,11,1687,2880,1777,674,3326,107,1011,27,775,12,25,3140,640,2879],"class_list":{"0":"post-203195","1":"post","2":"type-post","3":"status-publish","4":"format-standard","5":"has-post-thumbnail","7":"category-strasbourg","8":"tag-actu","9":"tag-actualites","10":"tag-culture-loisirs","11":"tag-edition-strasbourg","12":"tag-eu","13":"tag-europe","14":"tag-fete-locale","15":"tag-fil-info","16":"tag-fr","17":"tag-france","18":"tag-grand-est","19":"tag-news","20":"tag-republique-francaise","21":"tag-spectacle","22":"tag-strasbourg","23":"tag-strasbourg-ville"},"share_on_mastodon":{"url":"https:\/\/pubeurope.com\/@fr\/114743991608640408","error":""},"_links":{"self":[{"href":"https:\/\/www.europesays.com\/fr\/wp-json\/wp\/v2\/posts\/203195","targetHints":{"allow":["GET"]}}],"collection":[{"href":"https:\/\/www.europesays.com\/fr\/wp-json\/wp\/v2\/posts"}],"about":[{"href":"https:\/\/www.europesays.com\/fr\/wp-json\/wp\/v2\/types\/post"}],"author":[{"embeddable":true,"href":"https:\/\/www.europesays.com\/fr\/wp-json\/wp\/v2\/users\/2"}],"replies":[{"embeddable":true,"href":"https:\/\/www.europesays.com\/fr\/wp-json\/wp\/v2\/comments?post=203195"}],"version-history":[{"count":0,"href":"https:\/\/www.europesays.com\/fr\/wp-json\/wp\/v2\/posts\/203195\/revisions"}],"wp:featuredmedia":[{"embeddable":true,"href":"https:\/\/www.europesays.com\/fr\/wp-json\/wp\/v2\/media\/203196"}],"wp:attachment":[{"href":"https:\/\/www.europesays.com\/fr\/wp-json\/wp\/v2\/media?parent=203195"}],"wp:term":[{"taxonomy":"category","embeddable":true,"href":"https:\/\/www.europesays.com\/fr\/wp-json\/wp\/v2\/categories?post=203195"},{"taxonomy":"post_tag","embeddable":true,"href":"https:\/\/www.europesays.com\/fr\/wp-json\/wp\/v2\/tags?post=203195"}],"curies":[{"name":"wp","href":"https:\/\/api.w.org\/{rel}","templated":true}]}}